{"id":137371,"date":"2025-05-29T17:56:14","date_gmt":"2025-05-29T17:56:14","guid":{"rendered":"https:\/\/www.europesays.com\/fr\/137371\/"},"modified":"2025-05-29T17:56:14","modified_gmt":"2025-05-29T17:56:14","slug":"marche-medieval-musique-demonstrations-cest-parti-pour-trois-jours-de-fetes-jeanne-darc-a-rouen","status":"publish","type":"post","link":"https:\/\/www.europesays.com\/fr\/137371\/","title":{"rendered":"March\u00e9 m\u00e9di\u00e9val, musique, d\u00e9monstrations&#8230; C&rsquo;est parti pour trois jours de F\u00eates Jeanne d&rsquo;Arc \u00e0 Rouen"},"content":{"rendered":"<p>            Par<br \/>\n        <strong><br \/>\n            <a href=\"https:\/\/actu.fr\/auteur\/fmass\" title=\"Consulter tous les articles de Fabien Massin\" rel=\"nofollow noopener\" target=\"_blank\">Fabien Massin<\/a><br \/>\n        <\/strong><\/p>\n<p>        Publi\u00e9 le<\/p>\n<p>            29 mai 2025 \u00e0 18h14        <\/p>\n<p>Un temps cl\u00e9ment, un jour f\u00e9ri\u00e9, le plein d\u2019animations, et logiquement le public a largement r\u00e9pondu pr\u00e9sent au cours du premier jour des <a href=\"https:\/\/actu.fr\/normandie\/rouen_76540\/les-fetes-jeanne-d-arc-c-est-ce-weekend-a-rouen-cinq-bonnes-raisons-pour-y-aller_62692037.html\" rel=\"nofollow noopener\" target=\"_blank\">F\u00eates Jeanne d\u2019Arc et m\u00e9di\u00e9vales<\/a> de <a href=\"https:\/\/actu.fr\/normandie\/rouen_76540\" rel=\"nofollow noopener\" target=\"_blank\">Rouen (Seine-Maritime)<\/a>, jeudi 19 mai 2025. <strong>Et cela dure jusqu\u2019\u00e0 samedi<\/strong>.<\/p>\n<p>Chevaliers, musiciens, danseurs\u2026<\/p>\n<p class=\" wall-content\">Pendant encore deux jours, rue Jeanne d\u2019Arc, esplanade Marcel-Duchamp, sur le parvis de la cath\u00e9drale, place du Vieux-March\u00e9, square Verdrel ou encore place de la Pucelle, on croise ainsi des <strong>chevaliers, des animaux, des troubadours, des forgerons, des musiciens et des danseurs.\u00a0<\/strong><\/p>\n<p class=\" wall-content\">On peut \u00e9galement faire des emplettes m\u00e9di\u00e9vales dans les nombreux \u00e9tals, participer \u00e0 des d\u00e9monstration diverses<a href=\"https:\/\/actu.fr\/normandie\/rouen_76540\/les-fetes-jeanne-d-arc-c-est-ce-weekend-a-rouen-cinq-bonnes-raisons-pour-y-aller_62692037.html\" rel=\"nofollow noopener\" target=\"_blank\"> (les enfants ont de quoi faire)<\/a>, \u00e9couter de la musique et \u00e9galement faire une pause dans les tavernes install\u00e9es devant le Mus\u00e9e des beaux-arts.\u00a0<\/p>\n<p>Suivez l\u2019actualit\u00e9 de Rouen sur notre <a href=\"https:\/\/www.whatsapp.com\/channel\/0029VaKfnf99hXF2ddApFB1D\" rel=\"nofollow noopener\" target=\"_blank\">cha\u00eene WhatsApp<\/a> et sur notre <a href=\"https:\/\/www.tiktok.com\/@76actu.fr?lang=fr\" rel=\"nofollow noopener\" target=\"_blank\">compte TikTok<\/a><\/p>\n<p class=\" wall-content\">Suivez toute l\u2019actualit\u00e9 de vos villes et m\u00e9dias favoris en vous inscrivant \u00e0 <a href=\"https:\/\/moncompte.actu.fr\" title=\"D\u00e9couvez Mon Actu\" rel=\"nofollow noopener\" data-trk=\"{&quot;cta&quot;:{&quot;action&quot;:&quot;https:\\\/\\\/moncompte.actu.fr&quot;,&quot;category&quot;:&quot;mon compte&quot;,&quot;from&quot;:&quot;article footer&quot;,&quot;name&quot;:&quot;Mon actu&quot;,&quot;type&quot;:&quot;cta&quot;}}\" target=\"_blank\">Mon Actu<\/a>.<\/p>\n<ul class=\"ac-article-tag wall-content\">\n<li><a href=\"https:\/\/actu.fr\/tag\/jeanne-d-arc\" data-trk=\"{&quot;cta&quot;:{&quot;action&quot;:&quot;Jeanne d\\u2019Arc&quot;,&quot;category&quot;:&quot;tag&quot;,&quot;from&quot;:&quot;article footer&quot;,&quot;name&quot;:&quot;Jeanne d\\u2019Arc&quot;,&quot;type&quot;:&quot;cta&quot;}}\" rel=\"nofollow noopener\" target=\"_blank\">#Jeanne d\u2019Arc<\/a><\/li>\n<li><a href=\"https:\/\/actu.fr\/tag\/patrimoine\" data-trk=\"{&quot;cta&quot;:{&quot;action&quot;:&quot;Patrimoine&quot;,&quot;category&quot;:&quot;tag&quot;,&quot;from&quot;:&quot;article footer&quot;,&quot;name&quot;:&quot;Patrimoine&quot;,&quot;type&quot;:&quot;cta&quot;}}\" rel=\"nofollow noopener\" target=\"_blank\">#Patrimoine<\/a><\/li>\n<\/ul>\n<p>                    <script async src=\"\/\/www.tiktok.com\/embed.js\"><\/script><\/p>\n","protected":false},"excerpt":{"rendered":"Par Fabien Massin Publi\u00e9 le 29 mai 2025 \u00e0 18h14 Un temps cl\u00e9ment, un jour f\u00e9ri\u00e9, le plein&hellip;\n","protected":false},"author":2,"featured_media":137372,"comment_status":"","ping_status":"","sticky":false,"template":"","format":"standard","meta":{"footnotes":""},"categories":[9587],"tags":[1111,11,1777,674,1011,27,14168,1652,12,5161,2551,25,9590],"class_list":{"0":"post-137371","1":"post","2":"type-post","3":"status-publish","4":"format-standard","5":"has-post-thumbnail","7":"category-rouen","8":"tag-actu","9":"tag-actualites","10":"tag-eu","11":"tag-europe","12":"tag-fr","13":"tag-france","14":"tag-jeanne-darc","15":"tag-loisirs-culture","16":"tag-news","17":"tag-normandie","18":"tag-patrimoine","19":"tag-republique-francaise","20":"tag-rouen"},"share_on_mastodon":{"url":"https:\/\/pubeurope.com\/@fr\/114592414872937910","error":""},"_links":{"self":[{"href":"https:\/\/www.europesays.com\/fr\/wp-json\/wp\/v2\/posts\/137371","targetHints":{"allow":["GET"]}}],"collection":[{"href":"https:\/\/www.europesays.com\/fr\/wp-json\/wp\/v2\/posts"}],"about":[{"href":"https:\/\/www.europesays.com\/fr\/wp-json\/wp\/v2\/types\/post"}],"author":[{"embeddable":true,"href":"https:\/\/www.europesays.com\/fr\/wp-json\/wp\/v2\/users\/2"}],"replies":[{"embeddable":true,"href":"https:\/\/www.europesays.com\/fr\/wp-json\/wp\/v2\/comments?post=137371"}],"version-history":[{"count":0,"href":"https:\/\/www.europesays.com\/fr\/wp-json\/wp\/v2\/posts\/137371\/revisions"}],"wp:featuredmedia":[{"embeddable":true,"href":"https:\/\/www.europesays.com\/fr\/wp-json\/wp\/v2\/media\/137372"}],"wp:attachment":[{"href":"https:\/\/www.europesays.com\/fr\/wp-json\/wp\/v2\/media?parent=137371"}],"wp:term":[{"taxonomy":"category","embeddable":true,"href":"https:\/\/www.europesays.com\/fr\/wp-json\/wp\/v2\/categories?post=137371"},{"taxonomy":"post_tag","embeddable":true,"href":"https:\/\/www.europesays.com\/fr\/wp-json\/wp\/v2\/tags?post=137371"}],"curies":[{"name":"wp","href":"https:\/\/api.w.org\/{rel}","templated":true}]}}