{"id":137373,"date":"2025-05-29T17:57:15","date_gmt":"2025-05-29T17:57:15","guid":{"rendered":"https:\/\/www.europesays.com\/fr\/137373\/"},"modified":"2025-05-29T17:57:15","modified_gmt":"2025-05-29T17:57:15","slug":"pres-de-rouen-a-loccasion-du-passage-du-tour-de-france-il-va-exposer-son-incroyable-realisation","status":"publish","type":"post","link":"https:\/\/www.europesays.com\/fr\/137373\/","title":{"rendered":"Pr\u00e8s de Rouen, \u00e0 l&rsquo;occasion du passage du Tour de France, il va exposer son incroyable r\u00e9alisation"},"content":{"rendered":"<p>            Par<br \/>\n        <strong><br \/>\n            <a href=\"https:\/\/actu.fr\/auteur\/isabellevilly\" title=\"Consulter tous les articles de Isabelle Villy\" rel=\"nofollow noopener\" target=\"_blank\">Isabelle Villy<\/a><br \/>\n        <\/strong><\/p>\n<p>        Publi\u00e9 le<\/p>\n<p>            29 mai 2025 \u00e0 17h26        <\/p>\n<p>Il y a quelques mois, Denis Gu\u00e9rin nous avait invit\u00e9s \u00e0 venir d\u00e9couvrir, chez lui, dans son garage, son extraordinaire r\u00e9alisation : <a href=\"https:\/\/actu.fr\/normandie\/darnetal_76212\/pres-de-rouen-denis-guerin-a-construit-une-maquette-du-tour-de-france_61297140.html\" rel=\"nofollow noopener\" target=\"_blank\">une reconstitution d\u2019un village d\u00e9part d\u2019une \u00e9tape du Tour de France<\/a>. Dans quelques jours, la maquette, un diorama pour les puristes, sera <strong>install\u00e9e dans la salle du conseil de l\u2019H\u00f4tel de Ville de Darn\u00e9tal<\/strong>, dans le cadre d\u2019une exposition en pr\u00e9lude <a href=\"https:\/\/actu.fr\/normandie\/rouen_76540\/le-tour-de-france-s-arretera-a-rouen-en-2025-voici-les-derniers-kilometres-de-l-etape_61798429.html\" rel=\"nofollow noopener\" target=\"_blank\">au passage du Tour de France, le mardi 8\u00a0juillet prochain.<\/a><\/p>\n<p>Vernissage en pr\u00e9sence de Thierry Marie<\/p>\n<p class=\" wall-content\">Le vernissage aura lieu mardi 3\u00a0juin, en pr\u00e9sence de Thierry Marie, ancien coureur cycliste professionnel et Jean-Pierre Lecoffre, qui vient de sortir un livre sur Philippe Bouvatier, un autre champion cycliste normand. L\u2019exposition va durer jusqu\u2019au 7\u00a0juin et assur\u00e9ment, elle m\u00e9rite le d\u00e9tour.<\/p>\n<p class=\" wall-content\">Avec ce diorama, Denis Gu\u00e9rin, passionn\u00e9 de cyclisme en g\u00e9n\u00e9ral et du Tour de France en particulier, a voulu en quelque sorte figurer les coulisses de la grande boucle. Sur une surface de 6 m\u00b2, il a ainsi imagin\u00e9 un village virtuel et un d\u00e9part d\u2019\u00e9tape, le tout cr\u00e9\u00e9 avec un sens du d\u00e9tail impressionnant. Tout y est : les cyclistes miniatures bien s\u00fbr, mais aussi les podiums, les stands, les v\u00e9hicules de la caravane publicitaire du tour\u2026<\/p>\n<p>Collectionneur de petites voitures depuis 30\u00a0ans<\/p>\n<p class=\" wall-content\">\u00ab Je collectionne depuis 30 ans les petites voitures publicitaires \u00bb, confie le passionn\u00e9, qui poss\u00e8de de nombreux objets qui font r\u00e9f\u00e9rence au Tour : maillots, musettes, revues sp\u00e9cialis\u00e9es\u2026 Il ne peut pas faire le compte exact de tous ces tr\u00e9sors amass\u00e9s au gr\u00e9 des occasions et qui \u00e9voquent le Tour de France au fil des ann\u00e9es.<\/p>\n<p class=\" wall-content\">Et des souvenirs du Tour, lorsqu\u2019il \u00e9tait enfant, Denis Gu\u00e9rin en a emmagasin\u00e9s aussi des dizaines dans sa m\u00e9moire : ainsi, dans les ann\u00e9es 1970, quand une \u00e9tape \u00e9tait pass\u00e9e \u00e0 Darn\u00e9tal, via la RN 31, il \u00ab se le rappelle\u00a0encore. C\u2019\u00e9tait l\u2019\u00e9v\u00e9nement du jour \u00bb.<\/p>\n<p>Darn\u00e9tal et le cyclisme : toute une histoire<\/p>\n<p class=\" wall-content\">Le cyclisme fait d\u2019ailleurs partie de l\u2019histoire de la ville, qui a organis\u00e9 plusieurs \u00e9preuves : le tour de la Seine-Maritime, une \u00e9tape du Tour de Normandie, mais aussi l\u2019\u00e9preuve Darn\u00e9tal\/Gonneville-la-Mallet, ou encore Darn\u00e9tal\/Hautot-sur-Mer. \u00ab Il y a eu aussi le crit\u00e9rium du Robec : les coureurs passaient rue Pasteur jusqu\u2019\u00e0 l\u2019h\u00f4pital Dur\u00e9cu et faisaient ainsi 70\u00a0fois le tour, pour une distance totale de pr\u00e8s de 100 kilom\u00e8tres. C\u2019est la Ville de Darn\u00e9tal qui l\u2019organisait \u00bb, retrace Denis Gu\u00e9rin.<\/p>\n<p class=\" wall-content\">Autre image du Tour, ancr\u00e9e dans sa m\u00e9moire, celle des objets publicitaires de la caravane du Tour, indissociable de ce rendez-vous populaire : \u00ab La marque Berger distribuait des chapeaux en papier de la marque. Je me souviens aussi du v\u00e9hicule de la m\u00eame marque, avec Yvette Horner, qui jouait de l\u2019accord\u00e9on \u00bb, sourit Denis Gu\u00e9rin, qui balaie ainsi, au gr\u00e9 de ses souvenirs, plusieurs pages de l\u2019histoire du Tour de France.<\/p>\n<blockquote class=\"ac-article-quote wall-content\">\n<p>Le Tour de France, c\u2019est festif, c\u2019est color\u00e9.<\/p>\n<p>Denis Gu\u00e9rin<\/p><\/blockquote>\n<p class=\" wall-content\">Et il pousse d\u2019ailleurs sa passion pour le cyclisme jusqu\u2019\u00e0 partir plusieurs jours, avec toute sa famille, pour assister aux \u00e9tapes, notamment en montagne, les plus belles, souvent les plus haletantes, et qui drainent un nombre fou de spectateurs. \u00ab Le Tour de France, c\u2019est festif, c\u2019est color\u00e9 \u00bb, souligne Denis Gu\u00e9rin. En dehors du Tour, il assiste d\u2019ailleurs \u00e0 d\u2019autres \u00e9preuves : Paris-Roubaix, mais aussi quelques crit\u00e9riums. On vous le dit, pour lui, le v\u00e9lo, c\u2019est une passion, celle que l\u2019on peut d\u2019ailleurs d\u00e9crypter dans le superbe diorama qu\u2019il a r\u00e9alis\u00e9 avec patience, cr\u00e9ant lui-m\u00eame tous les d\u00e9cors. \u00ab Pour ma part, j\u2019ai eu mon premier v\u00e9lo \u00e0 l\u2019\u00e2ge de 15\u00a0ans : ma m\u00e8re ne voulait pas que j\u2019en fasse. C\u2019est mon p\u00e8re qui m\u2019a emmen\u00e9 en faire\u2026 et la premi\u00e8re fois que j\u2019ai fait du v\u00e9lo, j\u2019ai \u00e9t\u00e9 heurt\u00e9 par une voiture, au Val Saint-Martin ! \u00bb, raconte Denis Gu\u00e9rin.<\/p>\n<p>Journ\u00e9e d\u2019animations, pr\u00e8s de Carville, le 8\u00a0juillet<\/p>\n<p class=\" wall-content\">Pour d\u00e9couvrir l\u2019impressionnante maquette de Denis Gu\u00e9rin, n\u2019h\u00e9sitez pas, en tout cas, \u00e0 pousser la porte de la mairie : \u00e0 noter que cette exposition co\u00efncide avec la journ\u00e9e du Printemps des cultures, dans le Jardin des couleurs, qui se d\u00e9roulera sur la m\u00eame th\u00e9matique. Une belle entr\u00e9e en mati\u00e8re assur\u00e9ment, avant la journ\u00e9e d\u2019animations qui aura lieu le 8 juillet, de 12 h \u00e0 18 h, pour le passage des coureurs du Tour : \u00ab le logo de Darn\u00e9tal s\u2019est mis aux couleurs du Tour pour l\u2019occasion et un village d\u2019animations aura lieu pr\u00e8s de l\u2019\u00e9glise Carville \u00bb, annonce Denis Gu\u00e9rin.<\/p>\n<p>Darn\u00e9tal \u00e0 15 km de l\u2019arriv\u00e9e de l\u2019\u00e9tape<\/p>\n<p class=\" wall-content\">Lors de l\u2019\u00e9tape Amiens-Rouen, la caravane publicitaire devrait faire son passage \u00e0 Darn\u00e9tal aux alentours de 15 h et les coureurs vers 17 h, avant leur arriv\u00e9e \u00e0 Rouen. \u00ab Darn\u00e9tal sera \u00e0 15 kilom\u00e8tres de l\u2019arriv\u00e9e de cette \u00e9tape de 172,5\u00a0km \u00bb, indique Denis Gu\u00e9rin. Une belle occasion de faire la f\u00eate en somme et de participer \u00e0 cet \u00e9v\u00e9nement populaire, suivi dans le monde entier.<\/p>\n<p>Exposition\/Diorama Village du Tour de France, du 4 au 7 juin, dans la salle du conseil \u00e0 l\u2019H\u00f4tel de Ville de Darn\u00e9tal, de 10h \u00e0 12h et de 14h \u00e0 18h. Entr\u00e9e libre. Vernissage mardi 3 juin, \u00e0 18h, en pr\u00e9sence de l\u2019ancien coureur professionnel Thierry Marie et de Jean-Pierre Lecoffre, qui pr\u00e9sentera son dernier ouvrage sur le cyclisme, consacr\u00e9 \u00e0 un autre champion normand, Philippe Bouvatier.\u00a0<\/p>\n<p>Suivez l\u2019actualit\u00e9 de Rouen <a href=\"https:\/\/www.whatsapp.com\/channel\/0029VaKfnf99hXF2ddApFB1D\" rel=\"nofollow noopener\" target=\"_blank\">sur notre cha\u00eene WhatsApp<\/a> et <a href=\"https:\/\/www.tiktok.com\/@76actu.fr?lang=fr\" rel=\"nofollow noopener\" target=\"_blank\">sur notre compte TikTok<\/a><\/p>\n<p class=\" wall-content\">Suivez toute l\u2019actualit\u00e9 de vos villes et m\u00e9dias favoris en vous inscrivant \u00e0 <a href=\"https:\/\/moncompte.actu.fr\" title=\"D\u00e9couvez Mon Actu\" rel=\"nofollow noopener\" data-trk=\"{&quot;cta&quot;:{&quot;action&quot;:&quot;https:\\\/\\\/moncompte.actu.fr&quot;,&quot;category&quot;:&quot;mon compte&quot;,&quot;from&quot;:&quot;article footer&quot;,&quot;name&quot;:&quot;Mon actu&quot;,&quot;type&quot;:&quot;cta&quot;}}\" target=\"_blank\">Mon Actu<\/a>.<\/p>\n<p>                    <script async src=\"\/\/www.tiktok.com\/embed.js\"><\/script><\/p>\n","protected":false},"excerpt":{"rendered":"Par Isabelle Villy Publi\u00e9 le 29 mai 2025 \u00e0 17h26 Il y a quelques mois, Denis Gu\u00e9rin nous&hellip;\n","protected":false},"author":2,"featured_media":137374,"comment_status":"","ping_status":"","sticky":false,"template":"","format":"standard","meta":{"footnotes":""},"categories":[9587],"tags":[1111,11,1777,674,1011,27,1757,12,5161,25,9590,210,2116],"class_list":{"0":"post-137373","1":"post","2":"type-post","3":"status-publish","4":"format-standard","5":"has-post-thumbnail","7":"category-rouen","8":"tag-actu","9":"tag-actualites","10":"tag-eu","11":"tag-europe","12":"tag-fr","13":"tag-france","14":"tag-insolite","15":"tag-news","16":"tag-normandie","17":"tag-republique-francaise","18":"tag-rouen","19":"tag-tour-de-france","20":"tag-tour-de-france-2025"},"share_on_mastodon":{"url":"https:\/\/pubeurope.com\/@fr\/114592418591721251","error":""},"_links":{"self":[{"href":"https:\/\/www.europesays.com\/fr\/wp-json\/wp\/v2\/posts\/137373","targetHints":{"allow":["GET"]}}],"collection":[{"href":"https:\/\/www.europesays.com\/fr\/wp-json\/wp\/v2\/posts"}],"about":[{"href":"https:\/\/www.europesays.com\/fr\/wp-json\/wp\/v2\/types\/post"}],"author":[{"embeddable":true,"href":"https:\/\/www.europesays.com\/fr\/wp-json\/wp\/v2\/users\/2"}],"replies":[{"embeddable":true,"href":"https:\/\/www.europesays.com\/fr\/wp-json\/wp\/v2\/comments?post=137373"}],"version-history":[{"count":0,"href":"https:\/\/www.europesays.com\/fr\/wp-json\/wp\/v2\/posts\/137373\/revisions"}],"wp:featuredmedia":[{"embeddable":true,"href":"https:\/\/www.europesays.com\/fr\/wp-json\/wp\/v2\/media\/137374"}],"wp:attachment":[{"href":"https:\/\/www.europesays.com\/fr\/wp-json\/wp\/v2\/media?parent=137373"}],"wp:term":[{"taxonomy":"category","embeddable":true,"href":"https:\/\/www.europesays.com\/fr\/wp-json\/wp\/v2\/categories?post=137373"},{"taxonomy":"post_tag","embeddable":true,"href":"https:\/\/www.europesays.com\/fr\/wp-json\/wp\/v2\/tags?post=137373"}],"curies":[{"name":"wp","href":"https:\/\/api.w.org\/{rel}","templated":true}]}}