{"id":137383,"date":"2025-05-29T18:02:16","date_gmt":"2025-05-29T18:02:16","guid":{"rendered":"https:\/\/www.europesays.com\/fr\/137383\/"},"modified":"2025-05-29T18:02:16","modified_gmt":"2025-05-29T18:02:16","slug":"19-lyceens-de-louis-pasteur-sessayent-a-la-plaidoirie","status":"publish","type":"post","link":"https:\/\/www.europesays.com\/fr\/137383\/","title":{"rendered":"19 lyc\u00e9ens de Louis-Pasteur s\u2019essayent \u00e0 la plaidoirie"},"content":{"rendered":"<p>C\u2019est la 18e \u00e9dition de ce concours de plaidoirie, devenu incontournable au lyc\u00e9e Louis-Pasteur qui s\u2019est d\u00e9roul\u00e9e ce lundi 26\u00a0mai. Cr\u00e9\u00e9 par la dynamique Marilyne Albareda, ce concours permet aux \u00e9l\u00e8ves de s\u2019exprimer mais aussi de \u00ab\u00a0tisser des liens et de les mettre en confiance\u00a0\u00bb, livre la professeur d\u2019espagnol. Articles de loi, questions rh\u00e9toriques, chiffres clefs\u00a0: comme de v\u00e9ritables avocats, 19 lyc\u00e9ens ont plaid\u00e9 pour les droits de l\u2019Homme, dans le gymnase du lyc\u00e9e. Devant 140 de leurs camarades de seconde, premi\u00e8re et terminale, mais aussi leurs professeurs, ils ont d\u00e9fendu les droits des jeunes de banlieue, le droit \u00e0 l\u2019avortement. Ils ont d\u00e9nonc\u00e9 la <a href=\"https:\/\/www.dna.fr\/defense-guerre-conflit\/2025\/05\/27\/affames-des-milliers-de-personnes-se-ruent-sur-un-centre-de-distribution-d-aide\" target=\"_blank\" rel=\"noopener\">situation \u00e0 Gaza<\/a> , au Haut-Karabakh, le mariage forc\u00e9 ou encore le harc\u00e8lement scolaire.<\/p>\n<p>  \u00ab\u00a0L&rsquo;horreur\u00a0\u00bb du harc\u00e8lement scolaire<\/p>\n<p>Deux principaux prix ont \u00e9t\u00e9 d\u00e9cern\u00e9s\u00a0: le prix des lyc\u00e9ens, remis \u00e0 Rayane Bataille pour son sujet sur le droit \u00e0 l\u2019avortement et le prix du jury (adulte) qui a r\u00e9compens\u00e9 la plaidoirie d\u2019Erika Haroutyunyan sur le Haut-Karabakh. \u00ab\u00a0Huit ans. Cela fait huit ans que je garde le silence. Huit ann\u00e9es durant lesquelles j\u2019ai laiss\u00e9 les lames de mon pass\u00e9 me percer\u00a0\u00bb. Ces mots son ceux de Zine-Eddine Daoudi dont la plaidoirie sur le harc\u00e8lement scolaire a \u00e9t\u00e9 particuli\u00e8rement touchante. Il a re\u00e7u les compliments du jury mais aussi ceux de ses camarades venus le f\u00e9liciter \u00e0 l\u2019issue de son t\u00e9moignage. S\u2019il a os\u00e9 prendre la parole, c\u2019est, dit-il, pour \u00ab\u00a0pr\u00e9venir, sensibiliser, partager mon r\u00e9cit et son horreur\u00a0\u00bb.<\/p>\n","protected":false},"excerpt":{"rendered":"C\u2019est la 18e \u00e9dition de ce concours de plaidoirie, devenu incontournable au lyc\u00e9e Louis-Pasteur qui s\u2019est d\u00e9roul\u00e9e ce&hellip;\n","protected":false},"author":2,"featured_media":137384,"comment_status":"","ping_status":"","sticky":false,"template":"","format":"standard","meta":{"footnotes":""},"categories":[2820],"tags":[1111,11,3599,2880,1057,1777,674,107,1011,27,775,12,25,640,2879],"class_list":{"0":"post-137383","1":"post","2":"type-post","3":"status-publish","4":"format-standard","5":"has-post-thumbnail","7":"category-strasbourg","8":"tag-actu","9":"tag-actualites","10":"tag-college-lycee","11":"tag-edition-strasbourg","12":"tag-education","13":"tag-eu","14":"tag-europe","15":"tag-fil-info","16":"tag-fr","17":"tag-france","18":"tag-grand-est","19":"tag-news","20":"tag-republique-francaise","21":"tag-strasbourg","22":"tag-strasbourg-ville"},"share_on_mastodon":{"url":"https:\/\/pubeurope.com\/@fr\/114592438264248116","error":""},"_links":{"self":[{"href":"https:\/\/www.europesays.com\/fr\/wp-json\/wp\/v2\/posts\/137383","targetHints":{"allow":["GET"]}}],"collection":[{"href":"https:\/\/www.europesays.com\/fr\/wp-json\/wp\/v2\/posts"}],"about":[{"href":"https:\/\/www.europesays.com\/fr\/wp-json\/wp\/v2\/types\/post"}],"author":[{"embeddable":true,"href":"https:\/\/www.europesays.com\/fr\/wp-json\/wp\/v2\/users\/2"}],"replies":[{"embeddable":true,"href":"https:\/\/www.europesays.com\/fr\/wp-json\/wp\/v2\/comments?post=137383"}],"version-history":[{"count":0,"href":"https:\/\/www.europesays.com\/fr\/wp-json\/wp\/v2\/posts\/137383\/revisions"}],"wp:featuredmedia":[{"embeddable":true,"href":"https:\/\/www.europesays.com\/fr\/wp-json\/wp\/v2\/media\/137384"}],"wp:attachment":[{"href":"https:\/\/www.europesays.com\/fr\/wp-json\/wp\/v2\/media?parent=137383"}],"wp:term":[{"taxonomy":"category","embeddable":true,"href":"https:\/\/www.europesays.com\/fr\/wp-json\/wp\/v2\/categories?post=137383"},{"taxonomy":"post_tag","embeddable":true,"href":"https:\/\/www.europesays.com\/fr\/wp-json\/wp\/v2\/tags?post=137383"}],"curies":[{"name":"wp","href":"https:\/\/api.w.org\/{rel}","templated":true}]}}