{"id":137391,"date":"2025-05-29T18:06:19","date_gmt":"2025-05-29T18:06:19","guid":{"rendered":"https:\/\/www.europesays.com\/fr\/137391\/"},"modified":"2025-05-29T18:06:19","modified_gmt":"2025-05-29T18:06:19","slug":"salia-sanou-va-remplacer-ambra-senatore-au-centre-choregraphique-national-de-danse","status":"publish","type":"post","link":"https:\/\/www.europesays.com\/fr\/137391\/","title":{"rendered":"Salia Sanou va remplacer Ambra Senatore au centre chor\u00e9graphique national de danse"},"content":{"rendered":"<p>Rachida Dati, ministre de la culture, en plein accord avec Johanna Rolland, maire PS de Nantes et pr\u00e9sidente de Nantes M\u00e9tropole, Michel M\u00e9nard, pr\u00e9sident du conseil d\u00e9partemental de Loire-Atlantique et Monique Plouchard Benoliel, pr\u00e9sidente du Centre chor\u00e9graphique national, donne son agr\u00e9ment \u00e0 la nomination de Salia Sanou \u00e0 la direction du Centre &#8230;<\/p>\n<p>\u00a0<\/p>\n","protected":false},"excerpt":{"rendered":"Rachida Dati, ministre de la culture, en plein accord avec Johanna Rolland, maire PS de Nantes et pr\u00e9sidente&hellip;\n","protected":false},"author":2,"featured_media":137392,"comment_status":"","ping_status":"","sticky":false,"template":"","format":"standard","meta":{"footnotes":""},"categories":[2818],"tags":[1111,11,26364,3335,26366,5972,1777,674,1011,27,766,3238,12,2636,1990,25,26362,26363,26365],"class_list":{"0":"post-137391","1":"post","2":"type-post","3":"status-publish","4":"format-standard","5":"has-post-thumbnail","7":"category-nantes","8":"tag-actu","9":"tag-actualites","10":"tag-ambra","11":"tag-centre","12":"tag-choregraphique","13":"tag-danse","14":"tag-eu","15":"tag-europe","16":"tag-fr","17":"tag-france","18":"tag-nantes","19":"tag-national","20":"tag-news","21":"tag-pays-de-la-loire","22":"tag-remplacer","23":"tag-republique-francaise","24":"tag-salia","25":"tag-sanou","26":"tag-senatore"},"share_on_mastodon":{"url":"https:\/\/pubeurope.com\/@fr\/114592453961408331","error":""},"_links":{"self":[{"href":"https:\/\/www.europesays.com\/fr\/wp-json\/wp\/v2\/posts\/137391","targetHints":{"allow":["GET"]}}],"collection":[{"href":"https:\/\/www.europesays.com\/fr\/wp-json\/wp\/v2\/posts"}],"about":[{"href":"https:\/\/www.europesays.com\/fr\/wp-json\/wp\/v2\/types\/post"}],"author":[{"embeddable":true,"href":"https:\/\/www.europesays.com\/fr\/wp-json\/wp\/v2\/users\/2"}],"replies":[{"embeddable":true,"href":"https:\/\/www.europesays.com\/fr\/wp-json\/wp\/v2\/comments?post=137391"}],"version-history":[{"count":0,"href":"https:\/\/www.europesays.com\/fr\/wp-json\/wp\/v2\/posts\/137391\/revisions"}],"wp:featuredmedia":[{"embeddable":true,"href":"https:\/\/www.europesays.com\/fr\/wp-json\/wp\/v2\/media\/137392"}],"wp:attachment":[{"href":"https:\/\/www.europesays.com\/fr\/wp-json\/wp\/v2\/media?parent=137391"}],"wp:term":[{"taxonomy":"category","embeddable":true,"href":"https:\/\/www.europesays.com\/fr\/wp-json\/wp\/v2\/categories?post=137391"},{"taxonomy":"post_tag","embeddable":true,"href":"https:\/\/www.europesays.com\/fr\/wp-json\/wp\/v2\/tags?post=137391"}],"curies":[{"name":"wp","href":"https:\/\/api.w.org\/{rel}","templated":true}]}}