{"id":137407,"date":"2025-05-29T18:14:15","date_gmt":"2025-05-29T18:14:15","guid":{"rendered":"https:\/\/www.europesays.com\/fr\/137407\/"},"modified":"2025-05-29T18:14:15","modified_gmt":"2025-05-29T18:14:15","slug":"la-ville-de-marseille-recrute-et-soigne-ses-agents","status":"publish","type":"post","link":"https:\/\/www.europesays.com\/fr\/137407\/","title":{"rendered":"la Ville de Marseille recrute et soigne ses agents"},"content":{"rendered":"<p>Une m\u00e8re de famille ayant d\u00fb refuser <a href=\"https:\/\/www.laprovence.com\/article\/region\/95673937199835\/apres-lagression-sauvage-dune-atsem-a-marseille-les-agents-reclament-des-mesures-de-protection\" target=\"_blank\" rel=\"nofollow noopener\">un poste d\u2019ATSEM<\/a> \u00e0 cause des horaires, une agente en poste voulant passer \u00e0 temps plein ou encore une salari\u00e9e du priv\u00e9 rassur\u00e9e par les perspectives de la fonction publique\u2026 Ce sont pr\u00e8s de 400 personnes aux parcours vari\u00e9s qui \u00e9taient pr\u00e9sentes ce mercredi 28 mai \u00e0 l\u2019H\u00f4tel de Ville pour participer au job dating d\u00e9di\u00e9 aux m\u00e9tiers de la petite enfance et des \u00e9coles.<\/p>\n","protected":false},"excerpt":{"rendered":"Une m\u00e8re de famille ayant d\u00fb refuser un poste d\u2019ATSEM \u00e0 cause des horaires, une agente en poste&hellip;\n","protected":false},"author":2,"featured_media":137408,"comment_status":"","ping_status":"","sticky":false,"template":"","format":"standard","meta":{"footnotes":""},"categories":[2814],"tags":[17,1111,11,1446,26369,10777,1777,674,1011,27,19801,884,12,2044,882,16,25,12779,4824],"class_list":{"0":"post-137407","1":"post","2":"type-post","3":"status-publish","4":"format-standard","5":"has-post-thumbnail","7":"category-marseille","8":"tag-17","9":"tag-actu","10":"tag-actualites","11":"tag-dans","12":"tag-dating","13":"tag-enfance","14":"tag-eu","15":"tag-europe","16":"tag-fr","17":"tag-france","18":"tag-jon","19":"tag-marseille","20":"tag-news","21":"tag-petite","22":"tag-provence-alpes-cote-dazur","23":"tag-region","24":"tag-republique-francaise","25":"tag-secteur","26":"tag-ville"},"share_on_mastodon":{"url":"https:\/\/pubeurope.com\/@fr\/114592485466423755","error":""},"_links":{"self":[{"href":"https:\/\/www.europesays.com\/fr\/wp-json\/wp\/v2\/posts\/137407","targetHints":{"allow":["GET"]}}],"collection":[{"href":"https:\/\/www.europesays.com\/fr\/wp-json\/wp\/v2\/posts"}],"about":[{"href":"https:\/\/www.europesays.com\/fr\/wp-json\/wp\/v2\/types\/post"}],"author":[{"embeddable":true,"href":"https:\/\/www.europesays.com\/fr\/wp-json\/wp\/v2\/users\/2"}],"replies":[{"embeddable":true,"href":"https:\/\/www.europesays.com\/fr\/wp-json\/wp\/v2\/comments?post=137407"}],"version-history":[{"count":0,"href":"https:\/\/www.europesays.com\/fr\/wp-json\/wp\/v2\/posts\/137407\/revisions"}],"wp:featuredmedia":[{"embeddable":true,"href":"https:\/\/www.europesays.com\/fr\/wp-json\/wp\/v2\/media\/137408"}],"wp:attachment":[{"href":"https:\/\/www.europesays.com\/fr\/wp-json\/wp\/v2\/media?parent=137407"}],"wp:term":[{"taxonomy":"category","embeddable":true,"href":"https:\/\/www.europesays.com\/fr\/wp-json\/wp\/v2\/categories?post=137407"},{"taxonomy":"post_tag","embeddable":true,"href":"https:\/\/www.europesays.com\/fr\/wp-json\/wp\/v2\/tags?post=137407"}],"curies":[{"name":"wp","href":"https:\/\/api.w.org\/{rel}","templated":true}]}}