{"id":137413,"date":"2025-05-29T18:17:27","date_gmt":"2025-05-29T18:17:27","guid":{"rendered":"https:\/\/www.europesays.com\/fr\/137413\/"},"modified":"2025-05-29T18:17:27","modified_gmt":"2025-05-29T18:17:27","slug":"metropole-de-lyon-la-nonagenaire-disparue-retrouvee-chez-sa-voisine","status":"publish","type":"post","link":"https:\/\/www.europesays.com\/fr\/137413\/","title":{"rendered":"M\u00e9tropole de Lyon. La nonag\u00e9naire disparue\u2026 retrouv\u00e9e chez sa voisine"},"content":{"rendered":"<p>Les proches d\u2019une nonag\u00e9naire de Saint-Genis-Laval ont eu une grosse frayeur jeudi en s\u2019apercevant que leur a\u00efeule avait disparu.<\/p>\n<p>Sa famille lui avait rendu visite pour ce jour de l\u2019Ascension quand, en d\u00e9but d\u2019apr\u00e8s-midi, ils se sont rendu compte qu\u2019elle s\u2019\u00e9tait volatilis\u00e9e de son domicile. Comme elle souffre de troubles cognitifs, ils ont entam\u00e9 des recherches pour finalement, se r\u00e9soudre \u00e0 17 heures \u00e0 alerter la gendarmerie.<\/p>\n<p>  Surprises \u00e0 l&rsquo;heure du th\u00e9<\/p>\n<p>Un \u00e9quipage aid\u00e9 d\u2019un chien pisteur a \u00e9t\u00e9 engag\u00e9. L\u2019animal a suivi la piste de la disparue pour finalement la retrouver \u00e0 c\u00f4t\u00e9 de chez elle, chez une voisine, avant 18 heures.<\/p>\n<p>On suppose que les deux dames ont \u00e9t\u00e9 surprises en voyant d\u00e9barquer des gendarmes \u00e0 l\u2019heure du th\u00e9. Le chien en tout cas a rempli son office en moins d\u2019une heure.<\/p>\n","protected":false},"excerpt":{"rendered":"Les proches d\u2019une nonag\u00e9naire de Saint-Genis-Laval ont eu une grosse frayeur jeudi en s\u2019apercevant que leur a\u00efeule avait&hellip;\n","protected":false},"author":2,"featured_media":137414,"comment_status":"","ping_status":"","sticky":false,"template":"","format":"standard","meta":{"footnotes":""},"categories":[1889],"tags":[1111,11,2430,3676,3154,1777,674,274,107,1011,27,2428,12,25,2429,5151,5152],"class_list":{"0":"post-137413","1":"post","2":"type-post","3":"status-publish","4":"format-standard","5":"has-post-thumbnail","7":"category-lyon","8":"tag-actu","9":"tag-actualites","10":"tag-auvergne-rhone-alpes","11":"tag-disparition-inquietante","12":"tag-edition-sud-lyonnais","13":"tag-eu","14":"tag-europe","15":"tag-faits-divers-justice","16":"tag-fil-info","17":"tag-fr","18":"tag-france","19":"tag-lyon","20":"tag-news","21":"tag-republique-francaise","22":"tag-rhone","23":"tag-saint-genis-laval","24":"tag-saint-genis-laval-ville"},"share_on_mastodon":{"url":"https:\/\/pubeurope.com\/@fr\/114592497201615876","error":""},"_links":{"self":[{"href":"https:\/\/www.europesays.com\/fr\/wp-json\/wp\/v2\/posts\/137413","targetHints":{"allow":["GET"]}}],"collection":[{"href":"https:\/\/www.europesays.com\/fr\/wp-json\/wp\/v2\/posts"}],"about":[{"href":"https:\/\/www.europesays.com\/fr\/wp-json\/wp\/v2\/types\/post"}],"author":[{"embeddable":true,"href":"https:\/\/www.europesays.com\/fr\/wp-json\/wp\/v2\/users\/2"}],"replies":[{"embeddable":true,"href":"https:\/\/www.europesays.com\/fr\/wp-json\/wp\/v2\/comments?post=137413"}],"version-history":[{"count":0,"href":"https:\/\/www.europesays.com\/fr\/wp-json\/wp\/v2\/posts\/137413\/revisions"}],"wp:featuredmedia":[{"embeddable":true,"href":"https:\/\/www.europesays.com\/fr\/wp-json\/wp\/v2\/media\/137414"}],"wp:attachment":[{"href":"https:\/\/www.europesays.com\/fr\/wp-json\/wp\/v2\/media?parent=137413"}],"wp:term":[{"taxonomy":"category","embeddable":true,"href":"https:\/\/www.europesays.com\/fr\/wp-json\/wp\/v2\/categories?post=137413"},{"taxonomy":"post_tag","embeddable":true,"href":"https:\/\/www.europesays.com\/fr\/wp-json\/wp\/v2\/tags?post=137413"}],"curies":[{"name":"wp","href":"https:\/\/api.w.org\/{rel}","templated":true}]}}