{"id":137415,"date":"2025-05-29T18:20:11","date_gmt":"2025-05-29T18:20:11","guid":{"rendered":"https:\/\/www.europesays.com\/fr\/137415\/"},"modified":"2025-05-29T18:20:11","modified_gmt":"2025-05-29T18:20:11","slug":"psg-inter-milan-plus-de-2-500-bars-retransmettront-la-finale-de-la-ligue-des-champions-a-paris","status":"publish","type":"post","link":"https:\/\/www.europesays.com\/fr\/137415\/","title":{"rendered":"PSG-Inter Milan : plus de 2.500 bars retransmettront la finale de la Ligue des champions \u00e0 Paris"},"content":{"rendered":"<p>Entre 2.500 et 3.000 bars parisiens ont d\u00e9cid\u00e9 de diffuser la finale de la Ligue des champions, opposant le PSG \u00e0 l&rsquo;Inter Milan ce samedi 31 mai, a annonc\u00e9 l&rsquo;Union des m\u00e9tiers et des industries de l&rsquo;h\u00f4tellerie (Umih) ce jeudi.Certains g\u00e9rants ont cependant peur des d\u00e9bordements en cas de victoire du club fran\u00e7ais.<a href=\"https:\/\/www.tf1info.fr\/actualite\/football-ligue-des-champions-2024-2025-une-nouvelle-ere-s-ouvre-psg-lille-monaco-brest-real-madrid-machester-city-13795\/\" rel=\"noopener\" class=\"jsx-3118104007 Link jsx-1428418400 jsx-2089987738\" target=\"_blank\"><\/p>\n<p style=\"font-weight:400\" class=\"jsx-1837267516\">Suivez la couverture compl\u00e8te<\/p>\n<p style=\"font-weight:800\" class=\"jsx-1837267516\">Ligue des champions 2024-2025 : le PSG en finale<\/p>\n<p><\/a><\/p>\n<p data-module=\"article-paragraph\" class=\"jsx-362436225 Paragraph Paragraph__End\">Les supporters rest\u00e9s \u00e0 Paris auront l&#8217;embarras du choix pour soutenir leur \u00e9quipe samedi soir. Entre 2.500 et 3.000 bars ont d\u00e9j\u00e0 pr\u00e9vu de retransmettre le <a href=\"https:\/\/www.tf1info.fr\/sport\/football-finale-psg-paris-saint-germain-inter-milan-qui-va-gagner-la-ligue-des-champions-selon-l-intelligence-artificielle-ia-2369821.html\" target=\"_blank\" rel=\"noopener\">match du PSG contre l&rsquo;Inter Milan (nouvelle fen\u00eatre)<\/a> (21h, en live comment\u00e9 sur TF1info), a indiqu\u00e9 l&rsquo;Union des m\u00e9tiers et des industries de l&rsquo;h\u00f4tellerie (Umih) \u00e0 <a href=\"https:\/\/www.francebleu.fr\/emissions\/l-invite-ici-paris-ile-de-france\/entre-2500-et-3000-bars-parisiens-retransmettront-la-finale-de-la-ligue-des-champions-selon-l-umih-ile-de-france-9073699\" target=\"_blank\" rel=\"nofollow noopener\">Ici Paris \u00cele-de-France (nouvelle fen\u00eatre)<\/a>. Le club de la capitale pourrait entrer dans l&rsquo;histoire en remportant sa premi\u00e8re finale de <a href=\"https:\/\/www.tf1info.fr\/sport\/football-finale-psg-inter-milan-y-aura-t-il-une-etoile-sur-le-maillot-parisien-si-paris-gagne-la-ligue-des-champions-2373592.html\" target=\"_blank\" rel=\"noopener\">Ligue des champions (nouvelle fen\u00eatre)<\/a>.<\/p>\n<p data-module=\"article-paragraph\" class=\"jsx-362436225 Paragraph Paragraph__End\">\u00ab\u00a02.500 \u00e0 3.000 \u00e9tablissements vont diffuser l&rsquo;\u00e9v\u00e9nement\u00a0\u00bb, a assur\u00e9 David Zenouda, patron du Caf\u00e9 A et responsable de l&rsquo;Umih Nuit \u00cele-de-France. \u00ab\u00a0C&rsquo;est un \u00e9v\u00e9nement qui est national encore plus que parisien. \u00c9videmment, Paris est sous tension mais la France enti\u00e8re attend ce match avec impatience\u00a0\u00bb, a-t-il ajout\u00e9.<\/p>\n<p>Appel \u00e0 la responsabilit\u00e9<\/p>\n<p data-module=\"article-paragraph\" class=\"jsx-362436225 Paragraph\">Aupr\u00e8s du m\u00eame m\u00e9dia, il a cependant tenu \u00e0 appeler les Parisiens \u00e0 la responsabilit\u00e9 et \u00e0 la retenue, apr\u00e8s les <a href=\"https:\/\/www.tf1info.fr\/justice-faits-divers\/video-j-ai-eu-peur-car-je-pensais-a-une-voiture-belier-valentin-percute-par-une-voiture-apres-psg-arsenal-temoigne-2369748.html\" target=\"_blank\" rel=\"noopener\">d\u00e9bordements<\/a> observ\u00e9s le 7 mai dernier, au moment de la qualification du PSG en finale. \u00ab\u00a0Ce moment festif doit se d\u00e9rouler dans la plus grande s\u00e9curit\u00e9. Il doit permettre aux Parisiens de profiter intens\u00e9ment, si jamais il y a la victoire\u00a0\u00bb, a insist\u00e9 David Zenouda. Selon lui, certains de ses coll\u00e8gues ont renonc\u00e9 \u00e0 installer des \u00e9crans g\u00e9ants sur leur terrasse, de peur des d\u00e9bordements.\u00a0<\/p>\n<p data-module=\"article-paragraph\" class=\"jsx-362436225 Paragraph Paragraph__End\">Les restaurateurs devront, eux aussi, faire preuve de vigilance : \u00ab\u00a0\u00c0 nous, patrons d&rsquo;\u00e9tablissements et serveurs, de ne pas servir des personnes en \u00e9tat d&rsquo;\u00e9bri\u00e9t\u00e9, \u00e0 nous de faire respecter un minimum de r\u00e8gles de vie et de biens\u00e9ance.\u00a0\u00bb<\/p>\n<ul class=\"jsx-3657663356 ReadMoreArticle__List flex flex-column\">\n<li class=\"jsx-3657663356\"><a href=\"https:\/\/www.tf1info.fr\/sport\/video-football-ligue-des-champions-une-victoire-du-psg-inter-milan-pourrait-elle-reconcilier-les-francais-avec-le-club-2373767.html\" rel=\"noopener\" class=\"jsx-4233824444 Link flex\" target=\"_blank\"><img decoding=\"async\" src=\"https:\/\/www.europesays.com\/fr\/wp-content\/uploads\/2025\/05\/psg-remporte-sa-16e-coupe-de-france-face-a-reims-2025-45bed2-0@1x.jpeg\" alt=\"Lire aussi\" loading=\"lazy\" importance=\"low\" fetchpriority=\"low\" class=\"\"\/>\n<p class=\"jsx-3657663356 ReadMoreArticle__Title\">Lire aussi<\/p>\n<p class=\"jsx-3657663356\">PSG-Inter Milan : une victoire pourrait-elle r\u00e9concilier les Fran\u00e7ais avec Paris ?<\/p>\n<p><\/a><\/li>\n<\/ul>\n<p data-module=\"article-paragraph\" class=\"jsx-362436225 Paragraph Paragraph__End\">En revanche, la ville de Paris n&rsquo;a pas pr\u00e9vu de mettre en place de fan zone gratuite. Un temps esp\u00e9r\u00e9e, l&rsquo;ouverture du stade Charl\u00e9ty a finalement \u00e9t\u00e9 retoqu\u00e9e pour des raisons de s\u00e9curit\u00e9. Une diffusion est cependant pr\u00e9vue au Parc des Princes. Les billets encore disponibles sont \u00e0 vendre \u00e0 partir de 125 euros.<\/p>\n<p>Zo\u00e9 SAMIN<\/p>\n","protected":false},"excerpt":{"rendered":"Entre 2.500 et 3.000 bars parisiens ont d\u00e9cid\u00e9 de diffuser la finale de la Ligue des champions, opposant&hellip;\n","protected":false},"author":2,"featured_media":137416,"comment_status":"","ping_status":"","sticky":false,"template":"","format":"standard","meta":{"footnotes":""},"categories":[1888],"tags":[1111,1928,11,1927,1921,1777,674,63,1011,27,1922,447,24553,12,1926,626,1925,93,25,26371,133,4712],"class_list":{"0":"post-137415","1":"post","2":"type-post","3":"status-publish","4":"format-standard","5":"has-post-thumbnail","7":"category-paris","8":"tag-actu","9":"tag-actu-paris","10":"tag-actualites","11":"tag-actualites-paris","12":"tag-article-video","13":"tag-eu","14":"tag-europe","15":"tag-football","16":"tag-fr","17":"tag-france","18":"tag-info","19":"tag-ligue-des-champions","20":"tag-ligue-des-champions-2024-2025-le-psg-en-finale","21":"tag-news","22":"tag-news-paris","23":"tag-paris","24":"tag-paris-news","25":"tag-psg","26":"tag-republique-francaise","27":"tag-sport-et-societe","28":"tag-video","29":"tag-video-sports"},"share_on_mastodon":{"url":"https:\/\/pubeurope.com\/@fr\/114592509052250600","error":""},"_links":{"self":[{"href":"https:\/\/www.europesays.com\/fr\/wp-json\/wp\/v2\/posts\/137415","targetHints":{"allow":["GET"]}}],"collection":[{"href":"https:\/\/www.europesays.com\/fr\/wp-json\/wp\/v2\/posts"}],"about":[{"href":"https:\/\/www.europesays.com\/fr\/wp-json\/wp\/v2\/types\/post"}],"author":[{"embeddable":true,"href":"https:\/\/www.europesays.com\/fr\/wp-json\/wp\/v2\/users\/2"}],"replies":[{"embeddable":true,"href":"https:\/\/www.europesays.com\/fr\/wp-json\/wp\/v2\/comments?post=137415"}],"version-history":[{"count":0,"href":"https:\/\/www.europesays.com\/fr\/wp-json\/wp\/v2\/posts\/137415\/revisions"}],"wp:featuredmedia":[{"embeddable":true,"href":"https:\/\/www.europesays.com\/fr\/wp-json\/wp\/v2\/media\/137416"}],"wp:attachment":[{"href":"https:\/\/www.europesays.com\/fr\/wp-json\/wp\/v2\/media?parent=137415"}],"wp:term":[{"taxonomy":"category","embeddable":true,"href":"https:\/\/www.europesays.com\/fr\/wp-json\/wp\/v2\/categories?post=137415"},{"taxonomy":"post_tag","embeddable":true,"href":"https:\/\/www.europesays.com\/fr\/wp-json\/wp\/v2\/tags?post=137415"}],"curies":[{"name":"wp","href":"https:\/\/api.w.org\/{rel}","templated":true}]}}