{"id":137421,"date":"2025-05-29T18:23:09","date_gmt":"2025-05-29T18:23:09","guid":{"rendered":"https:\/\/www.europesays.com\/fr\/137421\/"},"modified":"2025-05-29T18:23:09","modified_gmt":"2025-05-29T18:23:09","slug":"derriere-la-desertification-de-paris-le-grand-declassement-des-cadres-en-france","status":"publish","type":"post","link":"https:\/\/www.europesays.com\/fr\/137421\/","title":{"rendered":"Derri\u00e8re la d\u00e9sertification de Paris, le grand d\u00e9classement des cadres en France"},"content":{"rendered":"<p><strong>ANALYSE &#8211;<\/strong> La capitale va continuer \u00e0 se vider de ses habitants, selon les projections de l\u2019Insee. Ce ph\u00e9nom\u00e8ne r\u00e9v\u00e8le la rel\u00e9gation progressive des cadres, une cat\u00e9gorie socioprofessionnelle surrepr\u00e9sent\u00e9e \u00e0 Paris, qui place d\u00e9sormais le RN en t\u00eate dans les urnes.<\/p>\n<p class=\"fig-paragraph\">Quand Renaud, artiste peu int\u00e9ress\u00e9 par les articles du Figaro, chante \u00ab\u00a0Amoureux de Paname\u00a0\u00bb en 1975, il d\u00e9crit une ville o\u00f9 m\u00eame le \u00ab\u00a0b\u00e9ton\u00a0\u00bb et le \u00ab\u00a0macadam\u00a0\u00bb, m\u00eame ses aspects les moins glamours ne suffisent pas \u00e0 ab\u00eemer l\u2019affection qu\u2019on lui porte. Un demi-si\u00e8cle plus tard, la donne a chang\u00e9. La\u00a0<a href=\"http:\/\/www.lefigaro.fr\/argent\/immobilier-une-mauvaise-nouvelle-se-prepare-pour-les-acheteurs-a-paris-20250529\" data-fig-type=\"Article\" data-gtm-custom-categorie=\"navigation\" data-gtm-custom-action=\"crossclick\" data-gtm-custom-label=\"Contextuel\" data-gtm-event=\"customEventSPE\" data-fig-domain=\"LEFIGARO\" rel=\"nofollow noopener\" target=\"_blank\">capitale\u00a0<\/a>pourrait perdre 2600 m\u00e9nages par an d\u2019ici 2050 et le 75 serait le seul d\u00e9partement fran\u00e7ais \u00e0 enregistrer une telle baisse (0,24\u00a0%), d\u2019apr\u00e8s deux \u00e9tudes de l\u2019Insee publi\u00e9es mardi 27\u00a0mai.<\/p>\n<p class=\"fig-paragraph\">Paris se vide lentement mais s\u00fbrement. Entre 2010 et 2021, la capitale a laiss\u00e9 filer plus de 100.000\u00a0habitants, soit une baisse de 5\u00a0% en 11\u00a0ans. Parmi ces exil\u00e9s, les\u00a0<a href=\"http:\/\/www.lefigaro.fr\/entrepreneur\/nous-pouvons-doubler-notre-capacite-au-kenya-un-ancien-cadre-d-orange-cofonde-le-plus-grand-centre-de-donnees-d-afrique-de-l-est-20250502\" data-fig-type=\"Article\" data-gtm-custom-categorie=\"navigation\" data-gtm-custom-action=\"crossclick\" data-gtm-custom-label=\"Contextuel\" data-gtm-event=\"customEventSPE\" data-fig-domain=\"LEFIGARO\" rel=\"nofollow noopener\" target=\"_blank\">cadres\u00a0<\/a>occupent une place de choix. Ils sont surrepr\u00e9sent\u00e9s dans la population active parisienne\u00a0: 49,9\u00a0% des actifs de 15 \u00e0 64\u00a0ans contre 10,1\u00a0% au niveau national (Insee). En 2021, une \u00e9tude de Cadremploi r\u00e9v\u00e9lait que 82\u00a0% des cadres franciliens confessaient vouloir quitter la r\u00e9gion, r\u00eavant d\u2019un ailleurs plus apais\u00e9\u2026<\/p>\n<p class=\"fig-premium-paywall__infos\">\n        Cet article est r\u00e9serv\u00e9 aux abonn\u00e9s.        Il vous reste 82% \u00e0 d\u00e9couvrir.\n    <\/p>\n<p>                <img  data- alt=\"Le Figaro\" class=\"fig-img--complete fig-img\"\/><\/p>\n<p class=\"fig-premium-paywall__title\">Vente Flash<\/p>\n<p class=\"fig-premium-paywall__subtitle\">4,99\u20ac par mois pendant 12 mois. Sans engagement.<\/p>\n<p class=\"fig-premium-paywall__connect\">\n                D\u00e9j\u00e0 abonn\u00e9\u00a0?                <a class=\"fig-premium-paywall__connect-link\" href=\"https:\/\/connect.lefigaro.fr\/login?client=horizon_web&amp;type=main&amp;redirect_uri=https%3A%2F%2Fwww.lefigaro.fr%2Fvox%2Fsociete%2Fderriere-la-desertification-de-paris-le-grand-declassement-des-cadres-en-france-20250529\" data-js-gtm=\"{&quot;customCategorie&quot;: &quot;conversion&quot;, &quot;customAction&quot;: &quot;before_Landing_Connexion_paywall_auto&quot;, &quot;customLabel&quot;: &quot;bGVmaWdhcm8uZnJfXzFmMDNiYTJjLTQ5MWEtNjBkZS1hZDg5LWM1ZjdiNDExMzJlOF9fQXJ0aWNsZQ==_Derri\u00e8re la d\u00e9sertification de Paris, le grand d\u00e9classement des cadres en France_488&quot;, &quot;customIDSPE&quot;: &quot;bGVmaWdhcm8uZnJfXzFmMDNiYTJjLTQ5MWEtNjBkZS1hZDg5LWM1ZjdiNDExMzJlOF9fQXJ0aWNsZQ==&quot;, &quot;event&quot;: &quot;customEventSPE&quot;}\" rel=\"nofollow noopener\" target=\"_blank\"><br \/>\n                    Connectez-vous<br \/>\n                <\/a>\n            <\/p>\n","protected":false},"excerpt":{"rendered":"ANALYSE &#8211; La capitale va continuer \u00e0 se vider de ses habitants, selon les projections de l\u2019Insee. Ce&hellip;\n","protected":false},"author":2,"featured_media":137422,"comment_status":"","ping_status":"","sticky":false,"template":"","format":"standard","meta":{"footnotes":""},"categories":[1888],"tags":[11,2061,1428,1292,5361,5360,1777,674,1429,1011,27,12,1427,626,1426,25,104],"class_list":{"0":"post-137421","1":"post","2":"type-post","3":"status-publish","4":"format-standard","5":"has-post-thumbnail","7":"category-paris","8":"tag-actualites","9":"tag-cadres","10":"tag-chroniqueurs","11":"tag-debat","12":"tag-debat-societe","13":"tag-debats-societaux","14":"tag-eu","15":"tag-europe","16":"tag-figarovox","17":"tag-fr","18":"tag-france","19":"tag-news","20":"tag-opinions","21":"tag-paris","22":"tag-questions","23":"tag-republique-francaise","24":"tag-societe"},"share_on_mastodon":{"url":"https:\/\/pubeurope.com\/@fr\/114592520816726257","error":""},"_links":{"self":[{"href":"https:\/\/www.europesays.com\/fr\/wp-json\/wp\/v2\/posts\/137421","targetHints":{"allow":["GET"]}}],"collection":[{"href":"https:\/\/www.europesays.com\/fr\/wp-json\/wp\/v2\/posts"}],"about":[{"href":"https:\/\/www.europesays.com\/fr\/wp-json\/wp\/v2\/types\/post"}],"author":[{"embeddable":true,"href":"https:\/\/www.europesays.com\/fr\/wp-json\/wp\/v2\/users\/2"}],"replies":[{"embeddable":true,"href":"https:\/\/www.europesays.com\/fr\/wp-json\/wp\/v2\/comments?post=137421"}],"version-history":[{"count":0,"href":"https:\/\/www.europesays.com\/fr\/wp-json\/wp\/v2\/posts\/137421\/revisions"}],"wp:featuredmedia":[{"embeddable":true,"href":"https:\/\/www.europesays.com\/fr\/wp-json\/wp\/v2\/media\/137422"}],"wp:attachment":[{"href":"https:\/\/www.europesays.com\/fr\/wp-json\/wp\/v2\/media?parent=137421"}],"wp:term":[{"taxonomy":"category","embeddable":true,"href":"https:\/\/www.europesays.com\/fr\/wp-json\/wp\/v2\/categories?post=137421"},{"taxonomy":"post_tag","embeddable":true,"href":"https:\/\/www.europesays.com\/fr\/wp-json\/wp\/v2\/tags?post=137421"}],"curies":[{"name":"wp","href":"https:\/\/api.w.org\/{rel}","templated":true}]}}