{"id":137425,"date":"2025-05-29T18:25:16","date_gmt":"2025-05-29T18:25:16","guid":{"rendered":"https:\/\/www.europesays.com\/fr\/137425\/"},"modified":"2025-05-29T18:25:16","modified_gmt":"2025-05-29T18:25:16","slug":"en-direct-ukraine-moscou-denonce-la-demande-de-kiev-de-presenter-des-conditions-de-paix-avant-de-nouveaux-pourparlers","status":"publish","type":"post","link":"https:\/\/www.europesays.com\/fr\/137425\/","title":{"rendered":"EN DIRECT &#8211; Ukraine : Moscou d\u00e9nonce la \u00ab\u00a0demande\u00a0\u00bb de Kiev de pr\u00e9senter des conditions de paix avant de nouveaux pourparlers"},"content":{"rendered":"<p>Lors d&rsquo;un appel avec son homologue russe Sergue\u00ef Lavrov, le secr\u00e9taire d&rsquo;\u00c9tat am\u00e9ricain, Marco Rubio, a appel\u00e9 mercredi Moscou \u00e0 s&rsquo;engager dans des n\u00e9gociations \u00ab\u00a0de bonne foi\u00a0\u00bb avec l&rsquo;Ukraine.Suivez les derni\u00e8res informations en direct.<a href=\"https:\/\/www.tf1info.fr\/actualite\/invasion-de-l-ukraine-par-la-russie-une-guerre-qui-dure-12951\/\" rel=\"noopener\" class=\"jsx-3118104007 Link jsx-1428418400 jsx-554215408\" target=\"_blank\"><\/p>\n<p style=\"font-weight:400\" class=\"jsx-1837267516\">Suivez la couverture compl\u00e8te<\/p>\n<p style=\"font-weight:800\" class=\"jsx-1837267516\">Ukraine : 4\u1d49 ann\u00e9e de guerre<\/p>\n<p><\/a>Minute par minute19:54N\u00c9GOCIATIONS<\/p>\n<p>Des d\u00e9l\u00e9gations russe et ukrainienne s&rsquo;\u00e9taient retrouv\u00e9es lors de discussions le 16 mai \u00e0 Istanbul, les premi\u00e8res depuis le printemps 2022. La porte-parole de la diplomatie russe, Maria Zakharova, a indiqu\u00e9 jeudi \u00e0 la t\u00e9l\u00e9vision russe que la Russie pr\u00e9voyait d&rsquo;envoyer lundi prochain la \u00ab\u00a0m\u00eame\u00a0\u00bb \u00e9quipe qu&rsquo;au premier cycle de n\u00e9gociations.<\/p>\n<p>La d\u00e9l\u00e9gation russe \u00e9tait men\u00e9e par Vladimir Medinski, un conseiller de second plan, d\u00e9j\u00e0 charg\u00e9 des pourparlers du printemps 2022 qui avaient \u00e9chou\u00e9. La composition de la d\u00e9l\u00e9gation russe avait \u00e9t\u00e9 vue par Kiev comme un signe que Moscou ne prenait pas ce processus au s\u00e9rieux.<\/p>\n<p>19:11SEPT CIVILS TU\u00c9S<\/p>\n<p>Les autorit\u00e9s ukrainiennes ont affirm\u00e9 jeudi qu&rsquo;au moins sept civils avaient \u00e9t\u00e9 tu\u00e9s par des frappes russes : deux par des drones dans la r\u00e9gion de Kherson, l&rsquo;un par un missile ayant vis\u00e9 une ferme dans la r\u00e9gion de Mikola\u00efv, un autre par une frappe dans la r\u00e9gion de Donetsk, un homme par un drone dans la r\u00e9gion de Soumy et deux autres dans la r\u00e9gion de Zaporijjia.<\/p>\n<p>Dans la nuit de mercredi \u00e0 jeudi, l&rsquo;arm\u00e9e de l&rsquo;air ukrainienne a affirm\u00e9 que le pays avait subi une attaque de 90 drones et a dit avoir d\u00e9truit 56 de ces cibles.<\/p>\n<p>18:34D\u00c9SINFORMATION RUSSE<\/p>\n<p>L\u2019arm\u00e9e fran\u00e7aise est vis\u00e9e par des campagnes de d\u00e9sinformation venues de Russie. Moscou, qui se r\u00e9jouit du d\u00e9part progressif des Am\u00e9ricains sur le flanc occidental de l&rsquo;Europe, n\u2019appr\u00e9cie pas le renforcement des troupes europ\u00e9ennes. L\u2019arm\u00e9e allemande est \u00e9galement vis\u00e9e. Plus de pr\u00e9cisions dans notre article ci-dessous.<\/p>\n<p>International<img decoding=\"async\" src=\"https:\/\/www.europesays.com\/fr\/wp-content\/uploads\/2025\/05\/armee-francaise-illusration-febbc3-0@1x.jpeg\" alt=\"Guerre en Ukraine : l\u2019arm\u00e9e fran\u00e7aise cibl\u00e9e par la d\u00e9sinformation russe\" loading=\"lazy\" importance=\"low\" fetchpriority=\"low\" class=\"\" aria-hidden=\"true\"\/><\/p>\n<p>Publi\u00e9 aujourd&rsquo;hui \u00e0 17h12<\/p>\n<p>17:11AIDE \u00c0 L&rsquo;UKRAINE<\/p>\n<p>Le Fonds mon\u00e9taire international (FMI) a annonc\u00e9 jeudi \u00eatre parvenu \u00e0 un accord avec le gouvernement ukrainien en vue du versement d&rsquo;une nouvelle tranche de 500 millions de dollars dans le cadre du programme d&rsquo;aide en cours. L&rsquo;accord doit encore \u00eatre valid\u00e9 par le conseil d&rsquo;administration du Fonds pour devenir effectif, ce qui devrait intervenir \u00ab\u00a0dans les prochaines semaines\u00a0\u00bb, selon le communiqu\u00e9 de l&rsquo;organisation.<\/p>\n<p>Ce nouveau d\u00e9boursement porterait \u00e0 10,65 milliards de dollars les fonds d&rsquo;ores et d\u00e9j\u00e0 d\u00e9bours\u00e9s, sur les 15,5 milliards de dollars pr\u00e9vus par le programme d&rsquo;aide. Ce dernier s&rsquo;inscrit dans un grand plan international d&rsquo;aide d&rsquo;un montant total de 122 milliards de dollars, approuv\u00e9 en mars 2023 par l&rsquo;ensemble des pays soutenant l&rsquo;Ukraine depuis le d\u00e9but de l&rsquo;invasion russe.<\/p>\n<p>17:10&Prime;DUPLICIT\u00c9 RUSSE\u00a0\u00bb<\/p>\n<p>Moscou a propos\u00e9 \u00e0 Kiev la reprise de pourparlers, et donne rendez-vous lundi prochain \u00e0 Istanbul (Turquie). Mais les Ukrainiens parlent de \u00ab\u00a0duplicit\u00e9 russe\u00a0\u00bb, selon notre correspondant sur place, \u00e0 cause des bombardements de plus en plus nombreux. Plus de pr\u00e9cisions dans notre article ci-dessous.<\/p>\n<p>International<img decoding=\"async\" src=\"https:\/\/www.europesays.com\/fr\/wp-content\/uploads\/2025\/05\/rencontre-delegations-ukraine-russie-istanbul-turquie-16-mai-2025-82c778-0@1x.jpeg\" alt=\"Cette photo diffus\u00e9e par le minist\u00e8re ukrainien des Affaires \u00e9trang\u00e8res le 16 mai 2025 montre des membres des d\u00e9l\u00e9gations ukrainienne (\u00e0 gauche) et russe (\u00e0 droite) participant \u00e0 une r\u00e9union au palais de Dolmabah\u00e7e, \u00e0 Istanbul, en Turquie.\" loading=\"lazy\" importance=\"low\" fetchpriority=\"low\" class=\"\" aria-hidden=\"true\"\/><\/p>\n<p>Publi\u00e9 aujourd&rsquo;hui \u00e0 15h44<\/p>\n<p>16:35LA SERBIE ACCUS\u00c9E<\/p>\n<p>Les services de renseignement ext\u00e9rieurs russes (SVR) ont accus\u00e9 jeudi les entreprises d&rsquo;armement serbes d&rsquo;essayer de \u00ab\u00a0tirer dans le dos\u00a0\u00bb de Moscou, pourtant un alli\u00e9 historique de Belgrade, en vendant des munitions \u00e0 l&rsquo;Ukraine, o\u00f9 la Russie a lanc\u00e9 une offensive en 2022.<\/p>\n<p>\u00ab\u00a0Les entreprises de d\u00e9fense serbes, en d\u00e9pit de la &lsquo;neutralit\u00e9&rsquo; officielle de Belgrade, continuent de livrer des munitions \u00e0 Kiev\u00a0\u00bb, a affirm\u00e9 le SVR dans un communiqu\u00e9 publi\u00e9 sur son site. Selon cette source, ces soci\u00e9t\u00e9s utilisent de \u00ab\u00a0faux certificats\u00a0\u00bb dissimulant le destinataire final et font transiter les munitions via des pays tiers, notamment des membres de l&rsquo;Otan \u00ab\u00a0comme la R\u00e9publique tch\u00e8que, la Pologne et la Bulgarie.\u00a0\u00bb<\/p>\n<p>Il s&rsquo;agit d&rsquo;une rare et v\u00e9h\u00e9mente critique d&rsquo;un organe officiel russe \u00e0 l&rsquo;encontre d&rsquo;entit\u00e9s serbes, alors que Moscou et Belgrade se f\u00e9licitent r\u00e9guli\u00e8rement d&rsquo;avoir d&rsquo;excellentes relations entre nations slaves.<\/p>\n<p>16:33&Prime;DES ULTIMATUMS IRR\u00c9ALISTES\u00a0\u00bb<\/p>\n<p>\u00ab\u00a0La peur des Russes d&rsquo;envoyer leur &lsquo;m\u00e9morandum&rsquo; \u00e0 l&rsquo;Ukraine sugg\u00e8re qu&rsquo;il contient vraisemblablement des ultimatums irr\u00e9alistes, et ils craignent de r\u00e9v\u00e9ler qu&rsquo;ils freinent le processus de paix\u00a0\u00bb, a r\u00e9agi sur X le porte-parole du minist\u00e8re des Affaires \u00e9trang\u00e8res, Gueorgui\u00ef Tykhi\u00ef, aux d\u00e9clarations du Kremlin.<\/p>\n<p>Mais \u00ab\u00a0si ce n&rsquo;est pas le cas, ils doivent transmettre ce document imm\u00e9diatement (&#8230;) et arr\u00eater de jouer \u00e0 ces jeux qui montrent seulement qu&rsquo;ils veulent probablement que la prochaine rencontre soit vide\u00a0\u00bb, a-t-il ajout\u00e9.<\/p>\n<p>14:28DRONE G\u00c9ANT BATYAR<\/p>\n<p>Dans quelques semaines, l&rsquo;arm\u00e9e ukrainienne testera au combat un nouveau mod\u00e8le de drone g\u00e9ant baptis\u00e9 \u00ab\u00a0Batyar\u00a0\u00bb. Produit par l\u2019entreprise DeepStrikeTech, il a \u00e9t\u00e9 con\u00e7u pour concurrencer les drones de conception iranienne Shahed, pris\u00e9s par Moscou.<\/p>\n<p>International<img decoding=\"async\" src=\"https:\/\/www.europesays.com\/fr\/wp-content\/uploads\/2025\/05\/drone-pilote-armee-133b39-0@1x.jpeg\" alt=\"&quot;Leurre, bombardier ou drone kamikaze&quot; : ce que l'on sait du Batyar, la derni\u00e8re arme de l'Ukraine\" loading=\"lazy\" importance=\"low\" fetchpriority=\"low\" class=\"\" aria-hidden=\"true\"\/><\/p>\n<p>Publi\u00e9 aujourd&rsquo;hui \u00e0 14h10<\/p>\n<p>12:03NE PAS \u00ab\u00a0FERMER LA PORTE\u00a0\u00bb AU DIALOGUE<\/p>\n<p>Recep Tayyip Erdogan appelle Russie et Ukraine \u00e0 ne pas \u00ab\u00a0fermer la porte\u00a0\u00bb au dialogue, disant esp\u00e9rer la reprise lundi de pourparlers \u00e0 Istanbul entre Moscou et Kiev. \u00ab\u00a0Nous sommes en contact avec la Russie et l&rsquo;Ukraine (&#8230;). Nous leur disons qu&rsquo;il ne faut pas fermer la porte tant qu&rsquo;elle est ouverte\u00a0\u00bb, a d\u00e9clar\u00e9 le chef de l&rsquo;\u00c9tat turc \u00e0 des journalistes voyageant avec lui \u00e0 son retour d&rsquo;une visite mercredi en Azerba\u00efdjan, selon la pr\u00e9sidence turque.<\/p>\n<p>12:02PRISE DE TROIS VILLAGES<\/p>\n<p>L&rsquo;arm\u00e9e russe a revendiqu\u00e9 la prise de trois villages dans l&rsquo;est de l&rsquo;Ukraine. Dans un communiqu\u00e9 post\u00e9 sur les r\u00e9seaux sociaux, l&rsquo;arm\u00e9e russe dit s&rsquo;\u00eatre empar\u00e9e de Stroyevka, dans la r\u00e9gion de Kharkiv, ainsi que de Gnativka et de Chevtchenko Pervoe, deux villages situ\u00e9s dans la r\u00e9gion de Donetsk.\u00a0<\/p>\n<p>11:27LA RUSSIE D\u00c9NONCE LA \u00ab\u00a0DEMANDE\u00a0\u00bb DE KIEV<\/p>\n<p>La pr\u00e9sidence russe a dit \u00ab\u00a0attendre\u00a0\u00bb la r\u00e9ponse de Kiev quant \u00e0 la proposition de Moscou d&rsquo;organiser un deuxi\u00e8me round de pourparlers directs entre Russes et Ukrainiens \u00e0 Istanbul lundi. \u00ab\u00a0Pour autant que je sache, aucune r\u00e9ponse n&rsquo;a encore \u00e9t\u00e9 re\u00e7ue (&#8230;). Nous devons attendre la r\u00e9ponse de la partie ukrainienne\u00a0\u00bb, a indiqu\u00e9 Dmitri Peskov, le porte-parole du Kremlin, lors de son briefing quotidien, tout en critiquant l'\u00a0\u00bbexigence\u00a0\u00bb de Kiev de conna\u00eetre les conditions de Moscou pour la paix avant que ne d\u00e9bute cette r\u00e9union dans la m\u00e9tropole turque.\u00a0<\/p>\n<p>10:57V\u00c9T\u00c9RAN DE MARIOUPOL TU\u00c9<\/p>\n<p>Une explosion a tu\u00e9 en Russie un ancien combattant ayant particip\u00e9 au si\u00e8ge d\u00e9vastateur de la ville ukrainienne de Marioupol en 2022. Dans un communiqu\u00e9, le Comit\u00e9 d&rsquo;enqu\u00eate russe a d\u00e9clar\u00e9 enqu\u00eater sur la mort pendant la nuit de deux hommes retrouv\u00e9s dans un quartier r\u00e9sidentiel de la ville de Stavropol (sud-ouest) avec des blessures \u00ab\u00a0caract\u00e9ristiques du souffle d&rsquo;une explosion\u00a0\u00bb.<\/p>\n<p>L&rsquo;une des victimes est Zaour Gourtsiev, 34 ans, un v\u00e9t\u00e9ran de \u00ab\u00a0l&rsquo;op\u00e9ration militaire sp\u00e9ciale\u00a0\u00bb en Ukraine, a d\u00e9clar\u00e9 sur Telegram Vladimir Vladimirov, le gouverneur de la r\u00e9gion de Stavropol. \u00ab\u00a0Les investigations sont en cours. Toutes les hypoth\u00e8ses sont prises en compte, y compris celle d&rsquo;un attentat avec l&rsquo;implication de nazis ukrainiens\u00a0\u00bb, a-t-il ajout\u00e9, reprenant le r\u00e9cit du Kremlin qui assure combattre en Ukraine des n\u00e9o-nazis.<\/p>\n<p>10:54UKRAINIENS \u00c0 ISTANBUL ?<\/p>\n<p>Les Ukrainiens iront-ils \u00e0 Istanbul ? Voici les derni\u00e8res informations de notre correspondant \u00e0 Kiev.\u00a0<\/p>\n<p>Les Ukrainiens iront-ils \u00e0 Istanbul ? LCI \u00e0 KievSource : TF1 Info<\/p>\n<p><img decoding=\"async\" src=\"https:\/\/www.europesays.com\/fr\/wp-content\/uploads\/2025\/05\/les-ukrainiens-iront-ils-a-istanbul-lci-a-kiev-19ba20-0@1x.jpeg\" alt=\"Les Ukrainiens iront-ils \u00e0 Istanbul ? LCI \u00e0 Kiev\" loading=\"lazy\" importance=\"low\" fetchpriority=\"low\" class=\"\"\/><img decoding=\"async\" src=\"https:\/\/www.europesays.com\/fr\/wp-content\/uploads\/2025\/04\/player-logo-play.svg.svg+xml\" alt=\"Logo lecture\" class=\"jsx-d0de44c05fe3042c PlayerLazyload__Play\"\/>06:59N\u00c9GOCIER \u00ab\u00a0DE BONNE FOI\u00a0\u00bb<\/p>\n<p>Le secr\u00e9taire d&rsquo;\u00c9tat am\u00e9ricain Marco Rubio a quant \u00e0 lui appel\u00e9 Moscou \u00e0 s&rsquo;engager dans des n\u00e9gociations \u00ab\u00a0de bonne foi\u00a0\u00bb avec l&rsquo;Ukraine, lors d&rsquo;un appel avec son homologue russe Sergue\u00ef Lavrov, selon la porte-parole du d\u00e9partement d&rsquo;\u00c9tat. Le chef de la diplomatie am\u00e9ricaine a r\u00e9it\u00e9r\u00e9 aupr\u00e8s du ministre russe des Affaires \u00e9trang\u00e8res l&rsquo;appel de Donald Trump \u00e0 \u00ab\u00a0un dialogue constructif et de bonne foi avec l&rsquo;Ukraine, seul moyen de mettre fin \u00e0 cette guerre\u00a0\u00bb, a affirm\u00e9 Tammy Bruce dans un communiqu\u00e9.<\/p>\n<p>06:56POURPARLERS \u00c0 ISTANBUL<\/p>\n<p>Hier, la Russie a propos\u00e9 \u00e0 l\u2019Ukraine une deuxi\u00e8me s\u00e9ance de pourparlers entre leurs d\u00e9l\u00e9gations respectives \u00e0 Istanbul, lundi prochain, afin de transmettre \u00e0 Kiev un \u00ab\u00a0m\u00e9morandum\u00a0\u00bb, cens\u00e9 exposer ses conditions pour un accord de paix. La proposition exclut la pr\u00e9sence de Vladimir Poutine. \u00ab\u00a0Notre d\u00e9l\u00e9gation, dirig\u00e9e par Vladimir Medinski, est pr\u00eate \u00e0 pr\u00e9senter ce m\u00e9morandum \u00e0 la d\u00e9l\u00e9gation ukrainienne et \u00e0 fournir les explications n\u00e9cessaires lors d&rsquo;un deuxi\u00e8me cycle de n\u00e9gociations directes\u00a0\u00bb, a d\u00e9clar\u00e9 le ministre russe des Affaires \u00e9trang\u00e8res, Sergue\u00ef Lavrov, dans un communiqu\u00e9.<\/p>\n<p><a href=\"https:\/\/x.com\/rustem_umerov\/status\/1927797072243429633\">Sur X<\/a>, l&rsquo;Ukraine s&rsquo;est dite pr\u00eate \u00e0 des discussions plus directes avec la Russie lundi \u00e0 Istanbul, mais Moscou doit selon elle fournir \u00e0 l&rsquo;avance ses conditions en vue d&rsquo;une paix pour que la rencontre donne des r\u00e9sultats. \u00ab\u00a0Nous ne sommes pas oppos\u00e9s \u00e0 de nouvelles r\u00e9unions avec les Russes et attendons leur m\u00e9morandum\u00a0\u00bb, a d\u00e9clar\u00e9 le ministre ukrainien de la D\u00e9fense, Roustem Oumerov.\u00a0<\/p>\n<p>06:47BONJOUR<\/p>\n<p>Bienvenue dans ce direct consacr\u00e9 \u00e0 la guerre en Ukraine et \u00e0 ses cons\u00e9quences. Retrouvez ici les derni\u00e8res informations et les images fortes autour de ce conflit.<\/p>\n<p data-module=\"article-paragraph\" class=\"jsx-362436225 Paragraph\">L&rsquo;Ukraine s&rsquo;est dite pr\u00eate mercredi \u00e0 <a href=\"https:\/\/www.tf1info.fr\/international\/guerre-ukraine-russie-moscou-propose-a-kiev-de-nouveaux-pourparlers-a-istanbul-lundi-2373676.html\" target=\"_blank\" rel=\"noopener\">des pourparlers lundi \u00e0 Istanbul avec la Russie<\/a>, si Moscou, \u00e0 qui revient cette initiative, fournit \u00e0 l&rsquo;avance ses conditions en vue d&rsquo;une paix pour que la rencontre donne des r\u00e9sultats.\u00a0<\/p>\n<p data-module=\"article-paragraph\" class=\"jsx-362436225 Paragraph Paragraph__End\">Le chef de la diplomatie russe Sergue\u00ef Lavrov a de son c\u00f4t\u00e9 expliqu\u00e9 au t\u00e9l\u00e9phone \u00e0 son homologue am\u00e9ricain Marco Rubio comment son pays entendait entamer des discussions avec les Ukrainiens en Turquie, selon le minist\u00e8re russe des Affaires \u00e9trang\u00e8res.<\/p>\n<p data-module=\"article-paragraph\" class=\"jsx-362436225 Paragraph\">La Russie a en effet propos\u00e9 mercredi \u00e0 l&rsquo;Ukraine une deuxi\u00e8me s\u00e9ance de pourparlers directs \u00e0 Istanbul afin de lui transmettre un \u00ab\u00a0m\u00e9morandum\u00a0\u00bb cens\u00e9 exposer ses conditions afin de parvenir \u00e0 un accord de paix durable. Et ce apr\u00e8s que le pr\u00e9sident am\u00e9ricain <a href=\"https:\/\/www.tf1info.fr\/international\/guerre-ukraine-russie-il-joue-avec-le-feu-donald-trump-met-un-nouveau-coup-de-pression-sur-vladimir-poutine-2373412.html\" target=\"_blank\" rel=\"noopener\">Donald Trump eut adopt\u00e9 ces derniers jours un ton plus dur \u00e0 l&rsquo;\u00e9gard de son homologue russe Vladimir Poutine<\/a>.<\/p>\n<p data-module=\"article-paragraph\" class=\"jsx-362436225 Paragraph Paragraph__End\">\u00ab\u00a0Notre d\u00e9l\u00e9gation, dirig\u00e9e par (Vladimir) Medinski, est pr\u00eate \u00e0 pr\u00e9senter ce m\u00e9morandum \u00e0 la d\u00e9l\u00e9gation ukrainienne et \u00e0 fournir les explications n\u00e9cessaires lors d&rsquo;un deuxi\u00e8me cycle de n\u00e9gociations directes reprenant \u00e0 Istanbul, le 2 juin\u00a0\u00bb, a annonc\u00e9 Sergue\u00ef Lavrov, dans un communiqu\u00e9.<\/p>\n<ul class=\"jsx-3657663356 ReadMoreArticle__List flex flex-column\">\n<li class=\"jsx-3657663356\"><a href=\"https:\/\/www.tf1info.fr\/international\/guerre-ukraine-deux-offensives-russes-a-venir-2373628.html\" rel=\"noopener\" class=\"jsx-4233824444 Link flex\" target=\"_blank\"><img decoding=\"async\" src=\"https:\/\/www.europesays.com\/fr\/wp-content\/uploads\/2025\/05\/sur-la-route-de-la-mort-entre-la-region-de-koursk-et-l-ukraine-5530e3-0@1x.jpeg\" alt=\"Lire aussi\" loading=\"lazy\" importance=\"low\" fetchpriority=\"low\" class=\"\"\/>\n<p class=\"jsx-3657663356 ReadMoreArticle__Title\">Lire aussi<\/p>\n<p class=\"jsx-3657663356\">\u00c0 l&rsquo;est puis au nord de l&rsquo;Ukraine : deux offensives russes \u00e0 venir ?<\/p>\n<p><\/a><\/li>\n<\/ul>\n<p data-module=\"article-paragraph\" class=\"jsx-362436225 Paragraph Paragraph__End\">\u00ab\u00a0Nous ne sommes pas oppos\u00e9s \u00e0 de nouvelles r\u00e9unions avec les Russes et attendons leur m\u00e9morandum\u00a0\u00bb, a r\u00e9agi dans la soir\u00e9e le ministre ukrainien de la D\u00e9fense, Roustem Oumerov. \u00ab\u00a0La partie russe dispose encore d&rsquo;au moins quatre jours avant son d\u00e9part (en Turquie) pour nous fournir son document \u00e0 examiner\u00a0\u00bb, a-t-il ajout\u00e9.<\/p>\n<p>La r\u00e9daction de TF1info<\/p>\n","protected":false},"excerpt":{"rendered":"Lors d&rsquo;un appel avec son homologue russe Sergue\u00ef Lavrov, le secr\u00e9taire d&rsquo;\u00c9tat am\u00e9ricain, Marco Rubio, a appel\u00e9 mercredi&hellip;\n","protected":false},"author":2,"featured_media":137426,"comment_status":"","ping_status":"","sticky":false,"template":"","format":"standard","meta":{"footnotes":""},"categories":[1590],"tags":[1111,11,1921,5925,75,73,1777,674,1918,1922,1916,12,2543,132,220,1917,133,1920,135],"class_list":{"0":"post-137425","1":"post","2":"type-post","3":"status-publish","4":"format-standard","5":"has-post-thumbnail","7":"category-ukraine","8":"tag-actu","9":"tag-actualites","10":"tag-article-video","11":"tag-conflits-et-guerre","12":"tag-donald-trump","13":"tag-etats-unis","14":"tag-eu","15":"tag-europe","16":"tag-guerre-en-ukraine-une-treve-en-negociation","17":"tag-info","18":"tag-moscou","19":"tag-news","20":"tag-relations-internationales","21":"tag-russie","22":"tag-ukraine","23":"tag-ukraine-4-annee-de-guerre","24":"tag-video","25":"tag-video-international","26":"tag-vladimir-poutine"},"share_on_mastodon":{"url":"https:\/\/pubeurope.com\/@fr\/114592528819393261","error":""},"_links":{"self":[{"href":"https:\/\/www.europesays.com\/fr\/wp-json\/wp\/v2\/posts\/137425","targetHints":{"allow":["GET"]}}],"collection":[{"href":"https:\/\/www.europesays.com\/fr\/wp-json\/wp\/v2\/posts"}],"about":[{"href":"https:\/\/www.europesays.com\/fr\/wp-json\/wp\/v2\/types\/post"}],"author":[{"embeddable":true,"href":"https:\/\/www.europesays.com\/fr\/wp-json\/wp\/v2\/users\/2"}],"replies":[{"embeddable":true,"href":"https:\/\/www.europesays.com\/fr\/wp-json\/wp\/v2\/comments?post=137425"}],"version-history":[{"count":0,"href":"https:\/\/www.europesays.com\/fr\/wp-json\/wp\/v2\/posts\/137425\/revisions"}],"wp:featuredmedia":[{"embeddable":true,"href":"https:\/\/www.europesays.com\/fr\/wp-json\/wp\/v2\/media\/137426"}],"wp:attachment":[{"href":"https:\/\/www.europesays.com\/fr\/wp-json\/wp\/v2\/media?parent=137425"}],"wp:term":[{"taxonomy":"category","embeddable":true,"href":"https:\/\/www.europesays.com\/fr\/wp-json\/wp\/v2\/categories?post=137425"},{"taxonomy":"post_tag","embeddable":true,"href":"https:\/\/www.europesays.com\/fr\/wp-json\/wp\/v2\/tags?post=137425"}],"curies":[{"name":"wp","href":"https:\/\/api.w.org\/{rel}","templated":true}]}}