{"id":137427,"date":"2025-05-29T18:26:09","date_gmt":"2025-05-29T18:26:09","guid":{"rendered":"https:\/\/www.europesays.com\/fr\/137427\/"},"modified":"2025-05-29T18:26:09","modified_gmt":"2025-05-29T18:26:09","slug":"aux-etats-unis-se-dirige-t-on-vers-une-revolution-de-lenseignement-superieur","status":"publish","type":"post","link":"https:\/\/www.europesays.com\/fr\/137427\/","title":{"rendered":"\u00ab\u00a0Aux \u00c9tats-Unis, se dirige-t-on vers une r\u00e9volution de l\u2019enseignement sup\u00e9rieur\u00a0?\u00a0\u00bb"},"content":{"rendered":"<p><strong>TRIBUNE &#8211;<\/strong> Pour la philosophe Julie Girard, l\u2019offensive men\u00e9e par Trump contre Harvard et le bras de fer entam\u00e9 par les universit\u00e9s prestigieuses avec le gouvernement am\u00e9ricain mettent en lumi\u00e8re les nombreux d\u00e9fis que va devoir relever l\u2019enseignement sup\u00e9rieur aux \u00c9tats-Unis\u00a0: mont\u00e9e de l\u2019antis\u00e9mitisme, baisse de valeur des dipl\u00f4mes\u2026<\/p>\n<p class=\"fig-paragraph\">En d\u00e9pit de l\u2019image d\u2019opulence et de puissance qu\u2019elle affiche, l\u2019universit\u00e9 am\u00e9ricaine est en proie \u00e0 deux fl\u00e9aux end\u00e9miques, l\u2019antis\u00e9mitisme et la pens\u00e9e\u00a0<a href=\"http:\/\/www.lefigaro.fr\/vox\/medias\/la-semaine-du-figarovox-face-a-l-obscurantisme-woke-le-livre-que-devrait-lire-emmanuel-macron-20250502\" data-fig-type=\"Article\" data-gtm-custom-categorie=\"navigation\" data-gtm-custom-action=\"crossclick\" data-gtm-custom-label=\"Contextuel\" data-gtm-event=\"customEventSPE\" data-fig-domain=\"LEFIGARO\" target=\"_blank\" rel=\"noopener\">woke<\/a>, qui n\u2019ont cess\u00e9 de gagner du terrain ces derni\u00e8res ann\u00e9es, en particulier depuis le<a href=\"http:\/\/www.lefigaro.fr\/international\/7octobre-un-an-de-descente-aux-enfers-au-proche-orient-20241006\" data-fig-type=\"Article\" data-gtm-custom-categorie=\"navigation\" data-gtm-custom-action=\"crossclick\" data-gtm-custom-label=\"Contextuel\" data-gtm-event=\"customEventSPE\" data-fig-domain=\"LEFIGARO\" target=\"_blank\" rel=\"noopener\">\u00a07\u00a0octobre<\/a>\u00a02023. \u00c0 cela s\u2019ajoute un accroissement de la bureaucratie ainsi qu\u2019une hausse continue des frais de scolarit\u00e9, qui ont aliment\u00e9 une dette \u00e9tudiante abyssale, aujourd\u2019hui estim\u00e9e \u00e0 1777\u00a0milliards de dollars par le d\u00e9partement de l\u2019\u00c9ducation. Face \u00e0 cette situation, l\u2019Administration Trump a d\u00e9cid\u00e9 d\u2019agir \u00e0 travers un arsenal de mesures financi\u00e8res muscl\u00e9es, certaines d\u00e9j\u00e0 appliqu\u00e9es, d\u2019autres simplement annonc\u00e9es\u00a0: coupes budg\u00e9taires, r\u00e9vocation des exemptions fiscales, limitation de la capacit\u00e9 \u00e0 accueillir des \u00e9tudiants internationaux, annulation massive de contrats f\u00e9d\u00e9raux\u2026 Ainsi, Harvard a d\u00e9j\u00e0 \u00e9cop\u00e9 d\u2019une suspension de ses subventions f\u00e9d\u00e9rales de recherche \u00e0 hauteur d\u2019environ 2,7\u00a0milliards de dollars, en sus d\u2019une annulation\u2026<\/p>\n<p class=\"fig-premium-paywall__infos\">\n        Cet article est r\u00e9serv\u00e9 aux abonn\u00e9s.        Il vous reste 86% \u00e0 d\u00e9couvrir.\n    <\/p>\n<p>                <img  data- alt=\"Le Figaro\" class=\"fig-img--complete fig-img\"\/><\/p>\n<p class=\"fig-premium-paywall__title\">Vente Flash<\/p>\n<p class=\"fig-premium-paywall__subtitle\">4,99\u20ac par mois pendant 12 mois. Sans engagement.<\/p>\n<p class=\"fig-premium-paywall__connect\">\n                D\u00e9j\u00e0 abonn\u00e9\u00a0?                <a class=\"fig-premium-paywall__connect-link\" href=\"https:\/\/connect.lefigaro.fr\/login?client=horizon_web&amp;type=main&amp;redirect_uri=https%3A%2F%2Fwww.lefigaro.fr%2Fvox%2Fmonde%2Fjulie-girard-aux-etats-unis-se-dirige-t-on-vers-une-revolution-de-l-enseignement-superieur-20250529\" data-js-gtm=\"{&quot;customCategorie&quot;: &quot;conversion&quot;, &quot;customAction&quot;: &quot;before_Landing_Connexion_paywall_auto&quot;, &quot;customLabel&quot;: &quot;bGVmaWdhcm8uZnJfXzFmMDNjNzlkLWYyOTItNjQ1OC1hYzI2LWI3OTU0YjVlNzBmNF9fQXJ0aWNsZQ==_Julie Girard\u00a0: \u00ab\u00a0Aux \u00c9tats-Unis, se dirige-t-on vers une r\u00e9volution de l\u2019enseignement sup\u00e9rieur\u00a0?\u00a0\u00bb_1000&quot;, &quot;customIDSPE&quot;: &quot;bGVmaWdhcm8uZnJfXzFmMDNjNzlkLWYyOTItNjQ1OC1hYzI2LWI3OTU0YjVlNzBmNF9fQXJ0aWNsZQ==&quot;, &quot;event&quot;: &quot;customEventSPE&quot;}\" target=\"_blank\" rel=\"noopener\"><br \/>\n                    Connectez-vous<br \/>\n                <\/a>\n            <\/p>\n","protected":false},"excerpt":{"rendered":"TRIBUNE &#8211; Pour la philosophe Julie Girard, l\u2019offensive men\u00e9e par Trump contre Harvard et le bras de fer&hellip;\n","protected":false},"author":2,"featured_media":137428,"comment_status":"","ping_status":"","sticky":false,"template":"","format":"standard","meta":{"footnotes":""},"categories":[1589],"tags":[11,1428,1292,2198,2197,75,4854,73,1866,1429,666,14,12,1427,1426,1864,1865,1863,308],"class_list":{"0":"post-137427","1":"post","2":"type-post","3":"status-publish","4":"format-standard","5":"has-post-thumbnail","7":"category-etats-unis","8":"tag-actualites","9":"tag-chroniqueurs","10":"tag-debat","11":"tag-debat-monde","12":"tag-debats-international","13":"tag-donald-trump","14":"tag-enseignement-superieur","15":"tag-etats-unis","16":"tag-etats-unis-damerique","17":"tag-figarovox","18":"tag-harvard","19":"tag-international","20":"tag-news","21":"tag-opinions","22":"tag-questions","23":"tag-united-states","24":"tag-united-states-of-america","25":"tag-us","26":"tag-usa"},"share_on_mastodon":{"url":"https:\/\/pubeurope.com\/@fr\/114592533319282706","error":""},"_links":{"self":[{"href":"https:\/\/www.europesays.com\/fr\/wp-json\/wp\/v2\/posts\/137427","targetHints":{"allow":["GET"]}}],"collection":[{"href":"https:\/\/www.europesays.com\/fr\/wp-json\/wp\/v2\/posts"}],"about":[{"href":"https:\/\/www.europesays.com\/fr\/wp-json\/wp\/v2\/types\/post"}],"author":[{"embeddable":true,"href":"https:\/\/www.europesays.com\/fr\/wp-json\/wp\/v2\/users\/2"}],"replies":[{"embeddable":true,"href":"https:\/\/www.europesays.com\/fr\/wp-json\/wp\/v2\/comments?post=137427"}],"version-history":[{"count":0,"href":"https:\/\/www.europesays.com\/fr\/wp-json\/wp\/v2\/posts\/137427\/revisions"}],"wp:featuredmedia":[{"embeddable":true,"href":"https:\/\/www.europesays.com\/fr\/wp-json\/wp\/v2\/media\/137428"}],"wp:attachment":[{"href":"https:\/\/www.europesays.com\/fr\/wp-json\/wp\/v2\/media?parent=137427"}],"wp:term":[{"taxonomy":"category","embeddable":true,"href":"https:\/\/www.europesays.com\/fr\/wp-json\/wp\/v2\/categories?post=137427"},{"taxonomy":"post_tag","embeddable":true,"href":"https:\/\/www.europesays.com\/fr\/wp-json\/wp\/v2\/tags?post=137427"}],"curies":[{"name":"wp","href":"https:\/\/api.w.org\/{rel}","templated":true}]}}