{"id":137452,"date":"2025-05-29T18:41:09","date_gmt":"2025-05-29T18:41:09","guid":{"rendered":"https:\/\/www.europesays.com\/fr\/137452\/"},"modified":"2025-05-29T18:41:09","modified_gmt":"2025-05-29T18:41:09","slug":"giro-tour-ditalie-isaac-del-toro-pas-encore-de-plan-pour-les-prochains-jours","status":"publish","type":"post","link":"https:\/\/www.europesays.com\/fr\/137452\/","title":{"rendered":"Giro. Tour d&rsquo;Italie &#8211; Isaac Del Toro : \u00abPas encore de plan pour les prochains jours\u00bb"},"content":{"rendered":"<p>A l&rsquo;aube des deux \u00e9tapes qui vont d\u00e9cider le sort de ce <a href=\"https:\/\/www.cyclismactu.net\/..\/news-giro-route-tour-d-italie-nico-denz-remporte-18e-etape-du-giro-en-solitaire-88115.html\" target=\"_blank\" rel=\"nofollow noopener\"><strong>Giro d&rsquo;Italia<\/strong><\/a>, <strong>Isaac Del Toro<\/strong> et tous les favoris de cette 108e \u00e9dition ont pass\u00e9 une 18e \u00e9tape plut\u00f4t calme. Le Mexicain de la formation <strong>UAE Team Emirates XRG<\/strong> compte toujours 41&Prime; et 51&Prime; d&rsquo;avance sur ses deux principaux concurrents au maillot Rose, <strong>Richard Carapaz<\/strong> (EF Education-EasyPost) et <strong>Simon Yates<\/strong> (Visma | Lease a Bike). La bataille des deux prochains jours d&rsquo;annonce rude !<\/p>\n<p>Vid\u00e9o &#8211; La r\u00e9action d&rsquo;Isaac Del Toro \u00e0 l&rsquo;arriv\u00e9e de cette 18e \u00e9tape Lire la suite de l&rsquo;article&#13;<\/p>\n<p>\u00a0<\/p>\n<p>&#13;<br \/>\n\u00ab\u00a0Il faudra que je sois attentif et pr\u00eat\u00a0\u00bb&#13;<\/p>\n<p>\u00ab\u00a0Je me sens bien. Je ne dirais pas que j\u2019ai gagn\u00e9 en confiance avec le r\u00e9sultat d\u2019hier, mais je sais que je suis en forme\u00a0\u00bb, a d\u00e9clar\u00e9 <strong>Del Toro<\/strong> \u00e0 l&rsquo;issue de cette 18e \u00e9tape. \u00ab\u00a0Il y a beaucoup de choses que je ne contr\u00f4le pas, mais je veux vraiment \u00eatre au maximum dans les deux jours \u00e0 venir. Il faudra que je sois attentif et pr\u00eat. L\u2019\u00e9tape 16 a \u00e9t\u00e9 difficile, je ne me sentais pas tr\u00e8s bien, mais j\u2019ai tout donn\u00e9 pour rester avec les meilleurs. Je ne regrette rien.\u00a0\u00bb<\/p>\n<p>&#13;<\/p>\n<p>S\u2019il semble serein, l\u2019approche tactique reste encore floue \u00e0 l\u2019heure actuelle.<strong> Del Toro<\/strong> n\u2019a pas de plan pr\u00e9cis pour affronter les g\u00e9ants alpins qui l\u2019attendent. \u00ab\u00a0Pour \u00eatre honn\u00eate, non, pas encore. Je sais que je devrai \u00eatre \u00e0 l\u2019avant, mais nous allons en discuter avec l\u2019\u00e9quipe ce soir ou demain. On d\u00e9cidera jour apr\u00e8s jour. Je me sens bien\u00a0\u00bb, conclut-il.<\/p>\n<p>Tour d&rsquo;Italie &#8211; Classement de la 18\u00e8 \u00e9tape Tour d&rsquo;Italie &#8211; Classement g\u00e9n\u00e9ral provisoire apr\u00e8s la 18\u00e8 \u00e9tape<\/p>\n","protected":false},"excerpt":{"rendered":"A l&rsquo;aube des deux \u00e9tapes qui vont d\u00e9cider le sort de ce Giro d&rsquo;Italia, Isaac Del Toro et&hellip;\n","protected":false},"author":2,"featured_media":137453,"comment_status":"","ping_status":"","sticky":false,"template":"","format":"standard","meta":{"footnotes":""},"categories":[1411],"tags":[1154,207,1011,27,209,60,3318,208],"class_list":{"0":"post-137452","1":"post","2":"type-post","3":"status-publish","4":"format-standard","5":"has-post-thumbnail","7":"category-cyclisme","8":"tag-cycling","9":"tag-cyclisme","10":"tag-fr","11":"tag-france","12":"tag-route","13":"tag-sports","14":"tag-tour-d","15":"tag-velo"},"share_on_mastodon":{"url":"https:\/\/pubeurope.com\/@fr\/114592591568741914","error":""},"_links":{"self":[{"href":"https:\/\/www.europesays.com\/fr\/wp-json\/wp\/v2\/posts\/137452","targetHints":{"allow":["GET"]}}],"collection":[{"href":"https:\/\/www.europesays.com\/fr\/wp-json\/wp\/v2\/posts"}],"about":[{"href":"https:\/\/www.europesays.com\/fr\/wp-json\/wp\/v2\/types\/post"}],"author":[{"embeddable":true,"href":"https:\/\/www.europesays.com\/fr\/wp-json\/wp\/v2\/users\/2"}],"replies":[{"embeddable":true,"href":"https:\/\/www.europesays.com\/fr\/wp-json\/wp\/v2\/comments?post=137452"}],"version-history":[{"count":0,"href":"https:\/\/www.europesays.com\/fr\/wp-json\/wp\/v2\/posts\/137452\/revisions"}],"wp:featuredmedia":[{"embeddable":true,"href":"https:\/\/www.europesays.com\/fr\/wp-json\/wp\/v2\/media\/137453"}],"wp:attachment":[{"href":"https:\/\/www.europesays.com\/fr\/wp-json\/wp\/v2\/media?parent=137452"}],"wp:term":[{"taxonomy":"category","embeddable":true,"href":"https:\/\/www.europesays.com\/fr\/wp-json\/wp\/v2\/categories?post=137452"},{"taxonomy":"post_tag","embeddable":true,"href":"https:\/\/www.europesays.com\/fr\/wp-json\/wp\/v2\/tags?post=137452"}],"curies":[{"name":"wp","href":"https:\/\/api.w.org\/{rel}","templated":true}]}}