{"id":137454,"date":"2025-05-29T18:42:09","date_gmt":"2025-05-29T18:42:09","guid":{"rendered":"https:\/\/www.europesays.com\/fr\/137454\/"},"modified":"2025-05-29T18:42:09","modified_gmt":"2025-05-29T18:42:09","slug":"le-message-de-neymar-a-un-ancien-du-psg","status":"publish","type":"post","link":"https:\/\/www.europesays.com\/fr\/137454\/","title":{"rendered":"Le message de Neymar \u00e0 un ancien du PSG"},"content":{"rendered":"<p data-testid=\"article-teaser\">Neymar a retrouv\u00e9 son ancien co\u00e9quipier du PSG, Xavi Simons, et l&rsquo;affrontera lors du match amical entre Santos et le RB Leipzig, mercredi.<\/p>\n<p>Neymar a retrouv\u00e9 son ancien co\u00e9quipier du Paris Saint-Germain, Xavi Simons, en d\u00e9but de semaine. Le N\u00e9erlandais affrontera le Br\u00e9silien lors du match amical entre Santos et le RB Leipzig, mercredi 28 mai. Neymar a publi\u00e9 une photo de lui avec Simons sur les r\u00e9seaux sociaux, avec le message suivant\u00a0: \u00ab\u00a0Ravi de vous voir en bonne sant\u00e9 et bienvenue \u00e0 @institutoneymarjr. \u00c0 ce soir.\u00a0\u00bb<\/p>\n<p>Issu de la c\u00e9l\u00e8bre acad\u00e9mie de La Masia, Simons a \u00e9t\u00e9 recrut\u00e9 par le PSG en 2019. Il a fait ses d\u00e9buts officiels en \u00e9quipe premi\u00e8re en f\u00e9vrier 2021 et a disput\u00e9 11 apparitions avant d&rsquo;\u00eatre recrut\u00e9 par le PSV Eindhoven, g\u00e9ant de l&rsquo;Eredivisie, \u00e0 l&rsquo;\u00e9t\u00e9 2022. Apr\u00e8s avoir inscrit 22 buts en 48 matchs lors de la saison 2022-23 avec le PSV, le PSG a exerc\u00e9 son option de rachat sur Simons, mais l&rsquo;a imm\u00e9diatement pr\u00eat\u00e9 \u00e0 Leipzig en 2023. Devenu l&rsquo;un des talents les plus performants de Bundesliga, Leipzig a sign\u00e9 Simons d\u00e9finitivement en janvier 2025, pour un contrat record pour le club.<\/p>\n<p>L&rsquo;idole de Simons<\/p>\n<p>Quant \u00e0 Neymar, il a rejoint le PSG en provenance de Barcelone pour un montant record en 2017 et a disput\u00e9 173 apparitions, marquant 118 buts. Il a rejoint le club saoudien d&rsquo;Al-Hilal en 2023, puis est revenu \u00e0 Santos, son club d&rsquo;enfance, en janvier 2025, apr\u00e8s un s\u00e9jour marqu\u00e9 par des blessures au Moyen-Orient.<\/p>\n<p>L&rsquo;article continue ci-dessous<\/p>\n<p>Lundi, Simons a parl\u00e9 \u00e0 Red Bull de sa relation avec Neymar et a d\u00e9clar\u00e9\u00a0: \u00ab\u00a0Il me connaissait d\u00e9j\u00e0 \u00e0 Barcelone et \u00e9tait comme un p\u00e8re pour moi. Je lui en serai \u00e9ternellement reconnaissant. C&rsquo;\u00e9tait un grand r\u00eave de jouer avec mon idole et il reste une personne importante pour moi.\u00a0\u00bb<\/p>\n","protected":false},"excerpt":{"rendered":"Neymar a retrouv\u00e9 son ancien co\u00e9quipier du PSG, Xavi Simons, et l&rsquo;affrontera lors du match amical entre Santos&hellip;\n","protected":false},"author":2,"featured_media":137455,"comment_status":"","ping_status":"","sticky":false,"template":"","format":"standard","meta":{"footnotes":""},"categories":[1410],"tags":[63,1011,27,66,91,60,640,17112],"class_list":{"0":"post-137454","1":"post","2":"type-post","3":"status-publish","4":"format-standard","5":"has-post-thumbnail","7":"category-football","8":"tag-football","9":"tag-fr","10":"tag-france","11":"tag-ligue-1","12":"tag-paris-saint-germain","13":"tag-sports","14":"tag-strasbourg","15":"tag-strasbourg-vs-paris-saint-germain"},"share_on_mastodon":{"url":"https:\/\/pubeurope.com\/@fr\/114592595575407227","error":""},"_links":{"self":[{"href":"https:\/\/www.europesays.com\/fr\/wp-json\/wp\/v2\/posts\/137454","targetHints":{"allow":["GET"]}}],"collection":[{"href":"https:\/\/www.europesays.com\/fr\/wp-json\/wp\/v2\/posts"}],"about":[{"href":"https:\/\/www.europesays.com\/fr\/wp-json\/wp\/v2\/types\/post"}],"author":[{"embeddable":true,"href":"https:\/\/www.europesays.com\/fr\/wp-json\/wp\/v2\/users\/2"}],"replies":[{"embeddable":true,"href":"https:\/\/www.europesays.com\/fr\/wp-json\/wp\/v2\/comments?post=137454"}],"version-history":[{"count":0,"href":"https:\/\/www.europesays.com\/fr\/wp-json\/wp\/v2\/posts\/137454\/revisions"}],"wp:featuredmedia":[{"embeddable":true,"href":"https:\/\/www.europesays.com\/fr\/wp-json\/wp\/v2\/media\/137455"}],"wp:attachment":[{"href":"https:\/\/www.europesays.com\/fr\/wp-json\/wp\/v2\/media?parent=137454"}],"wp:term":[{"taxonomy":"category","embeddable":true,"href":"https:\/\/www.europesays.com\/fr\/wp-json\/wp\/v2\/categories?post=137454"},{"taxonomy":"post_tag","embeddable":true,"href":"https:\/\/www.europesays.com\/fr\/wp-json\/wp\/v2\/tags?post=137454"}],"curies":[{"name":"wp","href":"https:\/\/api.w.org\/{rel}","templated":true}]}}