{"id":137456,"date":"2025-05-29T18:43:09","date_gmt":"2025-05-29T18:43:09","guid":{"rendered":"https:\/\/www.europesays.com\/fr\/137456\/"},"modified":"2025-05-29T18:43:09","modified_gmt":"2025-05-29T18:43:09","slug":"a-montecito-meghan-markle-divise-ses-voisins","status":"publish","type":"post","link":"https:\/\/www.europesays.com\/fr\/137456\/","title":{"rendered":"\u00e0 Montecito, Meghan Markle divise ses voisins"},"content":{"rendered":"<p>\u00c0 Montecito, l\u2019un des quartiers les plus hupp\u00e9s de Californie, Meghan Markle et le prince Harry ne font pas l\u2019unanimit\u00e9. Un voisin raconte sa cohabitation discr\u00e8te \u2013 voire inexistante \u2013 avec le couple.<\/p>\n<p class=\"fig-paragraph\">Quelques ann\u00e9es apr\u00e8s leur installation \u00e0 Montecito, en Californie, le duc et la duchesse de Sussex divisent leur voisinage. C\u2019est du moins ce que rapportent plusieurs habitants du quartier, dont le dernier en date, Richard Mineards. Interrog\u00e9 par le magazine Ici Paris, ce dernier affirme que\u00a0<a href=\"http:\/\/madame.lefigaro.fr\/celebrites\/photos-videos-ceremonie-tout-sur-le-mariage-de-meghan-markle-et-du-prince-harry-18-mai-2018-150218-147128\" data-fig-type=\"Topic\" data-gtm-custom-categorie=\"navigation\" data-gtm-custom-action=\"crossclick\" data-gtm-custom-label=\"Contextuel\" data-gtm-event=\"customEventSPE\" data-fig-domain=\"MADAME\" target=\"_blank\" rel=\"noopener\">Meghan Markle<\/a>\u00a0et le\u00a0<a href=\"http:\/\/madame.lefigaro.fr\/celebrites\/actu-people\/le-prince-harry-charmant-meghan-markle-distante-a-montecito-un-voisin-s-exprime-sur-le-couple-sussex-20250529\" data-fig-type=\"Article\" data-gtm-custom-categorie=\"navigation\" data-gtm-custom-action=\"crossclick\" data-gtm-custom-label=\"Contextuel\" data-gtm-event=\"customEventSPE\" data-fig-domain=\"MADAME\" target=\"_blank\" rel=\"noopener\">prince Harry<\/a>\u00a0seraient rest\u00e9s tr\u00e8s ferm\u00e9s sur eux-m\u00eames depuis leur arriv\u00e9e. Il raconte notamment une anecdote r\u00e9v\u00e9latrice\u00a0: peu apr\u00e8s leur emm\u00e9nagement, un voisin \u00e2g\u00e9 aurait tent\u00e9 de leur offrir un film retra\u00e7ant l\u2019histoire de Montecito, dans l\u2019espoir de les aider \u00e0 mieux s\u2019int\u00e9grer. Un cadeau de bienvenue qui lui aurait \u00e9t\u00e9 refus\u00e9. \u00abLe vieil homme n\u2019a jamais pass\u00e9 le portail\u00bb, a confi\u00e9 Richard Mineards, des propos relay\u00e9s par plusieurs tablo\u00efds dont le\u00a0<a href=\"https:\/\/www.dailymail.co.uk\/news\/article-14760663\/Prince-Harry-Meghan-Montecito-neighbours.html\" target=\"_blank\" rel=\"nofollow noopener\" data-gtm-custom-categorie=\"navigation\" data-gtm-custom-action=\"crossclick\" data-gtm-custom-label=\"Contextuel\" data-gtm-event=\"customEventSPE\">Daily Mail<\/a> .<\/p>\n<p class=\"fig-body-link&#10;    \">\n            \u00c0 lire aussi<br \/>\n        <a class=\"fig-body-link__link\" href=\"http:\/\/madame.lefigaro.fr\/celebrites\/actu-people\/desoriente-le-prince-harry-erre-dans-les-rues-de-londres-et-toque-chez-des-inconnus-nous-etions-choques-20250510\" data-fig-type=\"Article\" data-gtm-custom-categorie=\"navigation\" data-gtm-custom-action=\"crossclick\" data-gtm-custom-label=\"Contextuel\" data-gtm-event=\"customEventSPE\" data-fig-domain=\"MADAME\" target=\"_blank\" rel=\"noopener\">Perdu dans les rues de Londres, le prince Harry toque chez des inconnus\u00a0: \u00abNous \u00e9tions choqu\u00e9s\u00bb<\/a>\n<\/p>\n<p>\u00abLe jeu de la communaut\u00e9\u00bb<\/p>\n<p class=\"fig-paragraph\">Pour lui, cet \u00e9pisode illustre un certain isolement du couple, et surtout l\u2019attitude jug\u00e9e distante de Meghan Markle. \u00abElle cultive une image tr\u00e8s contr\u00f4l\u00e9e. Elle fait attention \u00e0 chaque apparition, chaque mot, chaque geste\u00bb, explique-t-il. \u00abEt ici, \u00e0 Montecito, nous aimons les gens simples, m\u00eame lorsqu\u2019ils sont c\u00e9l\u00e8bres. Oprah Winfrey, par exemple, participe \u00e0 des \u00e9v\u00e9nements caritatifs. Meghan, elle, ne joue pas le jeu de la communaut\u00e9.\u00bb<\/p>\n<p class=\"fig-paragraph\">\u00c0 l\u2019inverse, Richard Mineards reconna\u00eet que le prince Harry semble plus \u00abcharmant\u00bb et \u00abchaleureux\u00bb lorsqu\u2019il croise son voisinage. Un contraste notable avec sa femme, mais compr\u00e9hensible au regard de la temp\u00eate m\u00e9diatique qui s\u2019est abattue sur Meghan Markle depuis son arriv\u00e9e au Royaume et dans la famille royale en 2017. Fortement critiqu\u00e9e par les fans de la monarchie et scrut\u00e9e \u00e0 chacune de ses apparitions, entra\u00eenant souvent des tourbillons de pol\u00e9miques, la duchesse \u2013 et m\u00e8re de deux enfants \u2013 semble en effet d\u00e9termin\u00e9e \u00e0 pr\u00e9server son intimit\u00e9 Outre-Atlantique.<\/p>\n<p>    <a href=\"https:\/\/photo-madame.lefigaro.fr\/celebrites\/althorp-le-domaine-de-la-famille-spencer-havre-de-paix-du-prince-harry-en-angleterre-20250320\" target=\"_blank\" rel=\"noopener\"><\/p>\n<p class=\"fig-slideshow__title\">\n                    Le domaine d\u2019Althorp, le refuge secret du prince Harry en Angleterre\n                <\/p>\n<p>    <\/a><\/p>\n","protected":false},"excerpt":{"rendered":"\u00c0 Montecito, l\u2019un des quartiers les plus hupp\u00e9s de Californie, Meghan Markle et le prince Harry ne font&hellip;\n","protected":false},"author":2,"featured_media":137457,"comment_status":"","ping_status":"","sticky":false,"template":"","format":"standard","meta":{"footnotes":""},"categories":[1359],"tags":[976,972,58,59,638,1011,27,977,908,973,975,267,971,974],"class_list":{"0":"post-137456","1":"post","2":"type-post","3":"status-publish","4":"format-standard","5":"has-post-thumbnail","7":"category-people","8":"tag-actu-people","9":"tag-celebrite","10":"tag-divertissement","11":"tag-entertainment","12":"tag-figaro","13":"tag-fr","14":"tag-france","15":"tag-madame","16":"tag-meghan-markle","17":"tag-people","18":"tag-potain-de-stars","19":"tag-prince-harry","20":"tag-royaute","21":"tag-star"},"share_on_mastodon":{"url":"https:\/\/pubeurope.com\/@fr\/114592599494291933","error":""},"_links":{"self":[{"href":"https:\/\/www.europesays.com\/fr\/wp-json\/wp\/v2\/posts\/137456","targetHints":{"allow":["GET"]}}],"collection":[{"href":"https:\/\/www.europesays.com\/fr\/wp-json\/wp\/v2\/posts"}],"about":[{"href":"https:\/\/www.europesays.com\/fr\/wp-json\/wp\/v2\/types\/post"}],"author":[{"embeddable":true,"href":"https:\/\/www.europesays.com\/fr\/wp-json\/wp\/v2\/users\/2"}],"replies":[{"embeddable":true,"href":"https:\/\/www.europesays.com\/fr\/wp-json\/wp\/v2\/comments?post=137456"}],"version-history":[{"count":0,"href":"https:\/\/www.europesays.com\/fr\/wp-json\/wp\/v2\/posts\/137456\/revisions"}],"wp:featuredmedia":[{"embeddable":true,"href":"https:\/\/www.europesays.com\/fr\/wp-json\/wp\/v2\/media\/137457"}],"wp:attachment":[{"href":"https:\/\/www.europesays.com\/fr\/wp-json\/wp\/v2\/media?parent=137456"}],"wp:term":[{"taxonomy":"category","embeddable":true,"href":"https:\/\/www.europesays.com\/fr\/wp-json\/wp\/v2\/categories?post=137456"},{"taxonomy":"post_tag","embeddable":true,"href":"https:\/\/www.europesays.com\/fr\/wp-json\/wp\/v2\/tags?post=137456"}],"curies":[{"name":"wp","href":"https:\/\/api.w.org\/{rel}","templated":true}]}}