{"id":137463,"date":"2025-05-29T18:47:11","date_gmt":"2025-05-29T18:47:11","guid":{"rendered":"https:\/\/www.europesays.com\/fr\/137463\/"},"modified":"2025-05-29T18:47:11","modified_gmt":"2025-05-29T18:47:11","slug":"superbus-la-grande-annonce","status":"publish","type":"post","link":"https:\/\/www.europesays.com\/fr\/137463\/","title":{"rendered":"Superbus : la grande annonce !"},"content":{"rendered":"<p>      R\u00e9sum\u00e9<\/p>\n<p>Apr\u00e8s une longue pause, Superbus annonce son retour en 2025 avec un nouvel album m\u00ealant son style initial \u00e0 des influences enrichies par leur exp\u00e9rience.<\/p>\n<p>        Sommaire<\/p>\n<p>Apr\u00e8s plusieurs ann\u00e9es de silence, le groupe Superbus, embl\u00e9matique de la sc\u00e8ne pop-rock fran\u00e7aise des ann\u00e9es 2000, signe son grand retour en 2025 avec l\u2019annonce d\u2019un <strong>nouvel album<\/strong>. <\/p>\n<p>Une nouvelle accueillie avec enthousiasme par les fans, nostalgiques de tubes comme Lola, Butterfly ou encore Radio Song.<\/p>\n<p>Avec leur style d\u00e9complex\u00e9, leur \u00e9nergie communicative et la voix inimitable de <strong><a href=\"https:\/\/www.public.fr\/jennifer-ayache-comme-elle-on-veut-un-look-rock-glam-chic\" target=\"_blank\" rel=\"noopener\">Jennifer Ayache<\/a><\/strong>, Superbus avait su imposer un son singulier m\u00ealant rock, pop, punk et \u00e9lectro, devenant l\u2019un des groupes les plus populaires de sa g\u00e9n\u00e9ration. Aujourd\u2019hui, ils reviennent avec une promesse : <strong>retrouver l\u2019ADN de leurs d\u00e9buts, enrichi par la maturit\u00e9 et l\u2019exp\u00e9rience<\/strong>.<\/p>\n<p>Une success story \u00e0 la fran\u00e7aise<\/p>\n<p>Form\u00e9 en 1999 autour de <strong>Jennifer Ayache<\/strong>, chanteuse et \u00e2me cr\u00e9ative du groupe, <a href=\"https:\/\/www.public.fr\/superbus-decouvrez-leur-plus-beau-souvenir-avec-un-fan\" target=\"_blank\" rel=\"noopener\">Superbus a explos\u00e9 dans les ann\u00e9es 2000<\/a> gr\u00e2ce \u00e0 des titres devenus cultes comme Lola, Butterfly, Radio Song ou encore Addictions. Leur style unique, m\u00ealant pop-punk, rock et sonorit\u00e9s \u00e9lectro, a imm\u00e9diatement s\u00e9duit un large public, notamment adolescent et jeune adulte.<\/p>\n<p>Avec des albums comme Pop\u2019n\u2019Gum (2004), Wow (2006) ou Lova Lova (2009), Superbus a encha\u00een\u00e9 les tubes et les r\u00e9compenses, devenant l\u2019un des rares groupes fran\u00e7ais \u00e0 imposer un son anglo-saxon sur la sc\u00e8ne hexagonale tout en chantant majoritairement en fran\u00e7ais.<\/p>\n<p>Une pause\u2026 avant le renouveau<\/p>\n<p>Apr\u00e8s la sortie de Sixtape en 2016, le groupe s\u2019\u00e9tait fait plus discret. Entre projets personnels et besoin de recul, les membres ont pris du temps pour eux. Mais l\u2019envie de cr\u00e9er, de jouer, et surtout de <strong>retrouver leur public<\/strong>, n\u2019a jamais disparu.<\/p>\n<p>En 2025, Superbus revient avec une envie forte : <strong>se reconnecter \u00e0 leurs racines musicales<\/strong>, tout en int\u00e9grant l\u2019exp\u00e9rience acquise au fil des ann\u00e9es. En f\u00e9vrier dernier, Jennifer Ayache teasait d\u00e9j\u00e0 ce nouvel opus, dans les colonnes de PureCharts : \u00ab\u00a0C&rsquo;est vraiment un album de Superbus. On a fait tout ce qui d\u00e9finit Superbus. Donc, c&rsquo;est vraiment nos premiers amours : il y a des choses un peu ska, des trucs un peu surf, plus pop-punk, un peu 80&rsquo;s&#8230; On a fait un gros package de ce qu&rsquo;on aime faire\u00a0\u00bb. <\/p>\n<p>Aujourd&rsquo;hui, gr\u00e2ce au m\u00eame magazine, on apprend que le septi\u00e8me album studio de Superbus, sera intitul\u00e9 \u00ab\u00a0OK KO\u00a0\u00bb. D\u00e9j\u00e0 disponible en pr\u00e9commande, le disque est annonc\u00e9 comme un projet \u00ab\u00a0hybride\u00a0\u00bb avec \u00ab\u00a0des golds revisit\u00e9s\u00a0\u00bb et \u00ab\u00a0des nouveaux titres percutants\u00a0\u00bb. <\/p>\n<p><img loading=\"lazy\" decoding=\"async\" width=\"1010\" height=\"1024\" src=\"data:image\/svg+xml,%3Csvg%20xmlns=\" http:=\"\" alt=\"Superbus : la grande annonce !\" data-lazy- data-lazy- data-lazy-src=\"https:\/\/www.europesays.com\/fr\/wp-content\/uploads\/2025\/05\/Capture-decran-2025-05-29-a-16.31.58-1010x1024.png\"\/><\/p>\n<p>      Mentionn\u00e9s dans cet article<\/p>\n<p>\u00c0 lire aussi<\/p>\n","protected":false},"excerpt":{"rendered":"R\u00e9sum\u00e9 Apr\u00e8s une longue pause, Superbus annonce son retour en 2025 avec un nouvel album m\u00ealant son style&hellip;\n","protected":false},"author":2,"featured_media":137464,"comment_status":"","ping_status":"","sticky":false,"template":"","format":"standard","meta":{"footnotes":""},"categories":[1355],"tags":[1692,58,59,1011,27,2705,1361,873,26375],"class_list":{"0":"post-137463","1":"post","2":"type-post","3":"status-publish","4":"format-standard","5":"has-post-thumbnail","7":"category-musique","8":"tag-album","9":"tag-divertissement","10":"tag-entertainment","11":"tag-fr","12":"tag-france","13":"tag-groupe","14":"tag-music","15":"tag-musique","16":"tag-superbus"},"share_on_mastodon":{"url":"https:\/\/pubeurope.com\/@fr\/114592615347265423","error":""},"_links":{"self":[{"href":"https:\/\/www.europesays.com\/fr\/wp-json\/wp\/v2\/posts\/137463","targetHints":{"allow":["GET"]}}],"collection":[{"href":"https:\/\/www.europesays.com\/fr\/wp-json\/wp\/v2\/posts"}],"about":[{"href":"https:\/\/www.europesays.com\/fr\/wp-json\/wp\/v2\/types\/post"}],"author":[{"embeddable":true,"href":"https:\/\/www.europesays.com\/fr\/wp-json\/wp\/v2\/users\/2"}],"replies":[{"embeddable":true,"href":"https:\/\/www.europesays.com\/fr\/wp-json\/wp\/v2\/comments?post=137463"}],"version-history":[{"count":0,"href":"https:\/\/www.europesays.com\/fr\/wp-json\/wp\/v2\/posts\/137463\/revisions"}],"wp:featuredmedia":[{"embeddable":true,"href":"https:\/\/www.europesays.com\/fr\/wp-json\/wp\/v2\/media\/137464"}],"wp:attachment":[{"href":"https:\/\/www.europesays.com\/fr\/wp-json\/wp\/v2\/media?parent=137463"}],"wp:term":[{"taxonomy":"category","embeddable":true,"href":"https:\/\/www.europesays.com\/fr\/wp-json\/wp\/v2\/categories?post=137463"},{"taxonomy":"post_tag","embeddable":true,"href":"https:\/\/www.europesays.com\/fr\/wp-json\/wp\/v2\/tags?post=137463"}],"curies":[{"name":"wp","href":"https:\/\/api.w.org\/{rel}","templated":true}]}}