{"id":137471,"date":"2025-05-29T18:51:13","date_gmt":"2025-05-29T18:51:13","guid":{"rendered":"https:\/\/www.europesays.com\/fr\/137471\/"},"modified":"2025-05-29T18:51:13","modified_gmt":"2025-05-29T18:51:13","slug":"keenv-la-terrible-nouvelle-public","status":"publish","type":"post","link":"https:\/\/www.europesays.com\/fr\/137471\/","title":{"rendered":"Keen&rsquo;V\u00a0: la terrible nouvelle &#8211; Public"},"content":{"rendered":"<p>      R\u00e9sum\u00e9<\/p>\n<p>Sur Instagram, ce 29 mai, Keen&rsquo;V a annonc\u00e9 la mort brutale de l&rsquo;artiste Glory. Tous les deux avaient travaill\u00e9 ensemble par le pass\u00e9. <\/p>\n<p>        Sommaire<\/p>\n<p>La <strong>derni\u00e8re publication de Keen&rsquo;V<\/strong> sur ses r\u00e9seaux sociaux en dit long sur son \u00e9tat d&rsquo;esprit actuel. On peut y voir un nuage en forme de c\u0153ur avec une br\u00e8ve inscription \u00e0 l&rsquo;int\u00e9rieur\u00a0: \u00ab\u00a0<strong>Amour<\/strong>\u00ab\u00a0. En l\u00e9gende, <a href=\"https:\/\/www.public.fr\/keenv-le-chanteur-rejoint-le-casting-dune-emblematique-serie-sur-tf1\" target=\"_blank\" rel=\"noopener\">l&rsquo;artiste de 42 ans<\/a> a \u00e9crit\u00a0: \u00ab\u00a0<strong>Une aventure se termine\u2026 mais une autre d\u00e9bute bient\u00f4t<\/strong>\u00ab\u00a0. Myst\u00e8re pour ce qui est des projets \u00e0 venir. En revanche, cette belle \u00ab\u00a0aventure\u00a0\u00bb, c&rsquo;est celle partag\u00e9e avec son public. En effet, ces derniers mois, <a href=\"https:\/\/www.public.fr\/mon-objectif-de-vie-est-tres-carrieriste-keen-v-se-separe-apres-17-ans-de-vie-commune-et-se-montre-tres-franc\" target=\"_blank\" rel=\"noopener\">l&rsquo;interpr\u00e8te de Ma vie au soleil <\/a>a \u00e9cum\u00e9 les routes de France avec<strong> sa tourn\u00e9e \u00c9quilibre<\/strong>.<\/p>\n<p>\u00c9quilibre du <strong>nom de son dernier album <\/strong>sorti en 2023, le onzi\u00e8me, celui qui c\u00e9l\u00e8bre ses <strong>15 ans de carri\u00e8re<\/strong>. D\u00e9j\u00e0\u2026 \u00ab\u00a0C\u2019est impossible d\u2019imaginer un tel parcours. [] <strong>J\u2019ai toujours cette passion intacte pour la musique<\/strong>, je ressens encore cette \u00e9tincelle, je ne me lasse pas\u00a0\u00bb, a-t-il confi\u00e9 \u00e0 nos confr\u00e8res de La D\u00e9p\u00eache du Midi lors de son passage en Haute-Garonne. Malheureusement, l&rsquo;euphorie retomb\u00e9e, <a href=\"https:\/\/www.public.fr\/aya-nakamura-largement-capable-de-chanter-piaf-keen-v-vole-a-son-secours-et-leve-le-voile-sur-leur-relation\" target=\"_blank\" rel=\"noopener\">l&rsquo;ex candidat de \u00ab\u00a0Mask Singer\u00a0\u00bb<\/a> a d\u00e9voil\u00e9 <strong>une bien mauvaise nouvelle.<\/strong><\/p>\n<p>En effet, en story de son compte Instagram, ce dernier a \u00e9crit ces <strong>quelques mots sur un fond noir<\/strong>\u00a0: \u00ab\u00a0Mes pens\u00e9es \u00e0 la famille de <strong>Glory avec qui j&rsquo;ai eu la chance de partager un feat<\/strong> le temps d&rsquo;une chanson. Repose en paix @yaazmusik\u00a0\u00bb. En effet, en 2016, tous les deux avaient chant\u00e9 ensemble le titre Celle qu&rsquo;il te faut avec ce jeune artiste. Pour l&rsquo;heure, <strong>on ignore les circonstances<\/strong> de sa tragique disparition.<\/p>\n<p><img loading=\"lazy\" decoding=\"async\" width=\"420\" height=\"757\" src=\"https:\/\/www.europesays.com\/fr\/wp-content\/uploads\/2025\/05\/Capture-decran-2025-05-29-182717.png\" alt=\"Keen'V : la terrible nouvelle\"  \/><\/p>\n<p>Capture Instagram Keen&rsquo;v<\/p>\n<p>Keen&rsquo;V\u00a0: qui \u00e9tait Glory avec qui il a collabor\u00e9 par le pass\u00e9 ?<\/p>\n<p>Dans sa publication, Keen&rsquo;V cite le <strong>compte Instagram du d\u00e9funt <\/strong>qui \u00e9tait <strong>tr\u00e8s peu actif sur les r\u00e9seaux<\/strong> sociaux depuis un certain temps. Toutefois, en remontant le fil de ses publications, on peut constater que ce dernier a \u00e9galement <strong>collabor\u00e9 par le pass\u00e9 avec <a href=\"https:\/\/www.google.com\/url?sa=t&amp;source=web&amp;rct=j&amp;opi=89978449&amp;url=https:\/\/www.public.fr\/le-boss-christophe-mae-eva-queen-la-soeur-de-jazz-fait-un-carton-avec-une-reprise&amp;ved=2ahUKEwikta6gl8mNAxVfKvsDHZgKEmkQFnoECCoQAQ&amp;usg=AOvVaw2XiZKu5yzVSZQWp_2rO1dO\" target=\"_blank\" rel=\"noopener\">Eva Queen<\/a><\/strong> sur son titre La promenade des Anglais en 2019. En effet, Glory est cit\u00e9 dans la liste \u00ab\u00a0Musique\/Texte\u00a0\u00bb. Par ailleurs, on peut aussi constater que <strong>ce dernier \u00e0 poser avec les plus grands.<\/strong><\/p>\n<p>Ainsi peut-on l&rsquo;apercevoir aux c\u00f4t\u00e9s de <strong>Booba <\/strong>mais surtout \u00e0 de nombreuses reprises avec <a href=\"https:\/\/www.google.com\/url?sa=t&amp;source=web&amp;rct=j&amp;opi=89978449&amp;url=https:\/\/vsd.fr\/79382-aya-nakamura-lance-son-propre-label\/&amp;ved=2ahUKEwidrvyJl8mNAxVdbKQEHXcoBaoQFnoECBgQAQ&amp;usg=AOvVaw1cjWtO4iiLR_YsOGuRK6yT\" target=\"_blank\" rel=\"noopener\">Aya Nakamura<\/a>. Nul doute que tous les deux ont collabor\u00e9 ensemble par le pass\u00e9 car on peut le voir <strong>poser avec le double disque de platine de <\/strong><a href=\"https:\/\/www.google.com\/url?sa=t&amp;source=web&amp;rct=j&amp;opi=89978449&amp;url=https:\/\/vsd.fr\/62219-pour-toutes-les-renois-le-discours-particulierement-engage-daya-nakamura-lors-de-la-ceremonie-des-flammes-2024\/&amp;ved=2ahUKEwidrvyJl8mNAxVdbKQEHXcoBaoQFnoECBUQAQ&amp;usg=AOvVaw2-M1-5Pmeyq_Ig6sF-4GAR\" target=\"_blank\" rel=\"noopener\"><strong>la chanteuse<\/strong> au succ\u00e8s international.<\/a> Une r\u00e9compense \u00e0 son propre nom. Pour le moment, ni Eva ni Aya Nakamura n&rsquo;ont r\u00e9agi \u00e0 cette triste nouvelle. <\/p>\n<p><img loading=\"lazy\" decoding=\"async\" width=\"1024\" height=\"592\" src=\"https:\/\/www.europesays.com\/fr\/wp-content\/uploads\/2025\/05\/Screenshot-2025-05-29-at-19-06-04-Instagram-1024x592.jpg\" alt=\"Keen'V : la terrible nouvelle\"  \/><\/p>\n<p>Capture Instagram Yaaz Musik<\/p>\n<p><img loading=\"lazy\" decoding=\"async\" width=\"1024\" height=\"529\" src=\"https:\/\/www.europesays.com\/fr\/wp-content\/uploads\/2025\/05\/Screenshot-2025-05-29-at-19-06-24-Instagram-1024x529.jpg\" alt=\"Keen'V : la terrible nouvelle\"  \/><\/p>\n<p>Capture Instagram Yaaz Musik<\/p>\n<p>      Mentionn\u00e9s dans cet article<\/p>\n<p>\u00c0 lire aussi<\/p>\n","protected":false},"excerpt":{"rendered":"R\u00e9sum\u00e9 Sur Instagram, ce 29 mai, Keen&rsquo;V a annonc\u00e9 la mort brutale de l&rsquo;artiste Glory. Tous les deux&hellip;\n","protected":false},"author":2,"featured_media":137472,"comment_status":"","ping_status":"","sticky":false,"template":"","format":"standard","meta":{"footnotes":""},"categories":[8],"tags":[1695,5551,2715,58,12610,59,1011,27,26377,18,10598,4441],"class_list":{"0":"post-137471","1":"post","2":"type-post","3":"status-publish","4":"format-standard","5":"has-post-thumbnail","7":"category-divertissement","8":"tag-chanson","9":"tag-chanson-francaise","10":"tag-disparition","11":"tag-divertissement","12":"tag-duo","13":"tag-entertainment","14":"tag-fr","15":"tag-france","16":"tag-keenv","17":"tag-mort","18":"tag-musique-francaise","19":"tag-tournee"},"share_on_mastodon":{"url":"https:\/\/pubeurope.com\/@fr\/114592631399571818","error":""},"_links":{"self":[{"href":"https:\/\/www.europesays.com\/fr\/wp-json\/wp\/v2\/posts\/137471","targetHints":{"allow":["GET"]}}],"collection":[{"href":"https:\/\/www.europesays.com\/fr\/wp-json\/wp\/v2\/posts"}],"about":[{"href":"https:\/\/www.europesays.com\/fr\/wp-json\/wp\/v2\/types\/post"}],"author":[{"embeddable":true,"href":"https:\/\/www.europesays.com\/fr\/wp-json\/wp\/v2\/users\/2"}],"replies":[{"embeddable":true,"href":"https:\/\/www.europesays.com\/fr\/wp-json\/wp\/v2\/comments?post=137471"}],"version-history":[{"count":0,"href":"https:\/\/www.europesays.com\/fr\/wp-json\/wp\/v2\/posts\/137471\/revisions"}],"wp:featuredmedia":[{"embeddable":true,"href":"https:\/\/www.europesays.com\/fr\/wp-json\/wp\/v2\/media\/137472"}],"wp:attachment":[{"href":"https:\/\/www.europesays.com\/fr\/wp-json\/wp\/v2\/media?parent=137471"}],"wp:term":[{"taxonomy":"category","embeddable":true,"href":"https:\/\/www.europesays.com\/fr\/wp-json\/wp\/v2\/categories?post=137471"},{"taxonomy":"post_tag","embeddable":true,"href":"https:\/\/www.europesays.com\/fr\/wp-json\/wp\/v2\/tags?post=137471"}],"curies":[{"name":"wp","href":"https:\/\/api.w.org\/{rel}","templated":true}]}}