{"id":137485,"date":"2025-05-29T18:58:10","date_gmt":"2025-05-29T18:58:10","guid":{"rendered":"https:\/\/www.europesays.com\/fr\/137485\/"},"modified":"2025-05-29T18:58:10","modified_gmt":"2025-05-29T18:58:10","slug":"des-centaines-de-jeunes-se-sont-renseignes","status":"publish","type":"post","link":"https:\/\/www.europesays.com\/fr\/137485\/","title":{"rendered":"des centaines de jeunes se sont renseign\u00e9s"},"content":{"rendered":"<p>Le service civique, ce sont ceux qui l\u2019ont pratiqu\u00e9 qui en parlent le mieux. Ainsi, lors du Service civique day mercredi 28\u00a0mai apr\u00e8s-midi \u00e0 La Com\u00e8te, des dizaines de jeunes \u00e9taient sur le pont pour recevoir de potentiels successeurs.<\/p>\n<p>C\u2019\u00e9tait le cas de Ma\u00eblys, Tom et In\u00e8s pour le p\u00f4le sant\u00e9. Les deux premiers ont fait leurs gammes autour de la sant\u00e9 mentale. \u00ab\u00a0Apr\u00e8s une formation de deux mois, nous sommes devenus ambassadeurs sur ce th\u00e8me aupr\u00e8s d\u2019autres&#8230;<\/p>\n","protected":false},"excerpt":{"rendered":"Le service civique, ce sont ceux qui l\u2019ont pratiqu\u00e9 qui en parlent le mieux. Ainsi, lors du Service&hellip;\n","protected":false},"author":2,"featured_media":137486,"comment_status":"","ping_status":"","sticky":false,"template":"","format":"standard","meta":{"footnotes":""},"categories":[9653],"tags":[1111,11,2430,7539,341,1777,674,1011,27,12,25,4001,7538,801],"class_list":{"0":"post-137485","1":"post","2":"type-post","3":"status-publish","4":"format-standard","5":"has-post-thumbnail","7":"category-saint-etienne","8":"tag-actu","9":"tag-actualites","10":"tag-auvergne-rhone-alpes","11":"tag-edition-loire-sud","12":"tag-emploi","13":"tag-eu","14":"tag-europe","15":"tag-fr","16":"tag-france","17":"tag-news","18":"tag-republique-francaise","19":"tag-saint-etienne","20":"tag-saint-etienne-ville","21":"tag-social"},"share_on_mastodon":{"url":"https:\/\/pubeurope.com\/@fr\/114592658440613129","error":""},"_links":{"self":[{"href":"https:\/\/www.europesays.com\/fr\/wp-json\/wp\/v2\/posts\/137485","targetHints":{"allow":["GET"]}}],"collection":[{"href":"https:\/\/www.europesays.com\/fr\/wp-json\/wp\/v2\/posts"}],"about":[{"href":"https:\/\/www.europesays.com\/fr\/wp-json\/wp\/v2\/types\/post"}],"author":[{"embeddable":true,"href":"https:\/\/www.europesays.com\/fr\/wp-json\/wp\/v2\/users\/2"}],"replies":[{"embeddable":true,"href":"https:\/\/www.europesays.com\/fr\/wp-json\/wp\/v2\/comments?post=137485"}],"version-history":[{"count":0,"href":"https:\/\/www.europesays.com\/fr\/wp-json\/wp\/v2\/posts\/137485\/revisions"}],"wp:featuredmedia":[{"embeddable":true,"href":"https:\/\/www.europesays.com\/fr\/wp-json\/wp\/v2\/media\/137486"}],"wp:attachment":[{"href":"https:\/\/www.europesays.com\/fr\/wp-json\/wp\/v2\/media?parent=137485"}],"wp:term":[{"taxonomy":"category","embeddable":true,"href":"https:\/\/www.europesays.com\/fr\/wp-json\/wp\/v2\/categories?post=137485"},{"taxonomy":"post_tag","embeddable":true,"href":"https:\/\/www.europesays.com\/fr\/wp-json\/wp\/v2\/tags?post=137485"}],"curies":[{"name":"wp","href":"https:\/\/api.w.org\/{rel}","templated":true}]}}