{"id":137493,"date":"2025-05-29T19:02:10","date_gmt":"2025-05-29T19:02:10","guid":{"rendered":"https:\/\/www.europesays.com\/fr\/137493\/"},"modified":"2025-05-29T19:02:10","modified_gmt":"2025-05-29T19:02:10","slug":"comment-un-cartel-mexicain-sest-retrouve-a-fabriquer-de-la-drogue-a-toulon","status":"publish","type":"post","link":"https:\/\/www.europesays.com\/fr\/137493\/","title":{"rendered":"Comment un cartel mexicain s\u2019est retrouv\u00e9 \u00e0 fabriquer de la drogue \u00e0 Toulon"},"content":{"rendered":"<p>        <img decoding=\"async\" loading=\"lazy\" src=\"https:\/\/www.europesays.com\/fr\/wp-content\/uploads\/2025\/05\/51801d1_sirius-fs-upload-1-qoarvplidgow-1748540462285-000-94c8kc.jpg\"  width=\"728\" height=\"410\" alt=\"Des chimistes du cartel mexicain de Sinaloa ont \u00e9t\u00e9 envoy\u00e9 dans le Var pour produire des drogues de synth\u00e8se. (illustration)\"\/>  <\/p>\n<p>RODGER BOSCH \/ AFP<\/p>\n<p>Des chimistes du cartel mexicain de Sinaloa ont \u00e9t\u00e9 envoy\u00e9 dans le Var pour produire des drogues de synth\u00e8se. (illustration)<\/p>\n<p class=\"asset asset-text\">FAITS DIVERS &#8211; Un sc\u00e9nario digne d\u2019un film d\u2019action. Europol a r\u00e9v\u00e9l\u00e9 mercredi 28\u00a0mai que le <a href=\"https:\/\/www.huffingtonpost.fr\/international\/video\/le-cartel-mexicain-d-el-chapo-vient-en-aide-aux-victimes-du-coronavirus_162847.html\" target=\"_blank\" rel=\"noopener\" title=\"Nouvelle fen\u00eatre\">cartel mexicain<\/a> de Sinaloa a envoy\u00e9 des \u00ab\u00a0chimistes\u00a0\u00bb dans \u00e0 <a href=\"https:\/\/www.huffingtonpost.fr\/medias\/article\/toulon-une-ville-moche-ce-reportage-de-rmc-a-fait-bondir-ses-habitants_188662.html\" target=\"_blank\" rel=\"noopener\" title=\"Nouvelle fen\u00eatre\">Toulon<\/a>, dans le Var, afin de produire des drogues de synth\u00e8se, comme le rapportent<a href=\"https:\/\/www.radiofrance.fr\/franceinter\/podcasts\/l-info-de-france-inter\/l-info-de-france-inter-2498242\" target=\"_blank\" rel=\"noopener\" title=\"Nouvelle fen\u00eatre\"> France Inter <\/a>et <a href=\"https:\/\/www.bfmtv.com\/var\/breaking-bad-dans-le-var-quand-des-narcotrafiquants-francais-collaboraient-avec-le-cartel-mexicain-de-sinaloa_AN-202505290433.html\" target=\"_blank\" rel=\"noopener\" title=\"Nouvelle fen\u00eatre\">BFMTV<\/a>.<\/p>\n<p class=\"asset asset-text\">Les faits remontent au mois de juin\u00a02024, lorsque les douanes fran\u00e7aises ont saisi plus de 200\u00a0kg de drogue de synth\u00e8se. Pr\u00e8s d\u2019un an plus tard, le 19\u00a0mai dernier, le parquet de Marseille a annonc\u00e9 le d\u00e9mant\u00e8lement d\u2019un laboratoire de production de m\u00e9thamph\u00e9tamine, en relation avec un cartel mexicain. Une quinzaine de personnes ont \u00e9t\u00e9 interpell\u00e9es dans ce dossier.<\/p>\n<p class=\"asset asset-text\">D\u2019apr\u00e8s les r\u00e9v\u00e9lations d\u2019Europol, les enqu\u00eateurs ont \u00e9tabli que les op\u00e9rations \u00e9taient pens\u00e9es et organis\u00e9es par le cartel de Sinaloa, consid\u00e9r\u00e9 comme le cartel le plus important au Mexique.\u00a0Selon l\u2019enqu\u00eate, le cartel a envoy\u00e9 des \u00ab\u00a0chimistes\u00a0\u00bb pr\u00e8s de Toulon il y a quelques mois, afin de produire de la drogue de synth\u00e8se en grande quantit\u00e9.<\/p>\n<p>    11\u00a0millions d\u2019euros    <\/p>\n<p class=\"asset asset-text\">\u00ab\u00a0Au moment de l\u2019interpellation, la production \u00e9tait termin\u00e9e et ils (les chimistes) n\u2019\u00e9taient d\u00e9j\u00e0 plus sur le sol fran\u00e7ais\u00a0\u00bb, explique l\u2019un des enqu\u00eateurs \u00e0 France Inter, sous couvert d\u2019anonymat.<\/p>\n<p class=\"asset asset-text\">Concr\u00e8tement, le r\u00e9seau \u00e9tait \u00e9tabli de fa\u00e7on pyramidale avec un chef mexicain bas\u00e9 en Belgique, et deux associ\u00e9s fran\u00e7ais pour l\u2019aspect logistique. D\u2019apr\u00e8s les informations de BFMTV, les produits chimiques \u00e9taient achet\u00e9s en Chine et achemin\u00e9e dans le Var par voie maritime. La drogue \u00e9tait ensuite export\u00e9e vers la Nouvelle-Z\u00e9lande.<\/p>\n<p class=\"asset asset-text\">\u00ab\u00a0Au regard de la production r\u00e9alis\u00e9e, les instigateurs de ce trafic esp\u00e9raient un chiffre d\u2019affaires estim\u00e9 \u00e0 plus de 11\u00a0millions d\u2019euros \u00e0 la revente au d\u00e9tail, pour un investissement initial estim\u00e9 autour de 150\u00a0000\u00a0euros\u00a0\u00bb, a indiqu\u00e9 le parquet de Marseille.<\/p>\n","protected":false},"excerpt":{"rendered":"RODGER BOSCH \/ AFP Des chimistes du cartel mexicain de Sinaloa ont \u00e9t\u00e9 envoy\u00e9 dans le Var pour&hellip;\n","protected":false},"author":2,"featured_media":137494,"comment_status":"","ping_status":"","sticky":false,"template":"","format":"standard","meta":{"footnotes":""},"categories":[9619],"tags":[1111,11,1777,674,118,1011,27,5697,12,882,25,2310,887],"class_list":{"0":"post-137493","1":"post","2":"type-post","3":"status-publish","4":"format-standard","5":"has-post-thumbnail","7":"category-toulon","8":"tag-actu","9":"tag-actualites","10":"tag-eu","11":"tag-europe","12":"tag-faits-divers","13":"tag-fr","14":"tag-france","15":"tag-mexique","16":"tag-news","17":"tag-provence-alpes-cote-dazur","18":"tag-republique-francaise","19":"tag-toulon","20":"tag-trafic-de-drogue"},"share_on_mastodon":{"url":"https:\/\/pubeurope.com\/@fr\/114592674250410732","error":""},"_links":{"self":[{"href":"https:\/\/www.europesays.com\/fr\/wp-json\/wp\/v2\/posts\/137493","targetHints":{"allow":["GET"]}}],"collection":[{"href":"https:\/\/www.europesays.com\/fr\/wp-json\/wp\/v2\/posts"}],"about":[{"href":"https:\/\/www.europesays.com\/fr\/wp-json\/wp\/v2\/types\/post"}],"author":[{"embeddable":true,"href":"https:\/\/www.europesays.com\/fr\/wp-json\/wp\/v2\/users\/2"}],"replies":[{"embeddable":true,"href":"https:\/\/www.europesays.com\/fr\/wp-json\/wp\/v2\/comments?post=137493"}],"version-history":[{"count":0,"href":"https:\/\/www.europesays.com\/fr\/wp-json\/wp\/v2\/posts\/137493\/revisions"}],"wp:featuredmedia":[{"embeddable":true,"href":"https:\/\/www.europesays.com\/fr\/wp-json\/wp\/v2\/media\/137494"}],"wp:attachment":[{"href":"https:\/\/www.europesays.com\/fr\/wp-json\/wp\/v2\/media?parent=137493"}],"wp:term":[{"taxonomy":"category","embeddable":true,"href":"https:\/\/www.europesays.com\/fr\/wp-json\/wp\/v2\/categories?post=137493"},{"taxonomy":"post_tag","embeddable":true,"href":"https:\/\/www.europesays.com\/fr\/wp-json\/wp\/v2\/tags?post=137493"}],"curies":[{"name":"wp","href":"https:\/\/api.w.org\/{rel}","templated":true}]}}