{"id":137499,"date":"2025-05-29T19:09:13","date_gmt":"2025-05-29T19:09:13","guid":{"rendered":"https:\/\/www.europesays.com\/fr\/137499\/"},"modified":"2025-05-29T19:09:13","modified_gmt":"2025-05-29T19:09:13","slug":"waly-dia-sur-scene-au-summum-comme-chez-lui-le-4-juin","status":"publish","type":"post","link":"https:\/\/www.europesays.com\/fr\/137499\/","title":{"rendered":"Waly Dia sur sc\u00e8ne au Summum comme chez lui le 4\u00a0juin"},"content":{"rendered":"<p>N\u00e9 \u00e0 Grenoble, o\u00f9 il a grandi jusqu\u2019\u00e0 ses 20 ans, Waly Dia a, au fil des interviews accord\u00e9es au Dauphin\u00e9 lib\u00e9r\u00e9, souvent revendiqu\u00e9 son attachement \u00e0 sa ville d\u2019origine. Connu pour ses sketches sur le racisme, l\u2019\u00e9cologie, l\u2019\u00e9ducation ou les in\u00e9galit\u00e9s, l\u2019artiste de 36 ans s\u2019est, depuis plusieurs ann\u00e9es, construit une image d\u2019humoriste engag\u00e9 mais toujours accessible. Depuis octobre\u00a02024, il tient une chronique sur Mediapart. Mais sans d\u00e9laisser la sc\u00e8ne pour autant. Une heure \u00e0 tuer &#8211; son quatri\u00e8me spectacle, lanc\u00e9 en f\u00e9vrier\u00a02024 &#8211; cartonne partout en France. Ce qui lui a valu une nomination aux Moli\u00e8res 2025. Il y aborde notamment la question du temps qui passe, de la surcharge mentale, du monde du travail ou encore des rapports humains post-Covid.<\/p>\n<p class=\"note\">One man show mercredi 4\u00a0juin \u00e0 20 heures au Summum. Tarifs de 35 \u00e0 55\u00a0\u20ac.<\/p>\n","protected":false},"excerpt":{"rendered":"N\u00e9 \u00e0 Grenoble, o\u00f9 il a grandi jusqu\u2019\u00e0 ses 20 ans, Waly Dia a, au fil des interviews&hellip;\n","protected":false},"author":2,"featured_media":137500,"comment_status":"","ping_status":"","sticky":false,"template":"","format":"standard","meta":{"footnotes":""},"categories":[9566],"tags":[1111,11,2430,1687,112,1777,674,1011,27,2731,2732,12,25,3140],"class_list":{"0":"post-137499","1":"post","2":"type-post","3":"status-publish","4":"format-standard","5":"has-post-thumbnail","7":"category-grenoble","8":"tag-actu","9":"tag-actualites","10":"tag-auvergne-rhone-alpes","11":"tag-culture-loisirs","12":"tag-edition-grenoble-agglomeration","13":"tag-eu","14":"tag-europe","15":"tag-fr","16":"tag-france","17":"tag-grenoble","18":"tag-grenoble-bassin","19":"tag-news","20":"tag-republique-francaise","21":"tag-spectacle"},"share_on_mastodon":{"url":"https:\/\/pubeurope.com\/@fr\/114592701692055404","error":""},"_links":{"self":[{"href":"https:\/\/www.europesays.com\/fr\/wp-json\/wp\/v2\/posts\/137499","targetHints":{"allow":["GET"]}}],"collection":[{"href":"https:\/\/www.europesays.com\/fr\/wp-json\/wp\/v2\/posts"}],"about":[{"href":"https:\/\/www.europesays.com\/fr\/wp-json\/wp\/v2\/types\/post"}],"author":[{"embeddable":true,"href":"https:\/\/www.europesays.com\/fr\/wp-json\/wp\/v2\/users\/2"}],"replies":[{"embeddable":true,"href":"https:\/\/www.europesays.com\/fr\/wp-json\/wp\/v2\/comments?post=137499"}],"version-history":[{"count":0,"href":"https:\/\/www.europesays.com\/fr\/wp-json\/wp\/v2\/posts\/137499\/revisions"}],"wp:featuredmedia":[{"embeddable":true,"href":"https:\/\/www.europesays.com\/fr\/wp-json\/wp\/v2\/media\/137500"}],"wp:attachment":[{"href":"https:\/\/www.europesays.com\/fr\/wp-json\/wp\/v2\/media?parent=137499"}],"wp:term":[{"taxonomy":"category","embeddable":true,"href":"https:\/\/www.europesays.com\/fr\/wp-json\/wp\/v2\/categories?post=137499"},{"taxonomy":"post_tag","embeddable":true,"href":"https:\/\/www.europesays.com\/fr\/wp-json\/wp\/v2\/tags?post=137499"}],"curies":[{"name":"wp","href":"https:\/\/api.w.org\/{rel}","templated":true}]}}