{"id":137507,"date":"2025-05-29T19:14:10","date_gmt":"2025-05-29T19:14:10","guid":{"rendered":"https:\/\/www.europesays.com\/fr\/137507\/"},"modified":"2025-05-29T19:14:10","modified_gmt":"2025-05-29T19:14:10","slug":"strasbourg-une-femme-renversee-sur-un-trottoir-transportee-en-urgence-absolue-a-lhopital","status":"publish","type":"post","link":"https:\/\/www.europesays.com\/fr\/137507\/","title":{"rendered":"Strasbourg. Une femme renvers\u00e9e sur un trottoir, transport\u00e9e en urgence absolue \u00e0 l\u2019h\u00f4pital"},"content":{"rendered":"<p>L\u2019accident s\u2019est produit vers 18 h 45 sur le parking du magasin Pro Inter de la plaine des Bouchers, dans le quartier de la Meinau \u00e0 Strasbourg.<\/p>\n<p>Le conducteur d\u2019un 4&#215;4 voulait sortir de son emplacement de parking mais son enfant, agit\u00e9, jouait avec la bo\u00eete de vitesses. Apr\u00e8s l\u2019avoir calm\u00e9, le conducteur a repris sa man\u0153uvre. En pensant reculer, l\u2019homme a au contraire acc\u00e9l\u00e9r\u00e9 en marche avant.\u00a0La voiture a alors enfonc\u00e9 le grillage, escalad\u00e9 le trottoir et percut\u00e9 de plein fouet une femme n\u00e9e en 1996 qui rangeait les courses sur le trottoir.<\/p>\n<p>Les pompiers ont transport\u00e9 la victime vers 19 h 15 \u00e0 l\u2019h\u00f4pital de Hautepierre. Son pronostic vital est engag\u00e9.<\/p>\n","protected":false},"excerpt":{"rendered":"L\u2019accident s\u2019est produit vers 18 h 45 sur le parking du magasin Pro Inter de la plaine des&hellip;\n","protected":false},"author":2,"featured_media":137508,"comment_status":"","ping_status":"","sticky":false,"template":"","format":"standard","meta":{"footnotes":""},"categories":[2820],"tags":[119,1111,11,2389,2649,2880,1777,674,274,107,1011,27,775,12,25,640,2879],"class_list":{"0":"post-137507","1":"post","2":"type-post","3":"status-publish","4":"format-standard","5":"has-post-thumbnail","7":"category-strasbourg","8":"tag-accident","9":"tag-actu","10":"tag-actualites","11":"tag-alsace","12":"tag-bas-rhin","13":"tag-edition-strasbourg","14":"tag-eu","15":"tag-europe","16":"tag-faits-divers-justice","17":"tag-fil-info","18":"tag-fr","19":"tag-france","20":"tag-grand-est","21":"tag-news","22":"tag-republique-francaise","23":"tag-strasbourg","24":"tag-strasbourg-ville"},"share_on_mastodon":{"url":"https:\/\/pubeurope.com\/@fr\/114592721482768865","error":""},"_links":{"self":[{"href":"https:\/\/www.europesays.com\/fr\/wp-json\/wp\/v2\/posts\/137507","targetHints":{"allow":["GET"]}}],"collection":[{"href":"https:\/\/www.europesays.com\/fr\/wp-json\/wp\/v2\/posts"}],"about":[{"href":"https:\/\/www.europesays.com\/fr\/wp-json\/wp\/v2\/types\/post"}],"author":[{"embeddable":true,"href":"https:\/\/www.europesays.com\/fr\/wp-json\/wp\/v2\/users\/2"}],"replies":[{"embeddable":true,"href":"https:\/\/www.europesays.com\/fr\/wp-json\/wp\/v2\/comments?post=137507"}],"version-history":[{"count":0,"href":"https:\/\/www.europesays.com\/fr\/wp-json\/wp\/v2\/posts\/137507\/revisions"}],"wp:featuredmedia":[{"embeddable":true,"href":"https:\/\/www.europesays.com\/fr\/wp-json\/wp\/v2\/media\/137508"}],"wp:attachment":[{"href":"https:\/\/www.europesays.com\/fr\/wp-json\/wp\/v2\/media?parent=137507"}],"wp:term":[{"taxonomy":"category","embeddable":true,"href":"https:\/\/www.europesays.com\/fr\/wp-json\/wp\/v2\/categories?post=137507"},{"taxonomy":"post_tag","embeddable":true,"href":"https:\/\/www.europesays.com\/fr\/wp-json\/wp\/v2\/tags?post=137507"}],"curies":[{"name":"wp","href":"https:\/\/api.w.org\/{rel}","templated":true}]}}