{"id":137531,"date":"2025-05-29T19:27:13","date_gmt":"2025-05-29T19:27:13","guid":{"rendered":"https:\/\/www.europesays.com\/fr\/137531\/"},"modified":"2025-05-29T19:27:13","modified_gmt":"2025-05-29T19:27:13","slug":"a-marseille-la-star-prend-la-pose-en-faisant-le-signe-de-jul","status":"publish","type":"post","link":"https:\/\/www.europesays.com\/fr\/137531\/","title":{"rendered":"\u00e0 Marseille, la star prend la pose en faisant le signe de Jul"},"content":{"rendered":"<p>De passage dans le sud de la France pour le travail, mais aussi pour d\u00e9couvrir la beaut\u00e9 de la r\u00e9gion Paca, en compagnie de son fils, Eva Longoria a fait plusieurs arr\u00eats dans les Bouches-du-Rh\u00f4ne. Dont un \u00e0 Marseille, durant lequel elle en a profit\u00e9 pour tourner un nouvel \u00e9pisode de sa s\u00e9rie documentaire culinaire Searching For &#8211; diffus\u00e9 sur la cha\u00eene am\u00e9ricaine CNN &#8211; <a href=\"https:\/\/www.laprovence.com\/article\/culture-loisirs\/14074167282730\/l-actrice-eva-longoria-fait-une-escale-secrete-et-culinaire-a-marseille\" target=\"_blank\" rel=\"nofollow noopener\">dans le restaurant Le R\u00e9publique<\/a>.<\/p>\n<p>Durant cette escapade marseillaise, la star n\u2019a pas fait que travailler\u2026 elle a aussi pris du bon temps et elle a arpent\u00e9 les rues de la ville. Des moments qu\u2019elle n\u2019a d\u2019ailleurs pas h\u00e9sit\u00e9 \u00e0 partager sur son compte Instagram, dans ses stories.<\/p>\n<p>Eva Longoria serait-elle une fan de Jul\u00a0?<\/p>\n<p>Ce mardi 27\u00a0mai, ses abonn\u00e9s ont pu la voir tout sourire en train de faire le signe de Jul, devant un mur tagu\u00e9 de la ville. Ce clich\u00e9 ne nous dit pas si la star est une <a href=\"https:\/\/www.laprovence.com\/article\/culture-loisirs\/5018650361080614\/jul-au-velodrome-un-concert-sans-fin-150-000-spectateurs-en-deux-jours-nouveau-record-pour-le-j\" target=\"_blank\" rel=\"nofollow noopener\">fan inconditionnelle du rappeur marseillais<\/a> ou si elle s\u2019est tout simplement pr\u00eat\u00e9e au jeu pour les photos. Quoi qu\u2019il en soit, avec cette pose et ce signe embl\u00e9matique, Eva Longoria va faire plaisir \u00e0 bon nombre de Marseillais et aux fans.<\/p>\n<p>De passage \u00e0 Cassis et \u00e0 Aix<\/p>\n<p>Plus t\u00f4t dans la semaine, l\u2019actrice am\u00e9ricaine avait \u00e9t\u00e9 <a href=\"https:\/\/www.laprovence.com\/article\/culture-loisirs\/1032825387114914\/apres-marseille-eva-longoria-visite-aix-pour-y-decouvrir-les-specialites-culinaires\" target=\"_blank\" rel=\"nofollow noopener\">aper\u00e7ue \u00e0 Aix pour d\u00e9couvrir la gastronomie locale.<\/a> D\u2019apr\u00e8s d\u2019autres photos post\u00e9es sur son compte Instagram, elle a pris le bateau direction Cassis pour une petite escapade en mer avec son fils.<\/p>\n<p>Avis aux fans, elle n\u2019a toujours pas quitt\u00e9 le Sud\u00a0! L\u2019\u00e9g\u00e9rie L\u2019Or\u00e9al Paris se trouve en ce moment \u00e0 Antibes, sur la C\u00f4te d&rsquo;Azur.<\/p>\n<p><img alt=\"\" loading=\"lazy\" width=\"18\" height=\"18\" decoding=\"async\" data-nimg=\"1\" class=\"mx-[8px]\" style=\"color:transparent\" src=\"https:\/\/www.europesays.com\/fr\/wp-content\/uploads\/2025\/04\/comment.b95dda91.svg.svg+xml\"\/>D\u00e9marrez la conversation<\/p>\n<p class=\"text-[1.8rem] mt-[32px]\">Votre opinion compte pour nous. Rejoignez la communaut\u00e9 laprovence.com en r\u00e9agissant sur l&rsquo;article Eva Longoria dans le sud de la France : \u00e0 Marseille, la star prend la pose en faisant le signe de Jul.<\/p>\n","protected":false},"excerpt":{"rendered":"De passage dans le sud de la France pour le travail, mais aussi pour d\u00e9couvrir la beaut\u00e9 de&hellip;\n","protected":false},"author":2,"featured_media":137532,"comment_status":"","ping_status":"","sticky":false,"template":"","format":"standard","meta":{"footnotes":""},"categories":[2814],"tags":[17,1111,11,1446,1777,674,18179,1011,27,2831,23600,884,12,882,25,974,7053],"class_list":{"0":"post-137531","1":"post","2":"type-post","3":"status-publish","4":"format-standard","5":"has-post-thumbnail","7":"category-marseille","8":"tag-17","9":"tag-actu","10":"tag-actualites","11":"tag-dans","12":"tag-eu","13":"tag-europe","14":"tag-eva","15":"tag-fr","16":"tag-france","17":"tag-loisirs-traditions","18":"tag-longoria","19":"tag-marseille","20":"tag-news","21":"tag-provence-alpes-cote-dazur","22":"tag-republique-francaise","23":"tag-star","24":"tag-sud"},"share_on_mastodon":{"url":"https:\/\/pubeurope.com\/@fr\/114592772570602158","error":""},"_links":{"self":[{"href":"https:\/\/www.europesays.com\/fr\/wp-json\/wp\/v2\/posts\/137531","targetHints":{"allow":["GET"]}}],"collection":[{"href":"https:\/\/www.europesays.com\/fr\/wp-json\/wp\/v2\/posts"}],"about":[{"href":"https:\/\/www.europesays.com\/fr\/wp-json\/wp\/v2\/types\/post"}],"author":[{"embeddable":true,"href":"https:\/\/www.europesays.com\/fr\/wp-json\/wp\/v2\/users\/2"}],"replies":[{"embeddable":true,"href":"https:\/\/www.europesays.com\/fr\/wp-json\/wp\/v2\/comments?post=137531"}],"version-history":[{"count":0,"href":"https:\/\/www.europesays.com\/fr\/wp-json\/wp\/v2\/posts\/137531\/revisions"}],"wp:featuredmedia":[{"embeddable":true,"href":"https:\/\/www.europesays.com\/fr\/wp-json\/wp\/v2\/media\/137532"}],"wp:attachment":[{"href":"https:\/\/www.europesays.com\/fr\/wp-json\/wp\/v2\/media?parent=137531"}],"wp:term":[{"taxonomy":"category","embeddable":true,"href":"https:\/\/www.europesays.com\/fr\/wp-json\/wp\/v2\/categories?post=137531"},{"taxonomy":"post_tag","embeddable":true,"href":"https:\/\/www.europesays.com\/fr\/wp-json\/wp\/v2\/tags?post=137531"}],"curies":[{"name":"wp","href":"https:\/\/api.w.org\/{rel}","templated":true}]}}