{"id":137535,"date":"2025-05-29T19:29:15","date_gmt":"2025-05-29T19:29:15","guid":{"rendered":"https:\/\/www.europesays.com\/fr\/137535\/"},"modified":"2025-05-29T19:29:15","modified_gmt":"2025-05-29T19:29:15","slug":"lyon-le-depute-lfi-paul-vannier-revient-sur-laffaire-betharram-lors-dune-reunion-publique-le-6-juin-2","status":"publish","type":"post","link":"https:\/\/www.europesays.com\/fr\/137535\/","title":{"rendered":"Lyon. Le d\u00e9put\u00e9 LFI Paul Vannier revient sur l\u2019affaire Betharram lors d\u2019une r\u00e9union publique le 6\u00a0juin"},"content":{"rendered":"<p>Apr\u00e8s l\u2019affaire Betharram qui a secou\u00e9 le gouvernement de <a href=\"http:\/\/www.leprogres.fr\/p\/francois-bayrou\" target=\"_blank\" rel=\"nofollow noopener\">Fran\u00e7ois Bayrou<\/a>, le d\u00e9put\u00e9 LFI Paul Vannier reviendra sur les mois d\u2019investigations qu\u2019il a coordonn\u00e9s pour l\u2019Assembl\u00e9e nationale lors d\u2019une r\u00e9union publique \u00e0 la Bourse du travail de Lyon le 6\u00a0juin. L\u2019\u00e9lu du Val-d\u2019Oise est \u00e9galement le co-rapporteur du rapport parlementaire sur le financement public de l\u2019enseignement priv\u00e9 sous-contrat et ne manquera pas de d\u00e9velopper ses conclusions.<\/p>\n<p>Invit\u00e9 par <a href=\"https:\/\/www.leprogres.fr\/societe\/2022\/11\/02\/abuses-sexuels-dans-l-eglise-une-reunion-publique-le-10-novembre\" target=\"_blank\" rel=\"nofollow noopener\"> la f\u00e9d\u00e9ration du Rh\u00f4ne de la Libre Pens\u00e9e<\/a> et la FNEC-Force Ouvri\u00e8re, avec la participation du collectif Abus\u00e9s de l\u2019\u00c9glise-tous ensemble\u00a0!, Paul Vannier d\u00e9veloppera le sujet des abus sexuels du clerg\u00e9 sur les enfants.<\/p>\n<p>Victimes lyonnaises<\/p>\n<p>Tandis qu\u2019au niveau national, <a href=\"https:\/\/www.leprogres.fr\/societe\/2021\/12\/13\/rapport-sauve-nous-avions-besoin-de-debattre-et-lever-les-doutes\" target=\"_blank\" rel=\"nofollow noopener\"> le rapport SAUVE \u00e9valuait \u00e0 330\u00a0000 les victimes d\u2019agressions sexuelles sur les mineurs<\/a> , filles et gar\u00e7ons, la r\u00e9gion lyonnaise a, elle aussi, \u00e9t\u00e9 secou\u00e9 par plusieurs affaires similaires.<\/p>\n<p>Fin avril, <a href=\"https:\/\/www.leprogres.fr\/faits-divers-justice\/2025\/04\/29\/avec-sous-article-les-lecons-particulieres-de-l-ancien-prof-de-saint-thomas-d-aquin\" target=\"_blank\" rel=\"nofollow noopener\">de nouveaux \u00e9l\u00e9ments sont apparus dans l\u2019affaire du lyc\u00e9e Saint-Thomas-d\u2019Aquin<\/a> d\u2019 <a href=\"https:\/\/www.leprogres.fr\/faits-divers-justice\/2025\/04\/11\/hante-35-ans-apres-par-des-abus-subis-au-lycee-saint-thomas-d-aquin-a-oullins-ils-m-ont-detruit-suis-je-le-seul\" target=\"_blank\" rel=\"nofollow noopener\">Oullins-Pierre-B\u00e9nite<\/a>. Les organisateurs d\u00e9noncent une \u00ab\u00a0hi\u00e9rarchie catholique de Lyon et alentours directement compromise dans la dissimulation d\u2019une s\u00e9rie d\u2019actes p\u00e9docriminels\u00a0\u00bb.<\/p>\n<p class=\"note\">6 juin, 18h30, Bourse du Travail, 205 Place Guichard, Lyon<\/p>\n","protected":false},"excerpt":{"rendered":"Apr\u00e8s l\u2019affaire Betharram qui a secou\u00e9 le gouvernement de Fran\u00e7ois Bayrou, le d\u00e9put\u00e9 LFI Paul Vannier reviendra sur&hellip;\n","protected":false},"author":2,"featured_media":137412,"comment_status":"","ping_status":"","sticky":false,"template":"","format":"standard","meta":{"footnotes":""},"categories":[1889],"tags":[1111,11,2430,2757,1777,674,107,1011,27,2338,2428,2756,12,316,25,2429],"class_list":{"0":"post-137535","1":"post","2":"type-post","3":"status-publish","4":"format-standard","5":"has-post-thumbnail","7":"category-lyon","8":"tag-actu","9":"tag-actualites","10":"tag-auvergne-rhone-alpes","11":"tag-edition-lyon-villeurbanne","12":"tag-eu","13":"tag-europe","14":"tag-fil-info","15":"tag-fr","16":"tag-france","17":"tag-la-france-insoumise","18":"tag-lyon","19":"tag-lyon-bassin","20":"tag-news","21":"tag-politique","22":"tag-republique-francaise","23":"tag-rhone"},"share_on_mastodon":{"url":"https:\/\/pubeurope.com\/@fr\/114592780318315466","error":""},"_links":{"self":[{"href":"https:\/\/www.europesays.com\/fr\/wp-json\/wp\/v2\/posts\/137535","targetHints":{"allow":["GET"]}}],"collection":[{"href":"https:\/\/www.europesays.com\/fr\/wp-json\/wp\/v2\/posts"}],"about":[{"href":"https:\/\/www.europesays.com\/fr\/wp-json\/wp\/v2\/types\/post"}],"author":[{"embeddable":true,"href":"https:\/\/www.europesays.com\/fr\/wp-json\/wp\/v2\/users\/2"}],"replies":[{"embeddable":true,"href":"https:\/\/www.europesays.com\/fr\/wp-json\/wp\/v2\/comments?post=137535"}],"version-history":[{"count":0,"href":"https:\/\/www.europesays.com\/fr\/wp-json\/wp\/v2\/posts\/137535\/revisions"}],"wp:featuredmedia":[{"embeddable":true,"href":"https:\/\/www.europesays.com\/fr\/wp-json\/wp\/v2\/media\/137412"}],"wp:attachment":[{"href":"https:\/\/www.europesays.com\/fr\/wp-json\/wp\/v2\/media?parent=137535"}],"wp:term":[{"taxonomy":"category","embeddable":true,"href":"https:\/\/www.europesays.com\/fr\/wp-json\/wp\/v2\/categories?post=137535"},{"taxonomy":"post_tag","embeddable":true,"href":"https:\/\/www.europesays.com\/fr\/wp-json\/wp\/v2\/tags?post=137535"}],"curies":[{"name":"wp","href":"https:\/\/api.w.org\/{rel}","templated":true}]}}