{"id":137538,"date":"2025-05-29T19:31:25","date_gmt":"2025-05-29T19:31:25","guid":{"rendered":"https:\/\/www.europesays.com\/fr\/137538\/"},"modified":"2025-05-29T19:31:25","modified_gmt":"2025-05-29T19:31:25","slug":"la-fusion-entre-saint-denis-et-pierrefitte-une-perte-didentite-le-gros-va-manger-le-petit","status":"publish","type":"post","link":"https:\/\/www.europesays.com\/fr\/137538\/","title":{"rendered":"La fusion entre Saint-Denis et Pierrefitte, une perte d\u2019identit\u00e9\u00a0?\u2026. \u00ab\u00a0Le gros va manger le petit\u00a0\u00bb"},"content":{"rendered":"<p>Pour une lune de miel, on a connu plus festif. Un timide soleil d\u2019hiver tombe sur <a href=\"https:\/\/www.20minutes.fr\/societe\/4131589-20250101-fusionnant-pierrefitte-saint-denis-devient-deuxieme-ville-ile-france\" class=\"color-ultramarine c-link\" target=\"_blank\" rel=\"noopener\">les rues de Pierrefitte<\/a>, en Seine-Saint-Denis, au moins aussi vite que les temp\u00e9ratures en ce d\u00e9but du mois de janvier. La commune de 32.000 \u00e2mes a f\u00eat\u00e9 le passage \u00e0 la nouvelle ann\u00e9e en s\u2019unissant \u00e0 Saint-Denis, son g\u00e9ant voisin. Union, regroupement, mariage\u2026 Appelez cela comme vous voulez, mais la nouvelle entit\u00e9 \u00e9marge d\u00e9sormais \u00e0 pr\u00e8s de 150.000 habitants, ce qui la range au deuxi\u00e8me rang des communes les plus peupl\u00e9es d\u2019Ile-de-France, derri\u00e8re Paris.<\/p>\n<p>Sur le parvis de l\u2019H\u00f4tel de ville, on affiche d\u00e9sormais en gros \u00ab\u00a0Pierrefitte-sur-Seine, commune d\u00e9l\u00e9gu\u00e9e de Saint-Denis\u00a0\u00bb. La nouvelle commune, elle, portera le nom de la ville dyonisienne. Ce qui peut interroger sur la possible perte d\u2019identit\u00e9 des Pierrefittois.<\/p>\n<p>\u00ab\u00a0J\u2019ai peur que tout soit d\u00e9cid\u00e9 \u00e0 Saint-Denis\u00a0\u00bb<\/p>\n<p>\u00ab\u00a0Faut pas se leurrer, le gros va manger le petit, soupire Nordigne, 70 ans, inratable avec son casque de v\u00e9lo jaune fluo sur la t\u00eate. On nous l\u2019a impos\u00e9. M\u00eame si ce n\u2019\u00e9tait pas obligatoire de nous consulter, \u00e7a aurait \u00e9t\u00e9 bien de le faire.\u00a0\u00bb Le retrait\u00e9, ancien responsable d\u2019\u00e9tablissements m\u00e9dico-sociaux, redoute un possible futur \u00ab\u00a0manque de proximit\u00e9\u00a0\u00bb de certains services publics, tout en enfourchant son v\u00e9lo pour remonter la rue de Paris.<\/p>\n<p>\u00ab\u00a0Les noms de rues et d\u2019\u00e9coles, comme les codes postaux, restent les m\u00eames. Les clubs sportifs arborent toujours leurs couleurs. <a href=\"https:\/\/www.saintdenis.fr\/commune-nouvelle\" rel=\"nofollow noopener\" target=\"_blank\" class=\"color-ultramarine c-link\">Les deux H\u00f4tels de ville accueillent des mariages<\/a>. La commune d\u00e9l\u00e9gu\u00e9e de Pierrefitte continue de d\u00e9livrer l\u2019ensemble des actes d\u2019\u00e9tat civil et d\u2019assurer la relation de proximit\u00e9\u00a0\u00bb, indique, rassurante, la commune nouvelle sur son site. Les affichages municipaux exposant les v\u0153ux de la \u00ab\u00a0ville ensemble\u00a0\u00bb se m\u00ealent aux panneaux de la voirie indiquant le nom des rues. \u00ab\u00a0Mais l\u2019identit\u00e9, elle va partir, soupire Nacera, 46 ans. J\u2019ai peur que tout soit d\u00e9cid\u00e9 \u00e0 Saint-Denis.\u00a0\u00bb<\/p>\n<p>Certains sont \u00ab\u00a0tristes\u00a0\u00bb, d\u2019autres moins concern\u00e9s<\/p>\n<p>D\u2019autres, comme Juju et Laura, semblent plus d\u00e9tach\u00e9s. \u00ab\u00a0\u00c7a ne change rien, ce sont juste des panneaux\u00a0\u00bb, rigolent les deux trentenaires. \u00ab\u00a0Il faut dire qu\u2019on veut un r\u00e9f\u00e9rendum sur la question\u00a0\u00bb, mart\u00e8le quant \u00e0 lui Samuel, 51 ans. Le restaurateur, natif de la ville, s\u2019inqui\u00e8te surtout pour les<a href=\"https:\/\/www.20minutes.fr\/municipales\/2809827-20200628-resultats-municipales-saint-denis-mathieu-hanotin-ps-premier-maire-non-communiste-depuis-liberation\" class=\"color-ultramarine c-link\" target=\"_blank\" rel=\"noopener\"> prochaines \u00e9lections municipales<\/a>. \u00ab\u00a0\u00c7a me rend triste, j\u2019ai l\u2019impression qu\u2019on ne va plus pouvoir \u00e9lire un enfant de la ville\u00a0\u00bb, encha\u00eene-t-il.<\/p>\n<p>Pour lui, l\u2019identit\u00e9 de la ville, c\u2019est \u00ab\u00a0la mairie, l\u2019\u00e9glise, et aussi l\u2019ambiance\u00a0\u00bb. Et m\u00eame si la fusion promet de ne pas y toucher, il n\u2019est pas des plus rassur\u00e9s. \u00ab\u00a0Dans les faits, la commune nouvelle porte le nom de Saint-Denis, les conseils municipaux se tiennent \u00e0 Saint-Denis, ce sont des signaux forts, analyse Romain Potel, l\u2019un des membres fondateurs de l\u2019association Stop fusion Pierrefitte Saint-Denis. On sait que le nom de Pierrefitte ne sera pas effac\u00e9, mais les habitants ont l\u2019habitude d\u2019une ville \u00e0 taille humaine.\u00a0\u00bb<\/p>\n<p>\u00ab\u00a0La population bouge, l\u2019attachement n\u2019est pas le m\u00eame\u00a0\u00bb<\/p>\n<p><a href=\"https:\/\/www.20minutes.fr\/paris\/4133562-20250115-saint-denis-font-sieste-bonnets-plusieurs-ecoles-privees-chauffage-eleves-gelent\" class=\"color-ultramarine c-link\" target=\"_blank\" rel=\"noopener\">Mathieu Hanotin<\/a> (PS), le maire de Saint-Denis, et le maire d\u00e9l\u00e9gu\u00e9 de Pierrefitte Michel Fourcade (PS), ont justifi\u00e9 leur choix par le fait de peser davantage. Concr\u00e8tement, les Pierrefittois pourront b\u00e9n\u00e9ficier de baisses d\u2019imp\u00f4t gr\u00e2ce \u00e0 la fusion, mais aussi de la cantine gratuite et de la politique contre l\u2019habitat indigne d\u00e9velopp\u00e9 par le voisin dyonisien.<\/p>\n<p>\u00ab\u00a0A Pierrefitte, ce qui fait fonctionner la ville, ce sont les associations. Les acteurs locaux se connaissent. En termes d\u2019identit\u00e9, ce qui va se perdre, c\u2019est d\u2019organiser des \u00e9v\u00e9nements entre les diff\u00e9rents quartiers de la ville\u00a0\u00bb, craint Romain Potel, ancien \u00e9lu de Pierrefitte et d\u00e9sormais conseiller municipal d\u2019opposition dans la nouvelle commune.<\/p>\n<\/p>\n<p>Pour lutter contre la d\u00e9cision, l\u2019association a lanc\u00e9 <a href=\"https:\/\/www.20minutes.fr\/justice\/\" class=\"color-ultramarine c-link\" target=\"_blank\" rel=\"noopener\">un recours juridique <\/a>et attend la fin de l\u2019instruction en f\u00e9vrier, avant un jugement esp\u00e9r\u00e9 \u00e0 l\u2019\u00e9t\u00e9. A quasiment un an des municipales, Stop fusion se bat aussi pour qu\u2019un maximum de listes int\u00e8grent l\u2019annulation de l\u2019union dans leur programme.<\/p>\n<p>Contact\u00e9 par 20 Minutes, Michel Fourcade (PS), maire de la commune d\u00e9l\u00e9gu\u00e9e de Pierrefitte, rappelle que la fusion a \u00e9t\u00e9 pens\u00e9e pour d\u00e9velopper les services publics et tient \u00e0 rassurer. \u00ab\u00a0L\u2019identit\u00e9 de la ville est une pr\u00e9occupation, notamment pour les habitants plus \u00e2g\u00e9s qui sont n\u00e9s ici. Mais ils sont rassur\u00e9s parce que les rues vont garder le m\u00eame nom et que le code postal est conserv\u00e9.\u00a0\u00bb<\/p>\n<p><a href=\"https:\/\/www.20minutes.fr\/societe\/seine-saint-denis\/\" class=\"c-link c-btn c-btn--primary\" target=\"_blank\" rel=\"noopener\">Toutes nos infos sur la Seine-Saint-Denis<\/a><\/p>\n<p>Pour l\u2019\u00e9dile socialiste, d\u00e9sormais premier adjoint de la commune nouvelle, le sentiment d\u2019appartenance de ses administr\u00e9s est d\u2019ailleurs globalement moins fort qu\u2019en province. \u00ab\u00a0Ici, la population bouge \u00e9norm\u00e9ment entre deux mandats, parfois de 40\u00a0%, donc l\u2019attachement n\u2019est pas le m\u00eame.\u00a0\u00bb Assis sur un banc non loin de l\u2019\u00e9glise, un homme, pas emball\u00e9 \u00e0 l\u2019id\u00e9e de donner son nom, philosophe. \u00ab\u00a0\u00c7a ne sert \u00e0 rien de stresser, murmure-t-il. Il faut attendre. On ne sait pas encore \u00e0 quelle sauce on va \u00eatre mang\u00e9s.\u00a0\u00bb<\/p>\n","protected":false},"excerpt":{"rendered":"Pour une lune de miel, on a connu plus festif. Un timide soleil d\u2019hiver tombe sur les rues&hellip;\n","protected":false},"author":2,"featured_media":137539,"comment_status":"","ping_status":"","sticky":false,"template":"","format":"standard","meta":{"footnotes":""},"categories":[1592],"tags":[1111,11,1777,674,1011,27,662,12,626,4484,1306,25,18341,1945],"class_list":{"0":"post-137538","1":"post","2":"type-post","3":"status-publish","4":"format-standard","5":"has-post-thumbnail","7":"category-ile-de-france","8":"tag-actu","9":"tag-actualites","10":"tag-eu","11":"tag-europe","12":"tag-fr","13":"tag-france","14":"tag-ile-de-france","15":"tag-news","16":"tag-paris","17":"tag-parti-socialiste-ps","18":"tag-regions","19":"tag-republique-francaise","20":"tag-saint-denis","21":"tag-seine-saint-denis"},"share_on_mastodon":{"url":"https:\/\/pubeurope.com\/@fr\/114592788180110293","error":""},"_links":{"self":[{"href":"https:\/\/www.europesays.com\/fr\/wp-json\/wp\/v2\/posts\/137538","targetHints":{"allow":["GET"]}}],"collection":[{"href":"https:\/\/www.europesays.com\/fr\/wp-json\/wp\/v2\/posts"}],"about":[{"href":"https:\/\/www.europesays.com\/fr\/wp-json\/wp\/v2\/types\/post"}],"author":[{"embeddable":true,"href":"https:\/\/www.europesays.com\/fr\/wp-json\/wp\/v2\/users\/2"}],"replies":[{"embeddable":true,"href":"https:\/\/www.europesays.com\/fr\/wp-json\/wp\/v2\/comments?post=137538"}],"version-history":[{"count":0,"href":"https:\/\/www.europesays.com\/fr\/wp-json\/wp\/v2\/posts\/137538\/revisions"}],"wp:featuredmedia":[{"embeddable":true,"href":"https:\/\/www.europesays.com\/fr\/wp-json\/wp\/v2\/media\/137539"}],"wp:attachment":[{"href":"https:\/\/www.europesays.com\/fr\/wp-json\/wp\/v2\/media?parent=137538"}],"wp:term":[{"taxonomy":"category","embeddable":true,"href":"https:\/\/www.europesays.com\/fr\/wp-json\/wp\/v2\/categories?post=137538"},{"taxonomy":"post_tag","embeddable":true,"href":"https:\/\/www.europesays.com\/fr\/wp-json\/wp\/v2\/tags?post=137538"}],"curies":[{"name":"wp","href":"https:\/\/api.w.org\/{rel}","templated":true}]}}