{"id":137540,"date":"2025-05-29T19:33:08","date_gmt":"2025-05-29T19:33:08","guid":{"rendered":"https:\/\/www.europesays.com\/fr\/137540\/"},"modified":"2025-05-29T19:33:08","modified_gmt":"2025-05-29T19:33:08","slug":"battu-par-fils-a-roland-garros-munar-semporte-contre-le-public-de-paris","status":"publish","type":"post","link":"https:\/\/www.europesays.com\/fr\/137540\/","title":{"rendered":"battu par Fils \u00e0 Roland-Garros, Munar s&#8217;emporte contre le public de Paris"},"content":{"rendered":"<p>            Par<br \/>\n        <strong><br \/>\n            <a href=\"https:\/\/actu.fr\/auteur\/thomas-martin\" title=\"Consulter tous les articles de Thomas Martin\" rel=\"nofollow noopener\" target=\"_blank\">Thomas Martin<\/a><br \/>\n        <\/strong><\/p>\n<p>        Publi\u00e9 le<\/p>\n<p>            29 mai 2025 \u00e0 17h56        <\/p>\n<p>La d\u00e9faite am\u00e8re. Battu par le Fran\u00e7ais <strong>Arthur Fils<\/strong> en cinq sets, l\u2019Espagnol Jaume Munar a a critiqu\u00e9 ce jeudi 29 mai le \u00ab\u00a0cirque\u00a0\u00bb cr\u00e9\u00e9 par le public de <a href=\"https:\/\/actu.fr\/tag\/roland-garros\" rel=\"nofollow noopener\" target=\"_blank\">Roland-Garros<\/a>, \u00ab\u00a0le plus perturbant\u00a0\u00bb du circuit selon lui. \u00ab\u00a0Je vais \u00eatre tr\u00e8s clair sur le sujet du public, et je ne vais pas m\u00e2cher mes mots\u00a0\u00bb, a pr\u00e9venu Munar apr\u00e8s une question sur l\u2019ambiance \u00e9lectrique qui a port\u00e9 Fils vers la victoire sur le court Suzanne-Lenglen lors du deuxi\u00e8me tour \u00e0 Paris.\u00a0<\/p>\n<p>\u00ab\u00a0Ici, \u00e0 Paris, le drapeau p\u00e8se trop lourd\u00a0\u00bb<\/p>\n<p class=\" wall-content\">\u00ab\u00a0Qu\u2019ils encouragent l\u2019autre joueur, qu\u2019ils crient, je suis habitu\u00e9, j\u2019ai l\u2019exp\u00e9rience, en Am\u00e9rique du Sud aussi, c\u2019est tr\u00e8s intense, a commenc\u00e9 le Majorquin de 28 ans. Mais ce que je consid\u00e8re comme un manque total de respect \u2013 et ici, \u00e7a arrive souvent \u2013 c\u2019est le fait qu\u2019ils chantent sans arr\u00eat, qu\u2019ils interrompent continuellement. Et au final, cela emp\u00eache le jeu d\u2019avancer\u00a0\u00bb.<\/p>\n<p class=\" wall-content\">\u00ab\u00a0Ce n\u2019est m\u00eame pas une question d\u2019impact \u00e9motionnel ou personnel, c\u2019est simplement que le jeu ne peut pas se d\u00e9rouler normalement, a-t-il estim\u00e9. \u00c7a para\u00eet \u00eatre un beau spectacle pour les spectateurs, mais il faut se rappeler qu\u2019on est l\u00e0 pour faire notre travail. Ca ne doit pas ressembler \u00e0 un cirque. Et parfois, ici, \u00e7a ressemble \u00e0 du th\u00e9\u00e2tre\u00a0\u00bb.<\/p>\n<p class=\" wall-content\">\u00ab\u00a0\u00c0 un moment du match, quand la tension monte, ils chantent l\u2019hymne, ils t\u2019emp\u00eachent de servir, entre les services ils disent des b\u00eatises juste pour d\u00e9ranger\u00a0\u00bb, a-t-il continu\u00e9, m\u00eame s\u2019il reconna\u00eet que s\u2019il commet \u00ab\u00a0une double faute ou autre chose, c\u2019est de (sa) faute, ce n\u2019est pas la leur\u00a0\u00bb.<\/p>\n<p class=\" wall-content\">Invit\u00e9 \u00e0 comparer l\u2019ambiance de Roland-Garros avec les autres sur le circuit, Munar a r\u00e9pondu que c\u2019\u00e9tait \u00ab\u00a0le public le plus d\u00e9rangeant, tr\u00e8s clairement\u00a0\u00bb. \u00ab\u00a0\u00c0 l\u2019US Open, c\u2019est un show, mais les gens vivent \u00e7a plus comme des spectateurs, pas avec autant de fanatisme (\u2026) En Australie, c\u2019est un peu pareil. Ici, \u00e0 Paris, le drapeau p\u00e8se trop lourd, \u00e0 mon avis. Il serait bien d\u2019apaiser un peu l\u2019ambiance pour laisser le jeu se d\u00e9rouler plus normalement\u00a0\u00bb, a-t-il conclu.<\/p>\n<p>Vid\u00e9os : en ce moment sur Actu<\/p>\n<p class=\" wall-content\">Men\u00e9 deux sets \u00e0 z\u00e9ro, Munar a \u00e9galis\u00e9 contre le Fran\u00e7ais qui a eu recours \u00e0 un m\u00e9decin \u00e0 cause d\u2019une douleur au dos. Fils, qui haranguait la foule lors des moments d\u00e9cisifs, s\u2019est finalement impos\u00e9 au bout de l\u2019effort.<\/p>\n<p class=\" wall-content\">Avec AFP<\/p>\n<p class=\" wall-content\">Suivez toute l\u2019actualit\u00e9 de vos villes et m\u00e9dias favoris en vous inscrivant \u00e0 <a href=\"https:\/\/moncompte.actu.fr\" title=\"D\u00e9couvez Mon Actu\" rel=\"nofollow noopener\" data-trk=\"{&quot;cta&quot;:{&quot;action&quot;:&quot;https:\\\/\\\/moncompte.actu.fr&quot;,&quot;category&quot;:&quot;mon compte&quot;,&quot;from&quot;:&quot;article footer&quot;,&quot;name&quot;:&quot;Mon actu&quot;,&quot;type&quot;:&quot;cta&quot;}}\" target=\"_blank\">Mon Actu<\/a>.<\/p>\n","protected":false},"excerpt":{"rendered":"Par Thomas Martin Publi\u00e9 le 29 mai 2025 \u00e0 17h56 La d\u00e9faite am\u00e8re. Battu par le Fran\u00e7ais Arthur&hellip;\n","protected":false},"author":2,"featured_media":137541,"comment_status":"","ping_status":"","sticky":false,"template":"","format":"standard","meta":{"footnotes":""},"categories":[1888],"tags":[1111,1928,11,1927,1777,674,1011,27,12,1926,626,1925,25,4171,60,1467],"class_list":{"0":"post-137540","1":"post","2":"type-post","3":"status-publish","4":"format-standard","5":"has-post-thumbnail","7":"category-paris","8":"tag-actu","9":"tag-actu-paris","10":"tag-actualites","11":"tag-actualites-paris","12":"tag-eu","13":"tag-europe","14":"tag-fr","15":"tag-france","16":"tag-news","17":"tag-news-paris","18":"tag-paris","19":"tag-paris-news","20":"tag-republique-francaise","21":"tag-roland-garros","22":"tag-sports","23":"tag-tennis"},"share_on_mastodon":{"url":"https:\/\/pubeurope.com\/@fr\/114592796044355982","error":""},"_links":{"self":[{"href":"https:\/\/www.europesays.com\/fr\/wp-json\/wp\/v2\/posts\/137540","targetHints":{"allow":["GET"]}}],"collection":[{"href":"https:\/\/www.europesays.com\/fr\/wp-json\/wp\/v2\/posts"}],"about":[{"href":"https:\/\/www.europesays.com\/fr\/wp-json\/wp\/v2\/types\/post"}],"author":[{"embeddable":true,"href":"https:\/\/www.europesays.com\/fr\/wp-json\/wp\/v2\/users\/2"}],"replies":[{"embeddable":true,"href":"https:\/\/www.europesays.com\/fr\/wp-json\/wp\/v2\/comments?post=137540"}],"version-history":[{"count":0,"href":"https:\/\/www.europesays.com\/fr\/wp-json\/wp\/v2\/posts\/137540\/revisions"}],"wp:featuredmedia":[{"embeddable":true,"href":"https:\/\/www.europesays.com\/fr\/wp-json\/wp\/v2\/media\/137541"}],"wp:attachment":[{"href":"https:\/\/www.europesays.com\/fr\/wp-json\/wp\/v2\/media?parent=137540"}],"wp:term":[{"taxonomy":"category","embeddable":true,"href":"https:\/\/www.europesays.com\/fr\/wp-json\/wp\/v2\/categories?post=137540"},{"taxonomy":"post_tag","embeddable":true,"href":"https:\/\/www.europesays.com\/fr\/wp-json\/wp\/v2\/tags?post=137540"}],"curies":[{"name":"wp","href":"https:\/\/api.w.org\/{rel}","templated":true}]}}