{"id":137546,"date":"2025-05-29T19:36:15","date_gmt":"2025-05-29T19:36:15","guid":{"rendered":"https:\/\/www.europesays.com\/fr\/137546\/"},"modified":"2025-05-29T19:36:15","modified_gmt":"2025-05-29T19:36:15","slug":"jai-une-connaissance-intime-de-paris-et-de-ses-problemes","status":"publish","type":"post","link":"https:\/\/www.europesays.com\/fr\/137546\/","title":{"rendered":"\u00ab\u00a0J\u2019ai une connaissance intime de Paris et de ses probl\u00e8mes\u00a0\u00bb"},"content":{"rendered":"<p><strong>ENTRETIEN<\/strong> &#8211; Alors qu\u2019il brigue la t\u00eate de liste du PS pour les municipales de 2026 \u00e0 Paris, l\u2019ex-premier adjoint d\u2019Anne Hidalgo, devenu d\u00e9put\u00e9, veut \u00abpoursuivre et surtout acc\u00e9l\u00e9rer\u00bb la politique men\u00e9e par la maire actuelle. M\u00eame si cette derni\u00e8re lui pr\u00e9f\u00e8re son rival, le s\u00e9nateur R\u00e9mi F\u00e9raud.<\/p>\n<p class=\"fig-paragraph\">Ex-premier adjoint \u00e0 l\u2019H\u00f4tel de Ville et d\u00e9put\u00e9 de Paris,\u00a0<a href=\"http:\/\/www.lefigaro.fr\/politique\/municipales-2026-emmanuel-gregoire-accuse-son-concurrent-remi-feraud-d-etre-l-instrument-d-une-vengeance-d-anne-hidalgo-20241127\" data-fig-type=\"NewsFlash\" data-gtm-custom-categorie=\"navigation\" data-gtm-custom-action=\"crossclick\" data-gtm-custom-label=\"Contextuel\" data-gtm-event=\"customEventSPE\" data-fig-domain=\"LEFIGARO\" target=\"_blank\" rel=\"noopener\">Emmanuel Gr\u00e9goire<\/a>\u00a0est candidat \u00e0 la primaire socialiste du 30\u00a0juin pour d\u00e9signer la t\u00eate de liste du PS dans la capitale aux municipales de 2026.<\/p>\n<p class=\"fig-paragraph\"><strong>LE FIGARO. &#8211; \u00c0 quoi ressemblerait Paris si vous \u00eates \u00e9lu en 2026\u00a0?<\/strong><\/p>\n<p class=\"fig-paragraph\"><strong>EMMANUEL GR\u00c9GOIRE. <\/strong>&#8211; D\u2019abord, mon \u00e9lection signifierait que Paris reste une ville de gauche. Dans le contexte politique national et international, ce serait malheureusement une forme d\u2019exception, et donc le premier motif de r\u00e9jouissance. Nous devons \u00eatre dignes de porter des politiques de gauche sur les enjeux sociaux et environnementaux. J\u2019assume une forme de continuit\u00e9 par rapport aux deux mandats de<a href=\"http:\/\/www.lefigaro.fr\/politique\/municipales-a-paris-bertrand-delanoe-soutient-emmanuel-gregoire-20250324\" data-fig-type=\"NewsFlash\" data-gtm-custom-categorie=\"navigation\" data-gtm-custom-action=\"crossclick\" data-gtm-custom-label=\"Contextuel\" data-gtm-event=\"customEventSPE\" data-fig-domain=\"LEFIGARO\" target=\"_blank\" rel=\"noopener\">\u00a0Bertrand Delano\u00eb\u00a0<\/a>et d\u2019Anne Hidalgo. Si je suis maire, je poursuivrai et acc\u00e9l\u00e9rerai beaucoup de choses que j\u2019ai port\u00e9es \u00e0 ses c\u00f4t\u00e9s en tant que premier adjoint mais tout en affirmant ma propre libert\u00e9, avec une nouvelle m\u00e9thode, celle de la r\u00e9conciliation, et une ambition forte\u00a0: faire en sorte que Paris s\u2019ouvre sur\u2026<\/p>\n<p class=\"fig-premium-paywall__infos\">\n        Cet article est r\u00e9serv\u00e9 aux abonn\u00e9s.        Il vous reste 85% \u00e0 d\u00e9couvrir.\n    <\/p>\n<p>                <img  data- alt=\"Le Figaro\" class=\"fig-img--complete fig-img\"\/><\/p>\n<p class=\"fig-premium-paywall__title\">Vente Flash<\/p>\n<p class=\"fig-premium-paywall__subtitle\">4,99\u20ac par mois pendant 12 mois. Sans engagement.<\/p>\n<p class=\"fig-premium-paywall__connect\">\n                D\u00e9j\u00e0 abonn\u00e9\u00a0?                <a class=\"fig-premium-paywall__connect-link\" href=\"https:\/\/connect.lefigaro.fr\/login?client=horizon_web&amp;type=main&amp;redirect_uri=https%3A%2F%2Fwww.lefigaro.fr%2Fpolitique%2Femmanuel-gregoire-j-ai-une-connaissance-intime-de-paris-et-de-ses-problemes-20250529\" data-js-gtm=\"{&quot;customCategorie&quot;: &quot;conversion&quot;, &quot;customAction&quot;: &quot;before_Landing_Connexion_paywall_auto&quot;, &quot;customLabel&quot;: &quot;bGVmaWdhcm8uZnJfXzFmMDNjNzhiLWM0OWItNmVkYS1hMDU4LTlkOWI2NWEzOTc5YV9fQXJ0aWNsZQ==_Emmanuel Gr\u00e9goire\u00a0: \u00ab\u00a0J\u2019ai une connaissance intime de Paris et de ses probl\u00e8mes\u00a0\u00bb_726&quot;, &quot;customIDSPE&quot;: &quot;bGVmaWdhcm8uZnJfXzFmMDNjNzhiLWM0OWItNmVkYS1hMDU4LTlkOWI2NWEzOTc5YV9fQXJ0aWNsZQ==&quot;, &quot;event&quot;: &quot;customEventSPE&quot;}\" target=\"_blank\" rel=\"noopener\"><br \/>\n                    Connectez-vous<br \/>\n                <\/a>\n            <\/p>\n","protected":false},"excerpt":{"rendered":"ENTRETIEN &#8211; Alors qu\u2019il brigue la t\u00eate de liste du PS pour les municipales de 2026 \u00e0 Paris,&hellip;\n","protected":false},"author":2,"featured_media":137547,"comment_status":"","ping_status":"","sticky":false,"template":"","format":"standard","meta":{"footnotes":""},"categories":[1888],"tags":[11,2618,426,427,422,423,8186,1777,674,1011,27,418,424,425,420,421,12,419,626,316,429,25,428],"class_list":{"0":"post-137546","1":"post","2":"type-post","3":"status-publish","4":"format-standard","5":"has-post-thumbnail","7":"category-paris","8":"tag-actualites","9":"tag-anne-hidalgo","10":"tag-candidat","11":"tag-candidats","12":"tag-depute","13":"tag-deputes","14":"tag-emmanuel-gregoire","15":"tag-eu","16":"tag-europe","17":"tag-fr","18":"tag-france","19":"tag-gouvernement","20":"tag-institution","21":"tag-institutions","22":"tag-loi","23":"tag-lois","24":"tag-news","25":"tag-opposition","26":"tag-paris","27":"tag-politique","28":"tag-ps","29":"tag-republique-francaise","30":"tag-ump"},"share_on_mastodon":{"url":"https:\/\/pubeurope.com\/@fr\/114592807902283994","error":""},"_links":{"self":[{"href":"https:\/\/www.europesays.com\/fr\/wp-json\/wp\/v2\/posts\/137546","targetHints":{"allow":["GET"]}}],"collection":[{"href":"https:\/\/www.europesays.com\/fr\/wp-json\/wp\/v2\/posts"}],"about":[{"href":"https:\/\/www.europesays.com\/fr\/wp-json\/wp\/v2\/types\/post"}],"author":[{"embeddable":true,"href":"https:\/\/www.europesays.com\/fr\/wp-json\/wp\/v2\/users\/2"}],"replies":[{"embeddable":true,"href":"https:\/\/www.europesays.com\/fr\/wp-json\/wp\/v2\/comments?post=137546"}],"version-history":[{"count":0,"href":"https:\/\/www.europesays.com\/fr\/wp-json\/wp\/v2\/posts\/137546\/revisions"}],"wp:featuredmedia":[{"embeddable":true,"href":"https:\/\/www.europesays.com\/fr\/wp-json\/wp\/v2\/media\/137547"}],"wp:attachment":[{"href":"https:\/\/www.europesays.com\/fr\/wp-json\/wp\/v2\/media?parent=137546"}],"wp:term":[{"taxonomy":"category","embeddable":true,"href":"https:\/\/www.europesays.com\/fr\/wp-json\/wp\/v2\/categories?post=137546"},{"taxonomy":"post_tag","embeddable":true,"href":"https:\/\/www.europesays.com\/fr\/wp-json\/wp\/v2\/tags?post=137546"}],"curies":[{"name":"wp","href":"https:\/\/api.w.org\/{rel}","templated":true}]}}