{"id":137556,"date":"2025-05-29T19:41:10","date_gmt":"2025-05-29T19:41:10","guid":{"rendered":"https:\/\/www.europesays.com\/fr\/137556\/"},"modified":"2025-05-29T19:41:10","modified_gmt":"2025-05-29T19:41:10","slug":"la-cheffe-des-verts-plaide-pour-une-interdiction-conditionnelle-des-exportations-darmes-vers-israel","status":"publish","type":"post","link":"https:\/\/www.europesays.com\/fr\/137556\/","title":{"rendered":"la cheffe des Verts plaide pour une interdiction conditionnelle des exportations d\u2019armes vers Isra\u00ebl"},"content":{"rendered":"<p style=\"text-align:justify;\">AA \/ Berlin \/ Oliver Towfigh Nia<\/p>\n<p style=\"text-align:justify;\">La copr\u00e9sidente du parti \u00e9cologiste allemand, Franziska Brantner, a appel\u00e9 jeudi \u00e0 interdire les exportations d\u2019armes vers Isra\u00ebl si celles-ci sont utilis\u00e9es \u00e0 Gaza en violation du droit international.<\/p>\n<p style=\"text-align:justify;\">\u00ab\u00a0Aucune arme allemande ne doit \u00eatre utilis\u00e9e \u00e0 Gaza en violation du droit international. C\u2019est pourquoi une interdiction d\u2019exportation est n\u00e9cessaire\u00a0\u00bb, a-t-elle d\u00e9clar\u00e9 au magazine Der Spiegel.<\/p>\n<p style=\"text-align:justify;\">Selon elle, le gouvernement allemand doit traduire en actes les critiques \u00e9mises par le chancelier Friedrich Merz \u00e0 l\u2019encontre des actions isra\u00e9liennes dans la bande de Gaza.<\/p>\n<p style=\"text-align:justify;\">\u00ab\u00a0Si le constat du chancelier est que les actions d\u2019Isra\u00ebl dans la bande de Gaza enfreignent le droit humanitaire international, alors cela doit avoir des cons\u00e9quences sur la politique \u00e9trang\u00e8re allemande\u00a0\u00bb, a-t-elle soulign\u00e9.<\/p>\n<p style=\"text-align:justify;\">Brantner a cependant reconnu qu\u2019il n\u2019est pas toujours ais\u00e9 de v\u00e9rifier si les armes allemandes sont utilis\u00e9es \u00e0 des fins de l\u00e9gitime d\u00e9fense ou pour expulser la population civile palestinienne.<\/p>\n<p style=\"text-align:justify;\">\u00ab\u00a0Mais si nous voulons assumer \u00e0 parts \u00e9gales notre responsabilit\u00e9 envers la s\u00e9curit\u00e9 d\u2019Isra\u00ebl et le respect du droit international, nous devons faire cette distinction\u00a0\u00bb, a-t-elle insist\u00e9.<\/p>\n<p style=\"text-align:justify;\">Elle a \u00e9galement propos\u00e9 une action plus coh\u00e9rente contre la politique de colonisation isra\u00e9lienne, ainsi que des sanctions plus strictes \u00e0 l\u2019encontre des \u00ab\u00a0individus qui commettent ou ordonnent directement des violences contre la population palestinienne, y compris en Cisjordanie\u00a0\u00bb.<\/p>\n<p style=\"text-align:justify;\">Ces mesures pourraient notamment concerner des ministres isra\u00e9liens tels que le ministre des Finances Bezalel Smotrich ou le ministre de la S\u00e9curit\u00e9 nationale Itamar Ben-Gvir, a-t-elle pr\u00e9cis\u00e9.<\/p>\n<p style=\"text-align:justify;\">Alors que les critiques internationales se multiplient \u00e0 l\u2019encontre de l\u2019offensive militaire isra\u00e9lienne \u00e0 Gaza et des restrictions \u00e0 l\u2019aide humanitaire pour les Palestiniens, une majorit\u00e9 d\u2019Allemands rejette d\u00e9sormais les livraisons d\u2019armes \u00e0 Isra\u00ebl, selon un nouveau sondage publi\u00e9 mardi.<\/p>\n<p style=\"text-align:justify;\">L\u2019enqu\u00eate de l\u2019institut Civey pour le journal Der Tagesspiegel r\u00e9v\u00e8le que 51 % des personnes interrog\u00e9es s\u2019opposent aux exportations d\u2019armes vers Isra\u00ebl. Ce rejet est particuli\u00e8rement marqu\u00e9 chez les \u00e9lecteurs de gauche, dont quatre sur cinq y sont d\u00e9favorables.<\/p>\n<p style=\"text-align:justify;\">Au sein des chr\u00e9tiens-d\u00e9mocrates du chancelier Friedrich Merz, 34 % des sond\u00e9s disent s\u2019opposer aux ventes d\u2019armes \u00e0 Isra\u00ebl, tandis que 22 % se d\u00e9clarent ind\u00e9cis. Chez les sociaux-d\u00e9mocrates, partenaires de coalition, 48 % estiment que ces exportations sont inappropri\u00e9es.<\/p>\n<p style=\"text-align:justify;\">Le sondage r\u00e9v\u00e8le \u00e9galement une demande croissante de la population pour que Berlin prenne ses distances avec le gouvernement du Premier ministre isra\u00e9lien Benyamin Netanyahu. Ainsi, 44 % des Allemands souhaitent une position plus critique envers Isra\u00ebl, contre 33 % \u00e0 l\u2019\u00e9t\u00e9 2023. En comparaison, seuls 23 % plaident pour un rapprochement avec l\u2019ex\u00e9cutif isra\u00e9lien.<\/p>\n<p style=\"text-align:justify;\">En parall\u00e8le, environ deux tiers des Allemands souhaitent que leur gouvernement fasse davantage pression sur Isra\u00ebl pour qu\u2019il autorise l\u2019acheminement de l\u2019aide humanitaire vers Gaza. Cette opinion est particuli\u00e8rement r\u00e9pandue chez les plus de 65 ans : pr\u00e8s de trois quarts d\u2019entre eux y sont favorables, contre la moiti\u00e9 des 18-29 ans.<\/p>\n<p style=\"text-align:justify;\">Le sondage a \u00e9t\u00e9 r\u00e9alis\u00e9 entre le 23 et le 26 mai 2025 aupr\u00e8s de plus de 3 000 citoyens allemands \u00e2g\u00e9s de 18 ans et plus.<\/p>\n<p style=\"text-align:justify;\">* Traduit de l&rsquo;Anglais par Adama Bamba<\/p>\n<p>                            &#13;<br \/>\n                                <a href=\"https:\/\/www.aa.com.tr\/fr\/p\/abonnement\/1001\" target=\"_blank\" style=\"font-size:12px; color:#444; text-decoration:none;\" rel=\"nofollow noopener\">&#13;<br \/>\n                                    Seulement une partie des d\u00e9p\u00eaches, que l&rsquo;Agence Anadolu diffuse \u00e0 ses abonn\u00e9s via le Syst\u00e8me de Diffusion interne (HAS), est diffus\u00e9e sur le site de l&rsquo;AA, de mani\u00e8re r\u00e9sum\u00e9e. <b style=\"color:#1897F7\">Contactez-nous s&rsquo;il vous pla\u00eet pour vous abonner.<\/b>&#13;<br \/>\n                                <\/a>&#13;<\/p>\n","protected":false},"excerpt":{"rendered":"AA \/ Berlin \/ Oliver Towfigh Nia La copr\u00e9sidente du parti \u00e9cologiste allemand, Franziska Brantner, a appel\u00e9 jeudi&hellip;\n","protected":false},"author":2,"featured_media":137557,"comment_status":"","ping_status":"","sticky":false,"template":"","format":"standard","meta":{"footnotes":""},"categories":[1587],"tags":[11,672,1785,1804,1805,1803,1777,674,26380,665,1801,3819,12,7621,1802],"class_list":{"0":"post-137556","1":"post","2":"type-post","3":"status-publish","4":"format-standard","5":"has-post-thumbnail","7":"category-allemagne","8":"tag-actualites","9":"tag-allemagne","10":"tag-anadolu-ajansi","11":"tag-bundesrepublik-deutschland","12":"tag-de","13":"tag-deutschland","14":"tag-eu","15":"tag-europe","16":"tag-franziska-brantne","17":"tag-gaza","18":"tag-germany","19":"tag-isral","20":"tag-news","21":"tag-palestiniens","22":"tag-republique-federale-dallemagne"},"share_on_mastodon":{"url":"https:\/\/pubeurope.com\/@fr\/114592827515735385","error":""},"_links":{"self":[{"href":"https:\/\/www.europesays.com\/fr\/wp-json\/wp\/v2\/posts\/137556","targetHints":{"allow":["GET"]}}],"collection":[{"href":"https:\/\/www.europesays.com\/fr\/wp-json\/wp\/v2\/posts"}],"about":[{"href":"https:\/\/www.europesays.com\/fr\/wp-json\/wp\/v2\/types\/post"}],"author":[{"embeddable":true,"href":"https:\/\/www.europesays.com\/fr\/wp-json\/wp\/v2\/users\/2"}],"replies":[{"embeddable":true,"href":"https:\/\/www.europesays.com\/fr\/wp-json\/wp\/v2\/comments?post=137556"}],"version-history":[{"count":0,"href":"https:\/\/www.europesays.com\/fr\/wp-json\/wp\/v2\/posts\/137556\/revisions"}],"wp:featuredmedia":[{"embeddable":true,"href":"https:\/\/www.europesays.com\/fr\/wp-json\/wp\/v2\/media\/137557"}],"wp:attachment":[{"href":"https:\/\/www.europesays.com\/fr\/wp-json\/wp\/v2\/media?parent=137556"}],"wp:term":[{"taxonomy":"category","embeddable":true,"href":"https:\/\/www.europesays.com\/fr\/wp-json\/wp\/v2\/categories?post=137556"},{"taxonomy":"post_tag","embeddable":true,"href":"https:\/\/www.europesays.com\/fr\/wp-json\/wp\/v2\/tags?post=137556"}],"curies":[{"name":"wp","href":"https:\/\/api.w.org\/{rel}","templated":true}]}}