{"id":137581,"date":"2025-05-29T19:57:16","date_gmt":"2025-05-29T19:57:16","guid":{"rendered":"https:\/\/www.europesays.com\/fr\/137581\/"},"modified":"2025-05-29T19:57:16","modified_gmt":"2025-05-29T19:57:16","slug":"dimore-studio-les-decorateurs-italiens-que-le-monde-sarrache","status":"publish","type":"post","link":"https:\/\/www.europesays.com\/fr\/137581\/","title":{"rendered":"Dimore Studio, les d\u00e9corateurs italiens que le monde s\u2019arrache"},"content":{"rendered":"<p>Ils composent avec talent des atmosph\u00e8res sophistiqu\u00e9es et singuli\u00e8res. Les designers Emiliano Salci et Britt Moran insufflent, depuis vingt ans d\u00e9j\u00e0, un v\u00e9ritable renouveau maximaliste, glamour et fantasque \u00e0 la d\u00e9coration italienne.<\/p>\n<p class=\"fig-paragraph\">Incontournables\u00a0! En avril dernier, pendant le Salone del Mobile de Milan, ils \u00e9taient de toutes les aventures, multipliant lancements de collections, pr\u00e9sentations \u00e0 grand spectacle et collaborations. Baroques, tout autant que r\u00e9trofuturistes, leurs assises pour Yves Salomon \u00c9ditions \u2013 jeune maison sp\u00e9cialis\u00e9e dans le travail du cuir, de la peau lain\u00e9e et de la fourrure recycl\u00e9e \u2013 m\u00ealaient inox et pelisses. \u00ab L\u2019opportunit\u00e9 de traiter la fourrure dans une optique diff\u00e9rente, moins traditionnelle et plus architecturale, nous int\u00e9ressait, assurent Emiliano Salci et Britt Moran, les fondateurs de Dimore Studio. L\u2019id\u00e9e \u00e9tant de jouer sur des contrastes\u00a0: la douceur de la fourrure et les structures m\u00e9talliques, l\u2019intimit\u00e9 et l\u2019audace.\u00a0\u00bb Souffler le chaud et le froid, c\u2019est leur credo. Quand Britt, l\u2019Am\u00e9ricain, n\u2019est que charme malicieux, pr\u00e9venance et courtoisie, l\u2019Italien Emiliano, lui, v\u00e9ritable diva de la d\u00e9coration, arbore haut et fort les plus fantasques des tenues des podiums milanais. L\u2019art du coup d\u2019\u00e9clat permanent, un pari gagnant\u2026 Il faut dire qu\u2019au moment o\u00f9 se lance le tandem, au d\u00e9but des ann\u00e9es 2000, le design italien s\u2019est assoupi dans des canap\u00e9s passe-partout aux tonalit\u00e9s l\u00e9nifiantes. L\u2019industrie tourne en rond, \u00e0 vide. Coup de th\u00e9\u00e2tre, les deux acolytes dynamitent la logique industrielle transalpine, renouant avec une volupt\u00e9 toute d\u00e9corative. L\u2019histoire d\u00e9bute en 2003, dans un appartement d\u00e9labr\u00e9, situ\u00e9 dans le quartier de Brera. Ils y posent leur agence et inaugurent surtout un principe d\u2019installations \u00e9ph\u00e9m\u00e8res sans cesse renouvel\u00e9es, m\u00ealant \u00e0 des pi\u00e8ces vintages du XXe du mobilier sicilien du XVIIe si\u00e8cle, des trouvailles loufoques et leurs propres cr\u00e9ations. Adeptes des tonalit\u00e9s sourdes et des ambiances r\u00eaveuses, ils sugg\u00e8rent avec brio la patine du v\u00e9cu. \u00ab Avec le temps, nous sommes devenus plus radicaux \u00e0 certains \u00e9gards, plus raffin\u00e9s \u00e0 d\u2019autres. Notre identit\u00e9 est plus forte d\u00e9sormais, nous nous sentons plus libres \u00e9galement. \u00c0 nos d\u00e9buts, nous explorions les limites\u00a0; maintenant, nous connaissons exactement celles que nous souhaitons repousser.\u00a0\u00bb<\/p>\n<p class=\"fig-paragraph\"><a href=\"http:\/\/kiosque.lefigaro.fr\/f-art-de-vivre\" data-gtm-custom-categorie=\"navigation\" data-gtm-custom-action=\"crossclick\" data-gtm-custom-label=\"Contextuel\" data-gtm-event=\"customEventSPE\" rel=\"nofollow noopener\" target=\"_blank\">&gt; D\u00e9couvrez l\u2019int\u00e9gralit\u00e9 de F, Art de vivre\u00a0<\/a><\/p>\n<p>    Yves Salomon \u00c9ditions.<br \/>\n                sdp<\/p>\n<p>    Loro Piana par Dimore Studio.<br \/>\n                ANDREA FERRARI<\/p>\n<p class=\"fig-paragraph\">Dimore signifie logement en italien, Dimore Studio \u0153uvre autant sur des chantiers r\u00e9sidentiels que sur des boutiques ou des h\u00f4tels. Le duo auto\u00e9dite \u00e9galement mobilier, textiles et luminaires, ligne au fil du temps rebaptis\u00e9e \u00ab Progetto non finito\u00a0\u00bb, Dimore Studio, et aujourd\u2019hui Dimore Milano. \u00c0 l\u2019instar de moult collections de d\u00e9corateurs, leurs propositions peinent \u00e0 affirmer une identit\u00e9 propre tant elles s\u2019apparentent \u00e0 du vintage neuf. Plus que dans la cr\u00e9ation d\u2019objets, Emiliano Salci et Britt Moran se distinguent dans celle d\u2019atmosph\u00e8res oniriques. Leur sens de la mise en sc\u00e8ne atteint d\u00e9sormais son paroxysme dans le cadre de collaborations tous azimuts.<\/p>\n<p>    Loro Piana par Dimore Studio.<br \/>\n                ANDREA FERRARI<\/p>\n<p class=\"fig-paragraph\">S\u2019associant pour la premi\u00e8re fois avec Loro Piana, ils se fendaient \u00e0 Milan, le mois dernier, d\u2019une pr\u00e9sentation immersive, \u00e9vocation \u00e0 grand spectacle d\u2019un appartement bourgeois milanais de la fin des ann\u00e9es 1970, aux moquettes profondes, canap\u00e9s amples et laiton mordor\u00e9. Un int\u00e9rieur grand chic, grand genre, au sol pourtant juch\u00e9 d\u2019assiettes cass\u00e9es, comme un lendemain de f\u00eate\u2026 M\u00eame sens du glamour d\u00e9cal\u00e9, mais ici relev\u00e9 de motifs pour obi romantique, cam\u00e9lia, glycine ou bambous, tons sourds, s\u00e9pia et fum\u00e9s, pour leur ligne de tissus chez l\u2019\u00e9diteur japonais Hosoo. \u00ab Ces collaborations nous permettent de changer de perspective. C\u2019est l\u2019occasion d\u2019habiter l\u2019univers d\u2019une autre marque, de le r\u00e9interpr\u00e9ter avec nos propres codes et de voir ce qui en ressort. Il ne s\u2019agit jamais de compromis, mais de r\u00e9sonances.\u00a0\u00bb En octobre prochain, l\u2019aventure se poursuivra avec Yves Salomon \u00c9ditions \u00e0 travers de nouvelles pi\u00e8ces d\u00e9voil\u00e9es durant Design Miami Paris. Autre temps fort cr\u00e9atif.<\/p>\n","protected":false},"excerpt":{"rendered":"Ils composent avec talent des atmosph\u00e8res sophistiqu\u00e9es et singuli\u00e8res. Les designers Emiliano Salci et Britt Moran insufflent, depuis&hellip;\n","protected":false},"author":2,"featured_media":137582,"comment_status":"","ping_status":"","sticky":false,"template":"","format":"standard","meta":{"footnotes":""},"categories":[1358],"tags":[1660,1665,1659,1348,1384,1385,646,1668,1667,1673,1386,58,59,1658,1011,27,1661,1663,1672,1669,1670,1671,1664,1662,586,1666],"class_list":{"0":"post-137581","1":"post","2":"type-post","3":"status-publish","4":"format-standard","5":"has-post-thumbnail","7":"category-arts-et-design","8":"tag-actu-art-de-vivre","9":"tag-actualite-automobile","10":"tag-art-de-vivre","11":"tag-arts","12":"tag-arts-and-design","13":"tag-arts-et-design","14":"tag-automobile","15":"tag-bons-plans-voyages","16":"tag-conseils-voyage","17":"tag-degustation-vin","18":"tag-design","19":"tag-divertissement","20":"tag-entertainment","21":"tag-f-art-de-vivre","22":"tag-fr","23":"tag-france","24":"tag-gastronomie","25":"tag-oenologie","26":"tag-salon-automobile","27":"tag-sorties","28":"tag-sorties-a-paris","29":"tag-sortir-paris","30":"tag-tests-automobiles","31":"tag-vin","32":"tag-voyage","33":"tag-voyages"},"share_on_mastodon":{"url":"https:\/\/pubeurope.com\/@fr\/114592890487265539","error":""},"_links":{"self":[{"href":"https:\/\/www.europesays.com\/fr\/wp-json\/wp\/v2\/posts\/137581","targetHints":{"allow":["GET"]}}],"collection":[{"href":"https:\/\/www.europesays.com\/fr\/wp-json\/wp\/v2\/posts"}],"about":[{"href":"https:\/\/www.europesays.com\/fr\/wp-json\/wp\/v2\/types\/post"}],"author":[{"embeddable":true,"href":"https:\/\/www.europesays.com\/fr\/wp-json\/wp\/v2\/users\/2"}],"replies":[{"embeddable":true,"href":"https:\/\/www.europesays.com\/fr\/wp-json\/wp\/v2\/comments?post=137581"}],"version-history":[{"count":0,"href":"https:\/\/www.europesays.com\/fr\/wp-json\/wp\/v2\/posts\/137581\/revisions"}],"wp:featuredmedia":[{"embeddable":true,"href":"https:\/\/www.europesays.com\/fr\/wp-json\/wp\/v2\/media\/137582"}],"wp:attachment":[{"href":"https:\/\/www.europesays.com\/fr\/wp-json\/wp\/v2\/media?parent=137581"}],"wp:term":[{"taxonomy":"category","embeddable":true,"href":"https:\/\/www.europesays.com\/fr\/wp-json\/wp\/v2\/categories?post=137581"},{"taxonomy":"post_tag","embeddable":true,"href":"https:\/\/www.europesays.com\/fr\/wp-json\/wp\/v2\/tags?post=137581"}],"curies":[{"name":"wp","href":"https:\/\/api.w.org\/{rel}","templated":true}]}}