{"id":137583,"date":"2025-05-29T19:58:10","date_gmt":"2025-05-29T19:58:10","guid":{"rendered":"https:\/\/www.europesays.com\/fr\/137583\/"},"modified":"2025-05-29T19:58:10","modified_gmt":"2025-05-29T19:58:10","slug":"jours-de-gloire-et-de-tristesse-la-revolution-sensible-liberation","status":"publish","type":"post","link":"https:\/\/www.europesays.com\/fr\/137583\/","title":{"rendered":"\u00abJours de gloire et de tristesse\u00bb, la R\u00e9volution sensible \u2013 Lib\u00e9ration"},"content":{"rendered":"<p class=\"sc-ksZaOG ehjQrN text-element\">Adrien-Joseph Colson est un juriste de la fin de l\u2019Ancien R\u00e9gime travaillant pour un aristocrate parisien dont il g\u00e8re les propri\u00e9t\u00e9s. Il entretient de ce fait une intense correspondance avec leur r\u00e9gisseur qui r\u00e9side en province, pr\u00e8s de Ch\u00e2teauroux. Outre qu\u2019elle soit conserv\u00e9e, cette correspondance a ceci de rare que Colson non seulement relate les \u00e9v\u00e9nements r\u00e9volutionnaires, mais aussi exprime en d\u00e9tail ce qu\u2019il ressent. <a href=\"https:\/\/www.liberation.fr\/livres\/2004\/06\/03\/le-lapin-de-varennes_481759\/\" target=\"_blank\" rel=\"noopener\" title=\"https:\/\/www.liberation.fr\/livres\/2004\/06\/03\/le-lapin-de-varennes_481759\/\">Timothy Tackett<\/a>, \u00e9minent sp\u00e9cialiste am\u00e9ricain de la R\u00e9volution fran\u00e7aise, analyse avec intelligence et minutie cette correspondance d\u2019un personnage somme toute mineur, un fils d\u2019artisan appartenant \u00e0 la classe moyenne par sa profession juridique, mais rest\u00e9 proche des milieux populaires. Ses r\u00e9actions aux \u00e9v\u00e9nements acqui\u00e8rent donc d\u2019autant plus d\u2019int\u00e9r\u00eat. Demeurant au c\u0153ur de Paris, pr\u00e8s de l\u2019h\u00f4tel de ville, ce grand marcheur sillonne la capitale en qu\u00eate d\u2019informations, fr\u00e9quentant les caf\u00e9s pour boire un verre de vin et bavarder politique.<\/p>\n<p class=\"sc-ksZaOG ehjQrN text-element\">Colson n\u2019est pas un critique du gouvernement royal avant la R\u00e9volution mais sa correspondance, dit Timothy Tackett, t\u00e9moigne \u00abd\u2019un d\u00e9veloppement remarquable de sa conscience politique\u00bb entre 1787 et 1789. S\u2019il consid\u00e8re encore, comme tant d\u2019autres, que l\u2019existence de la monarchie va de soi, exprimant fr\u00e9quemment son admi<\/p>\n","protected":false},"excerpt":{"rendered":"Adrien-Joseph Colson est un juriste de la fin de l\u2019Ancien R\u00e9gime travaillant pour un aristocrate parisien dont il&hellip;\n","protected":false},"author":2,"featured_media":137584,"comment_status":"","ping_status":"","sticky":false,"template":"","format":"standard","meta":{"footnotes":""},"categories":[1357],"tags":[1379,10488,58,59,1011,27,1380],"class_list":{"0":"post-137583","1":"post","2":"type-post","3":"status-publish","4":"format-standard","5":"has-post-thumbnail","7":"category-livres","8":"tag-books","9":"tag-cahier-livres","10":"tag-divertissement","11":"tag-entertainment","12":"tag-fr","13":"tag-france","14":"tag-livres"},"share_on_mastodon":{"url":"https:\/\/pubeurope.com\/@fr\/114592894422655509","error":""},"_links":{"self":[{"href":"https:\/\/www.europesays.com\/fr\/wp-json\/wp\/v2\/posts\/137583","targetHints":{"allow":["GET"]}}],"collection":[{"href":"https:\/\/www.europesays.com\/fr\/wp-json\/wp\/v2\/posts"}],"about":[{"href":"https:\/\/www.europesays.com\/fr\/wp-json\/wp\/v2\/types\/post"}],"author":[{"embeddable":true,"href":"https:\/\/www.europesays.com\/fr\/wp-json\/wp\/v2\/users\/2"}],"replies":[{"embeddable":true,"href":"https:\/\/www.europesays.com\/fr\/wp-json\/wp\/v2\/comments?post=137583"}],"version-history":[{"count":0,"href":"https:\/\/www.europesays.com\/fr\/wp-json\/wp\/v2\/posts\/137583\/revisions"}],"wp:featuredmedia":[{"embeddable":true,"href":"https:\/\/www.europesays.com\/fr\/wp-json\/wp\/v2\/media\/137584"}],"wp:attachment":[{"href":"https:\/\/www.europesays.com\/fr\/wp-json\/wp\/v2\/media?parent=137583"}],"wp:term":[{"taxonomy":"category","embeddable":true,"href":"https:\/\/www.europesays.com\/fr\/wp-json\/wp\/v2\/categories?post=137583"},{"taxonomy":"post_tag","embeddable":true,"href":"https:\/\/www.europesays.com\/fr\/wp-json\/wp\/v2\/tags?post=137583"}],"curies":[{"name":"wp","href":"https:\/\/api.w.org\/{rel}","templated":true}]}}