{"id":137585,"date":"2025-05-29T19:59:10","date_gmt":"2025-05-29T19:59:10","guid":{"rendered":"https:\/\/www.europesays.com\/fr\/137585\/"},"modified":"2025-05-29T19:59:10","modified_gmt":"2025-05-29T19:59:10","slug":"avant-premiere-hpi-s05-e04-lhomme-au-soda-a-moitie-plein-tf1","status":"publish","type":"post","link":"https:\/\/www.europesays.com\/fr\/137585\/","title":{"rendered":"Avant-premi\u00e8re &#8211; HPI &#8211; S05 E04 &#8211; L&#039;homme au soda \u00e0 moiti\u00e9 plein &#8211; TF1+"},"content":{"rendered":"<ol>\n<li><a href=\"https:\/\/news.google.com\/rss\/articles\/CBMipwFBVV95cUxNdHVSaDNCQWd2ek45UTdzR2dxc25NYnBRaE9zaTR3Qms0LWlGdmtBTHdKTlROa0R6Zm50VzB2OXpmZEJLb2VVNHV1VlZocWpMczlsUS1QTXpBQlJ2a2J4RFJ5dGFlTEJ1S1ZuWklFR1JfaWZ0SktnVlV2OVc1V1Zsc25ONW1ZT0NQMGdHWHJjVlUxZExCTU8ySEd6Yzc2RG00UHVRa2xoaw?oc=5\" target=\"_blank\" rel=\"nofollow noopener\">Avant-premi\u00e8re &#8211; HPI &#8211; S05 E04 &#8211; L&rsquo;homme au soda \u00e0 moiti\u00e9 plein<\/a>&nbsp;&nbsp;TF1+<\/li>\n<li><a href=\"https:\/\/news.google.com\/rss\/articles\/CBMiigJBVV95cUxQX0lETGVTZ0hObjVLTS02SHBfUV8xc28wYXJ2UHh1aVFmRHZ6eThvcE5DMm1wVGxWMV83Q1VNTlJWc25zNlI0QUNtdEJkTmJhTUJKNm5zUnduaW5SVHdzLUNhNktnLTU0VXpzbXgtZlU1Nm5hT084bFNXOEFUYWFZM2xuZkgtRjdIeWl0cUpkX2xzbGtNbl9oOVFvTWxDM1VtU1l6VXNQNU5JWDYxanVHblBlcDBOUElhbHlWQy1MOFdXYnpZckRocUxuM3hhdjlVdkNFOXJOTmdxRmJCSnVMdko1M2VUNS1qblp4OGRtVGhndVIzYVkwaHJBYWJGb0o0MXVrOUJKSG9ZZw?oc=5\" target=\"_blank\" rel=\"nofollow noopener\">HPI : Alerte, un personnage embl\u00e9matique de la s\u00e9rie avec Audrey Fleurot va mourir dans l&rsquo;\u00e9pisode de ce jeudi 29 mai 2025 ! (SPOILER)<\/a>&nbsp;&nbsp;programme-tv.net<\/li>\n<li><a href=\"https:\/\/news.google.com\/rss\/articles\/CBMizwFBVV95cUxNbVR6X0Zic2o3WHlPcXd1bWhyalhFdzg0YmJkLWE1S2NmUkZRenEwWUlnNDM5Qmh0T3R2SjlQanhGc0UwbFFzQXhJQkxKWHVKOFVmb295REFpS1JsenZiQkxFemlfMV9Tb093RDFVMGp3YzA1SFNxbWJzZ25ZOXNhWVpxT1ZDQXJkeW9LcGJhMVpwVzl6UG9mVDRlcWppdV9mWUU3RVctQVBVMnM3WnlrRi1Xb0JxNktLWHkyaFc2ZktXTGlLZlF5MDBMUHFEUXc?oc=5\" target=\"_blank\" rel=\"nofollow noopener\">HPI, The Agency\u2026 que regarder \u00e0 la t\u00e9l\u00e9 ce soir ? | T\u00e9l\u00e9 7 Jours<\/a>&nbsp;&nbsp;T\u00e9l\u00e9 7 Jours<\/li>\n<li><a href=\"https:\/\/news.google.com\/rss\/articles\/CBMilAFBVV95cUxOU0JsdGRjdF9QdTFETlRuLVVoZ1d5Tk80X2VVRTBQMFE3bEhUemJqcTNRRzhRSjFEck5zekRqYjZ4MXlQWWRqTVQtaXZiNFI5SWFQLU5yalFXcWZiT2RLR0NRclpNVmphcXhzdllQbl9BZHoxMGtCZTZlUFZUZGhuQzRNaEtxbk05Y0dzLXdQV0MwRDM4?oc=5\" target=\"_blank\" rel=\"nofollow noopener\">\u00c0 la t\u00e9l\u00e9 ce soir : \u00ab HPI \u00bb ou \u00ab Rien ne t\u2019efface \u00bb<\/a>&nbsp;&nbsp;Soirmag<\/li>\n<li><a href=\"https:\/\/news.google.com\/rss\/articles\/CBMirAFBVV95cUxPMV9ZSG9vcW1RaVNLbTNfb292bndJRHZJaXNUNzZvR3ZHeE5HLTZ6Mm5kT0Rpa3o3Z01qVkdaM1p5WmVVRkpJOW1lODB2d0hZNmh4MEk0QTZUa1pDM2FNdzVWV3VJTC1jUzlEZU1md3ljTjZpUHpyX1hyU2FqanRCV1hkbGkyc0lUZkE0Zm10eERBcjdmNWlvSWxjckc1S0RKZlpFT3RrS181ZGV4?oc=5\" target=\"_blank\" rel=\"nofollow noopener\">Derni\u00e8re saison de HPI sur TF1 : quand Morgane veut invoquer l\u2019esprit de Diana<\/a>&nbsp;&nbsp;Point de Vue<\/li>\n<\/ol>\n","protected":false},"excerpt":{"rendered":"Avant-premi\u00e8re &#8211; HPI &#8211; S05 E04 &#8211; L&rsquo;homme au soda \u00e0 moiti\u00e9 plein&nbsp;&nbsp;TF1+ HPI : Alerte, un personnage&hellip;\n","protected":false},"author":2,"featured_media":137586,"comment_status":"","ping_status":"","sticky":false,"template":"","format":"standard","meta":{"footnotes":""},"categories":[1356],"tags":[58,59,1365,26381,1011,27,21261,26382,26384,252,1364,26385,26383],"class_list":{"0":"post-137585","1":"post","2":"type-post","3":"status-publish","4":"format-standard","5":"has-post-thumbnail","7":"category-television","8":"tag-divertissement","9":"tag-entertainment","10":"tag-episode","11":"tag-episode-hpi","12":"tag-fr","13":"tag-france","14":"tag-hpi","15":"tag-hpi-episode","16":"tag-streaming-hpi","17":"tag-television","18":"tag-tv","19":"tag-video-en-streaming-hpi","20":"tag-video-hpi"},"share_on_mastodon":{"url":"https:\/\/pubeurope.com\/@fr\/114592898299614698","error":""},"_links":{"self":[{"href":"https:\/\/www.europesays.com\/fr\/wp-json\/wp\/v2\/posts\/137585","targetHints":{"allow":["GET"]}}],"collection":[{"href":"https:\/\/www.europesays.com\/fr\/wp-json\/wp\/v2\/posts"}],"about":[{"href":"https:\/\/www.europesays.com\/fr\/wp-json\/wp\/v2\/types\/post"}],"author":[{"embeddable":true,"href":"https:\/\/www.europesays.com\/fr\/wp-json\/wp\/v2\/users\/2"}],"replies":[{"embeddable":true,"href":"https:\/\/www.europesays.com\/fr\/wp-json\/wp\/v2\/comments?post=137585"}],"version-history":[{"count":0,"href":"https:\/\/www.europesays.com\/fr\/wp-json\/wp\/v2\/posts\/137585\/revisions"}],"wp:featuredmedia":[{"embeddable":true,"href":"https:\/\/www.europesays.com\/fr\/wp-json\/wp\/v2\/media\/137586"}],"wp:attachment":[{"href":"https:\/\/www.europesays.com\/fr\/wp-json\/wp\/v2\/media?parent=137585"}],"wp:term":[{"taxonomy":"category","embeddable":true,"href":"https:\/\/www.europesays.com\/fr\/wp-json\/wp\/v2\/categories?post=137585"},{"taxonomy":"post_tag","embeddable":true,"href":"https:\/\/www.europesays.com\/fr\/wp-json\/wp\/v2\/tags?post=137585"}],"curies":[{"name":"wp","href":"https:\/\/api.w.org\/{rel}","templated":true}]}}