{"id":137623,"date":"2025-05-29T20:22:27","date_gmt":"2025-05-29T20:22:27","guid":{"rendered":"https:\/\/www.europesays.com\/fr\/137623\/"},"modified":"2025-05-29T20:22:27","modified_gmt":"2025-05-29T20:22:27","slug":"metropole-de-grenoble-un-motard-gravement-blesse-apres-une-collision-sur-la-rn-85-lautomobiliste-en-cause-interpelle","status":"publish","type":"post","link":"https:\/\/www.europesays.com\/fr\/137623\/","title":{"rendered":"M\u00e9tropole de Grenoble. Un motard gravement bless\u00e9 apr\u00e8s une collision sur la RN 85, l\u2019automobiliste en cause interpell\u00e9"},"content":{"rendered":"<p>Un motard de 29 ans a \u00e9t\u00e9 gravement bless\u00e9 apr\u00e8s une collision avec une voiture survenue peu apr\u00e8s 10 heures, ce jeudi 29 mai sur la RN 85 \u00e0 la hauteur de la commune du Pont-de-Claix.<\/p>\n<p>Secouru par les sapeurs-pompiers et une \u00e9quipe du Samu 38, il a \u00e9t\u00e9 conduit au CHU Grenoble Alpes o\u00f9 il a \u00e9t\u00e9 admis au service de d\u00e9chocage.<\/p>\n<p>Ce contenu est bloqu\u00e9 car vous n&rsquo;avez pas accept\u00e9 les cookies et autres traceurs.<\/p>\n<p>En cliquant sur \u00ab J\u2019accepte \u00bb, les cookies et autres traceurs seront d\u00e9pos\u00e9s et vous pourrez visualiser les contenus  (<a href=\"\" class=\"consentModule_policy\" target=\"_blank\" title=\"Consulter la politique de protection des donn\u00e9es du fournisseur\">plus d&rsquo;informations<\/a>).<\/p>\n<p>En cliquant sur \u00ab J\u2019accepte tous les cookies \u00bb, vous autorisez des d\u00e9p\u00f4ts de cookies et autres traceurs pour le stockage de vos donn\u00e9es sur nos sites et applications \u00e0 des fins de personnalisation et de ciblage publicitaire.<\/p>\n<p class=\"consentModule_secondaryText\">Vous gardez la possibilit\u00e9 de retirer votre consentement \u00e0 tout moment en consultant notre <a href=\"https:\/\/www.ledauphine.com\/protection-des-donnees\" target=\"_blank\" title=\"Consulter notre politique de protection des donn\u00e9es\" rel=\"noopener\">politique de protection des donn\u00e9es<\/a>. <br \/>&#13;<br \/>\n            <a href=\"https:\/\/www.ledauphine.com\/faits-divers-justice\/2025\/05\/29\/javascript:Didomi.notice.show()\" class=\"consentModule_cmp\" target=\"_blank\" rel=\"noopener\">G\u00e9rer mes choix<\/a>&#13;\n        <\/p>\n<p>&#13;<br \/>\n                        J&rsquo;accepte&#13;<br \/>\n            J&rsquo;accepte tous les cookies&#13;\n        <\/p>\n<p>\u00c9galement sur place, les gendarmes de la compagnie de Grenoble ont proc\u00e9d\u00e9 aux constatations d\u2019usage et ouvert une enqu\u00eate pour \u00e9tablir les circonstances de l\u2019accident.<\/p>\n<p>Il abandonne sa voiture et tente de prendre la fuite<\/p>\n<p>Selon nos informations, il semblerait que\u00a0&#8211; ralenti par des embouteillages entre la sortie de l\u2019A 480 et le rond-point de Champagnier\u00a0&#8211; l\u2019automobiliste ait fait demi-tour en faisant fi de la ligne blanche, au moment o\u00f9 le motard arrivait.<\/p>\n<p>Apr\u00e8s la collision, il ne s\u2019est pas souci\u00e9 de ce dernier et a abandonn\u00e9 sa voiture pour s\u2019enfuir en courant mais a pu \u00eatre rattrap\u00e9 par les militaires de la brigade de gendarmerie du Pont-de-Claix. Interpell\u00e9, cet homme de 31 ans a \u00e9t\u00e9 plac\u00e9 en garde \u00e0 vue.<\/p>\n","protected":false},"excerpt":{"rendered":"Un motard de 29 ans a \u00e9t\u00e9 gravement bless\u00e9 apr\u00e8s une collision avec une voiture survenue peu apr\u00e8s&hellip;\n","protected":false},"author":2,"featured_media":137624,"comment_status":"","ping_status":"","sticky":false,"template":"","format":"standard","meta":{"footnotes":""},"categories":[9566],"tags":[119,1111,11,2430,113,1777,674,274,107,1011,27,2731,108,7000,3294,12,25],"class_list":{"0":"post-137623","1":"post","2":"type-post","3":"status-publish","4":"format-standard","5":"has-post-thumbnail","7":"category-grenoble","8":"tag-accident","9":"tag-actu","10":"tag-actualites","11":"tag-auvergne-rhone-alpes","12":"tag-edition-gresivaudan-oisans","13":"tag-eu","14":"tag-europe","15":"tag-faits-divers-justice","16":"tag-fil-info","17":"tag-fr","18":"tag-france","19":"tag-grenoble","20":"tag-isere","21":"tag-lagglomeration","22":"tag-le-pont-de-claix","23":"tag-news","24":"tag-republique-francaise"},"share_on_mastodon":{"url":"https:\/\/pubeurope.com\/@fr\/114592988734967951","error":""},"_links":{"self":[{"href":"https:\/\/www.europesays.com\/fr\/wp-json\/wp\/v2\/posts\/137623","targetHints":{"allow":["GET"]}}],"collection":[{"href":"https:\/\/www.europesays.com\/fr\/wp-json\/wp\/v2\/posts"}],"about":[{"href":"https:\/\/www.europesays.com\/fr\/wp-json\/wp\/v2\/types\/post"}],"author":[{"embeddable":true,"href":"https:\/\/www.europesays.com\/fr\/wp-json\/wp\/v2\/users\/2"}],"replies":[{"embeddable":true,"href":"https:\/\/www.europesays.com\/fr\/wp-json\/wp\/v2\/comments?post=137623"}],"version-history":[{"count":0,"href":"https:\/\/www.europesays.com\/fr\/wp-json\/wp\/v2\/posts\/137623\/revisions"}],"wp:featuredmedia":[{"embeddable":true,"href":"https:\/\/www.europesays.com\/fr\/wp-json\/wp\/v2\/media\/137624"}],"wp:attachment":[{"href":"https:\/\/www.europesays.com\/fr\/wp-json\/wp\/v2\/media?parent=137623"}],"wp:term":[{"taxonomy":"category","embeddable":true,"href":"https:\/\/www.europesays.com\/fr\/wp-json\/wp\/v2\/categories?post=137623"},{"taxonomy":"post_tag","embeddable":true,"href":"https:\/\/www.europesays.com\/fr\/wp-json\/wp\/v2\/tags?post=137623"}],"curies":[{"name":"wp","href":"https:\/\/api.w.org\/{rel}","templated":true}]}}