{"id":137626,"date":"2025-05-29T20:24:27","date_gmt":"2025-05-29T20:24:27","guid":{"rendered":"https:\/\/www.europesays.com\/fr\/137626\/"},"modified":"2025-05-29T20:24:27","modified_gmt":"2025-05-29T20:24:27","slug":"auxerre-rennes-se-penche-sur-perrin-football","status":"publish","type":"post","link":"https:\/\/www.europesays.com\/fr\/137626\/","title":{"rendered":"Auxerre : Rennes se penche sur Perrin &#8211; Football"},"content":{"rendered":"<tr id=\"tr1\" align=\"left\" valign=\"top\">\n<td nowrap=\"nowrap\"> <b>22h14<\/b>&#8211;<a onclick=\"go(this);\" href=\"https:\/\/www.maxifoot.fr\/milan\/c-est-fini-pour-sergio-conceicao-off-foot-434668.htm\" target=\"_blank\" rel=\"noopener\">Milan : c&rsquo;est fini pour S\u00e9rgio Concei\u00e7\u00e3o (off.)<\/a><\/td>\n<\/tr>\n<tr id=\"tr2\" align=\"left\" valign=\"top\">\n<td nowrap=\"nowrap\"> <b>21h58<\/b>&#8211;<a onclick=\"go(this);\" href=\"https:\/\/www.maxifoot.fr\/benfica\/di-maria-retourne-a-rosario-officiel-foot-434667.htm\" target=\"_blank\" rel=\"noopener\">Benfica : Di Maria retourne \u00e0 Rosario (officiel)<\/a><\/td>\n<\/tr>\n<tr id=\"tr3\" align=\"left\" valign=\"top\">\n<td nowrap=\"nowrap\"> <b>21h43<\/b>&#8211;<a onclick=\"go(this);\" href=\"https:\/\/www.maxifoot.fr\/lyon\/cherki-a-enchante-sage-foot-434664.htm\" target=\"_blank\" rel=\"noopener\">Lyon : Cherki a enchant\u00e9 Sage<\/a><\/td>\n<\/tr>\n<tr id=\"tr4\" align=\"left\" valign=\"top\">\n<td nowrap=\"nowrap\"> <b>21h22<\/b>&#8211;<a onclick=\"go(this);\" href=\"https:\/\/www.maxifoot.fr\/nantes\/dunkerque-goumand-pour-castro-foot-434666.htm\" target=\"_blank\" rel=\"noopener\">Nantes : Dunkerque goumand pour Castro<\/a><\/td>\n<\/tr>\n<tr id=\"tr5\" align=\"left\" valign=\"top\">\n<td nowrap=\"nowrap\"> <b>20h59<\/b>&#8211;<a onclick=\"go(this);\" href=\"https:\/\/www.maxifoot.fr\/psg-inter\/dalmat-donne-son-favori-foot-434663.htm\" target=\"_blank\" rel=\"noopener\">PSG-Inter : Dalmat donne son favori<\/a><\/td>\n<\/tr>\n<tr id=\"tr6\" align=\"left\" valign=\"top\">\n<td nowrap=\"nowrap\"> <b>20h43<\/b>&#8211;<a onclick=\"go(this);\" href=\"https:\/\/www.maxifoot.fr\/psg\/iniesta-encense-dembele-foot-434656.htm\" target=\"_blank\" rel=\"noopener\">PSG : Iniesta encense Demb\u00e9l\u00e9<\/a><\/td>\n<\/tr>\n<tr id=\"tr7\" align=\"left\" valign=\"top\">\n<td nowrap=\"nowrap\"> <b>20h23<\/b>&#8211;<a onclick=\"go(this);\" href=\"https:\/\/www.maxifoot.fr\/euro-u17\/la-france-en-finale-foot-434662.htm\" target=\"_blank\" rel=\"noopener\">Euro (U17) : la France en finale<\/a><\/td>\n<\/tr>\n<tr id=\"tr8\" align=\"left\" valign=\"top\">\n<td nowrap=\"nowrap\"> <b>19h58<\/b>&#8211;<a onclick=\"go(this);\" href=\"https:\/\/www.maxifoot.fr\/c4\/isco-meilleur-joueur-du-tournoi-foot-434661.htm\" target=\"_blank\" rel=\"noopener\">C4 : Isco meilleur joueur du tournoi<\/a><\/td>\n<\/tr>\n<tr id=\"tr9\" align=\"left\" valign=\"top\">\n<td nowrap=\"nowrap\"> <b>19h32<\/b>&#8211;<a onclick=\"go(this);\" href=\"https:\/\/www.maxifoot.fr\/l1-ligue-2\/reims-metz-les-compos-foot-434660.htm\" target=\"_blank\" rel=\"noopener\">L1-L2 : Reims-Metz, les compos<\/a><\/td>\n<\/tr>\n<tr id=\"tr10\" align=\"left\" valign=\"top\">\n<td nowrap=\"nowrap\"> <b>19h20<\/b>&#8211;<a onclick=\"go(this);\" href=\"https:\/\/www.maxifoot.fr\/psg\/la-mise-au-point-de-boli-foot-434659.htm\" target=\"_blank\" rel=\"noopener\">PSG : la mise au point de Boli<\/a><\/td>\n<\/tr>\n<tr id=\"tr11\" align=\"left\" valign=\"top\">\n<td nowrap=\"nowrap\"> <b>18h59<\/b>&#8211;<a onclick=\"go(this);\" href=\"https:\/\/www.maxifoot.fr\/ars\/benzema-sacre-meilleur-joueur-foot-434658.htm\" target=\"_blank\" rel=\"noopener\">ArS : Benzema sacr\u00e9 meilleur joueur<\/a><\/td>\n<\/tr>\n<tr id=\"tr12\" align=\"left\" valign=\"top\">\n<td nowrap=\"nowrap\"> <b>18h41<\/b>&#8211;<a onclick=\"go(this);\" href=\"https:\/\/www.maxifoot.fr\/kutaisi\/c-est-fini-pour-sakho-officiel-foot-434657.htm\" target=\"_blank\" rel=\"noopener\">Kutaisi : c&rsquo;est fini pour Sakho (officiel)<\/a><\/td>\n<\/tr>\n<tr id=\"tr13\" align=\"left\" valign=\"top\">\n<td nowrap=\"nowrap\"> <b>18h21<\/b>&#8211;<a onclick=\"go(this);\" href=\"https:\/\/www.maxifoot.fr\/werder\/steffen-sur-le-banc-officiel-foot-434655.htm\" target=\"_blank\" rel=\"noopener\">Werder : Steffen sur le banc (officiel)<\/a><\/td>\n<\/tr>\n<tr id=\"tr14\" align=\"left\" valign=\"top\">\n<td nowrap=\"nowrap\"> <b>17h51<\/b>&#8211;<a onclick=\"go(this);\" href=\"https:\/\/www.maxifoot.fr\/barca\/fort-repousse-le-psv-et-valence-foot-434646.htm\" target=\"_blank\" rel=\"noopener\">Bar\u00e7a : Fort repousse le PSV et Valence<\/a><\/td>\n<\/tr>\n<tr id=\"tr15\" align=\"left\" valign=\"top\">\n<td nowrap=\"nowrap\"> <b>17h39<\/b>&#8211;<a onclick=\"go(this);\" href=\"https:\/\/www.maxifoot.fr\/om\/drogba-aurait-aime-y-faire-carriere-foot-434632.htm\" target=\"_blank\" rel=\"noopener\">OM : Drogba aurait aim\u00e9 y faire carri\u00e8re<\/a><\/td>\n<\/tr>\n<tr id=\"tr16\" align=\"left\" valign=\"top\">\n<td nowrap=\"nowrap\"> <b>17h24<\/b>&#8211;<a onclick=\"go(this);\" href=\"https:\/\/www.maxifoot.fr\/man-utd\/la-juve-surveille-hojlund-foot-434636.htm\" target=\"_blank\" rel=\"noopener\">Man Utd : la Juve surveille H\u00f8jlund<\/a><\/td>\n<\/tr>\n<tr id=\"tr17\" align=\"left\" valign=\"top\">\n<td nowrap=\"nowrap\"> <b>17h07<\/b>&#8211;<a onclick=\"go(this);\" href=\"https:\/\/www.maxifoot.fr\/atalanta\/pioli-a-la-place-de-gasperini-foot-434639.htm\" target=\"_blank\" rel=\"noopener\">Atalanta : Pioli \u00e0 la place de Gasperini ?<\/a><\/td>\n<\/tr>\n<tr id=\"tr18\" align=\"left\" valign=\"top\">\n<td nowrap=\"nowrap\"> <b>16h52<\/b>&#8211;<a onclick=\"go(this);\" href=\"https:\/\/www.maxifoot.fr\/man-city\/le-mercato-le-boss-previent-foot-434653.htm\" target=\"_blank\" rel=\"noopener\">Man City : le mercato, le boss pr\u00e9vient<\/a><\/td>\n<\/tr>\n<tr id=\"tr19\" align=\"left\" valign=\"top\">\n<td nowrap=\"nowrap\"> <b>16h35<\/b>&#8211;<a onclick=\"go(this);\" href=\"https:\/\/www.maxifoot.fr\/river\/le-psg-avance-pour-mastantuono-foot-434654.htm\" target=\"_blank\" rel=\"noopener\">River : le PSG avance pour Mastantuono !<\/a><\/td>\n<\/tr>\n<tr id=\"tr20\" align=\"left\" valign=\"top\">\n<td nowrap=\"nowrap\"> <b>16h20<\/b>&#8211;<a onclick=\"go(this);\" href=\"https:\/\/www.maxifoot.fr\/betis\/antony-evasif-sur-son-avenir-foot-434635.htm\" target=\"_blank\" rel=\"noopener\">Betis : Antony \u00e9vasif sur son avenir<\/a><\/td>\n<\/tr>\n<tr id=\"tr21\" align=\"left\" valign=\"top\">\n<td nowrap=\"nowrap\"> <b>16h01<\/b>&#8211;<a onclick=\"go(this);\" href=\"https:\/\/www.maxifoot.fr\/om\/un-jeune-stephanois-en-approche-foot-434652.htm\" target=\"_blank\" rel=\"noopener\">OM : un jeune St\u00e9phanois en approche<\/a><\/td>\n<\/tr>\n<tr id=\"tr22\" align=\"left\" valign=\"top\">\n<td nowrap=\"nowrap\"> <b>15h43<\/b>&#8211;<a onclick=\"go(this);\" href=\"https:\/\/www.maxifoot.fr\/psg\/pastore-prend-la-defense-d-al-khelaifi-foot-434637.htm\" target=\"_blank\" rel=\"noopener\">PSG : Pastore prend la d\u00e9fense d&rsquo;Al-Khela\u00effi<\/a><\/td>\n<\/tr>\n<tr id=\"tr23\" align=\"left\" valign=\"top\">\n<td nowrap=\"nowrap\"> <b>15h22<\/b>&#8211;<a onclick=\"go(this);\" href=\"https:\/\/www.maxifoot.fr\/liverpool\/salah-sur-les-terrains-a-40-ans-foot-434643.htm\" target=\"_blank\" rel=\"noopener\">Liverpool : Salah sur les terrains \u00e0 40 ans ?<\/a><\/td>\n<\/tr>\n<tr id=\"tr24\" align=\"left\" valign=\"top\">\n<td nowrap=\"nowrap\"> <b>15h00<\/b>&#8211;<a onclick=\"go(this);\" href=\"https:\/\/www.maxifoot.fr\/ipswich\/delap-a-choisi-chelsea-foot-434651.htm\" target=\"_blank\" rel=\"noopener\">Ipswich : Delap a choisi Chelsea<\/a><\/td>\n<\/tr>\n<tr id=\"tr25\" align=\"left\" valign=\"top\">\n<td nowrap=\"nowrap\"> <b>14h41<\/b>&#8211;<a onclick=\"go(this);\" href=\"https:\/\/www.maxifoot.fr\/everton\/gueye-va-finalement-prolonger-foot-434641.htm\" target=\"_blank\" rel=\"noopener\">Everton : Gueye va finalement prolonger<\/a><\/td>\n<\/tr>\n<tr id=\"tr26\" align=\"left\" valign=\"top\">\n<td nowrap=\"nowrap\"> <b>14h23<\/b>&#8211;<a onclick=\"go(this);\" href=\"https:\/\/www.maxifoot.fr\/lille\/fernandez-pardo-plait-a-villarreal-foot-434649.htm\" target=\"_blank\" rel=\"noopener\">Lille : Fernandez-Pardo pla\u00eet \u00e0 Villarreal<\/a><\/td>\n<\/tr>\n<tr id=\"tr27\" align=\"left\" valign=\"top\">\n<td nowrap=\"nowrap\"> <b>14h05<\/b>&#8211;<a onclick=\"go(this);\" href=\"https:\/\/www.maxifoot.fr\/al-nassr\/ronaldo-la-mise-au-point-de-hierro-foot-434650.htm\" target=\"_blank\" rel=\"noopener\">Al-Nassr : Ronaldo, la mise au point de Hierro<\/a><\/td>\n<\/tr>\n<tr id=\"tr28\" align=\"left\" valign=\"top\">\n<td nowrap=\"nowrap\"> <b>13h49<\/b>&#8211;<a onclick=\"go(this);\" href=\"https:\/\/www.maxifoot.fr\/bayern\/sane-propose-a-arsenal-foot-434629.htm\" target=\"_blank\" rel=\"noopener\">Bayern : San\u00e9 propos\u00e9 \u00e0 Arsenal<\/a><\/td>\n<\/tr>\n<tr id=\"tr29\" align=\"left\" valign=\"top\">\n<td nowrap=\"nowrap\"> <b>13h32<\/b>&#8211;<a onclick=\"go(this);\" href=\"https:\/\/www.maxifoot.fr\/france\/mbappe-tchouameni-le-real-bloque-foot-434647.htm\" target=\"_blank\" rel=\"noopener\">EdF : Mbapp\u00e9-Tchouam\u00e9ni, le Real bloque&#8230;<\/a><\/td>\n<\/tr>\n<tr id=\"tr30\" align=\"left\" valign=\"top\">\n<td nowrap=\"nowrap\"> <b>13h18<\/b>&#8211;<a onclick=\"go(this);\" href=\"https:\/\/www.maxifoot.fr\/bologne\/italiano-a-prolonge-officiel-foot-434648.htm\" target=\"_blank\" rel=\"noopener\">Bologne : Italiano a prolong\u00e9 (officiel)<\/a><\/td>\n<\/tr>\n<tr id=\"tr31\" align=\"left\" valign=\"top\">\n<td nowrap=\"nowrap\"> <b>13h04<\/b>&#8211;<a onclick=\"go(this);\" href=\"https:\/\/www.maxifoot.fr\/chelsea\/maresca-favorable-pour-garder-sancho-foot-434627.htm\" target=\"_blank\" rel=\"noopener\">Chelsea : garder Sancho, Maresca favorable ?<\/a><\/td>\n<\/tr>\n<tr id=\"tr32\" align=\"left\" valign=\"top\">\n<td nowrap=\"nowrap\"> <b>12h47<\/b>&#8211;<a onclick=\"go(this);\" href=\"https:\/\/www.maxifoot.fr\/naples\/conte-une-offre-de-revalorisation-foot-434644.htm\" target=\"_blank\" rel=\"noopener\">Naples : Conte, une offre de revalorisation<\/a><\/td>\n<\/tr>\n<tr id=\"tr33\" align=\"left\" valign=\"top\">\n<td nowrap=\"nowrap\"> <b>12h31<\/b>&#8211;<a onclick=\"go(this);\" href=\"https:\/\/www.maxifoot.fr\/milan\/allegri-va-bien-faire-son-retour-foot-434645.htm\" target=\"_blank\" rel=\"noopener\">Milan : Allegri va bien faire son retour<\/a><\/td>\n<\/tr>\n<tr id=\"tr34\" align=\"left\" valign=\"top\">\n<td nowrap=\"nowrap\"> <b>12h16<\/b>&#8211;<a onclick=\"go(this);\" href=\"https:\/\/www.maxifoot.fr\/psg\/j-pastore-neymar-a-brise-le-football-foot-434633.htm\" target=\"_blank\" rel=\"noopener\">PSG : J. Pastore &#8211; \u00ab\u00a0Neymar a bris\u00e9 le football\u00a0\u00bb<\/a><\/td>\n<\/tr>\n<tr id=\"tr35\" align=\"left\" valign=\"top\">\n<td nowrap=\"nowrap\"> <b>12h00<\/b>&#8211;<a onclick=\"go(this);\" href=\"https:\/\/www.maxifoot.fr\/video\/wirtz-neymar-ne-sait-pas-qui-c-est-foot-434642.htm\" target=\"_blank\" rel=\"noopener\">VIDEO : Wirtz ? Neymar ne sait pas qui c&rsquo;est<\/a><\/td>\n<\/tr>\n<tr id=\"tr36\" align=\"left\" valign=\"top\">\n<td nowrap=\"nowrap\"> <b>11h45<\/b>&#8211;<a onclick=\"go(this);\" href=\"https:\/\/www.maxifoot.fr\/al-nassr\/ronaldo-negociations-difficiles-foot-434638.htm\" target=\"_blank\" rel=\"noopener\">Al-Nassr : Ronaldo, n\u00e9gociations difficiles<\/a><\/td>\n<\/tr>\n<tr id=\"tr37\" align=\"left\" valign=\"top\">\n<td nowrap=\"nowrap\"> <b>11h28<\/b>&#8211;<a onclick=\"go(this);\" href=\"https:\/\/www.maxifoot.fr\/lyon\/cherki-city-lance-les-discussions-foot-434640.htm\" target=\"_blank\" rel=\"noopener\">Lyon : Cherki, City lance les discussions !<\/a><\/td>\n<\/tr>\n<tr id=\"tr38\" align=\"left\" valign=\"top\">\n<td nowrap=\"nowrap\"> <b>11h13<\/b>&#8211;<a onclick=\"go(this);\" href=\"https:\/\/www.maxifoot.fr\/real\/freixa-se-paye-mbappe-foot-434634.htm\" target=\"_blank\" rel=\"noopener\">Real : Freixa se paye Mbapp\u00e9 !<\/a><\/td>\n<\/tr>\n<tr id=\"tr39\" align=\"left\" valign=\"top\">\n<td nowrap=\"nowrap\"> <b>10h56<\/b>&#8211;<a onclick=\"go(this);\" href=\"https:\/\/www.maxifoot.fr\/psg\/mourinho-salue-le-travail-de-luis-enrique-foot-434626.htm\" target=\"_blank\" rel=\"noopener\">PSG : Mourinho salue le travail de Luis Enrique<\/a><\/td>\n<\/tr>\n<tr id=\"tr40\" align=\"left\" valign=\"top\">\n<td nowrap=\"nowrap\"> <b>10h41<\/b>&#8211;<a onclick=\"go(this);\" href=\"https:\/\/www.maxifoot.fr\/auxerre\/rennes-se-penche-sur-perrin-foot-434628.htm\" target=\"_blank\" rel=\"noopener\">Auxerre : Rennes se penche sur Perrin<\/a><\/td>\n<\/tr>\n<tr id=\"tr41\" align=\"left\" valign=\"top\">\n<td nowrap=\"nowrap\"> <b>10h24<\/b>&#8211;<a onclick=\"go(this);\" href=\"https:\/\/www.maxifoot.fr\/om\/henrique-un-coup-de-pouce-a-textor-foot-434631.htm\" target=\"_blank\" rel=\"noopener\">OM : Henrique, un coup de pouce \u00e0 Textor !<\/a><\/td>\n<\/tr>\n<tr id=\"tr42\" align=\"left\" valign=\"top\">\n<td nowrap=\"nowrap\"> <b>10h07<\/b>&#8211;<a onclick=\"go(this);\" href=\"https:\/\/www.maxifoot.fr\/real\/la-piste-stiller-prend-de-l-ampleur-foot-434630.htm\" target=\"_blank\" rel=\"noopener\">Real : la piste Stiller prend de l&rsquo;ampleur<\/a><\/td>\n<\/tr>\n<tr id=\"tr43\" align=\"left\" valign=\"top\">\n<td nowrap=\"nowrap\"> <b>09h52<\/b>&#8211;<a onclick=\"go(this);\" href=\"https:\/\/www.maxifoot.fr\/inter\/mourinho-avait-peur-d-un-triple-foot-434625.htm\" target=\"_blank\" rel=\"noopener\">Inter : Mourinho avait peur d&rsquo;un tripl\u00e9<\/a><\/td>\n<\/tr>\n<tr id=\"tr44\" align=\"left\" valign=\"top\">\n<td nowrap=\"nowrap\"> <b>09h20<\/b>&#8211;<a onclick=\"go(this);\" href=\"https:\/\/www.maxifoot.fr\/psg-inter\/djorkaeff-ne-peut-pas-choisir-foot-434623.htm\" target=\"_blank\" rel=\"noopener\">PSG-Inter : Djorkaeff ne peut pas choisir<\/a><\/td>\n<\/tr>\n<tr id=\"tr45\" align=\"left\" valign=\"top\">\n<td nowrap=\"nowrap\"> <b>09h01<\/b>&#8211;<a onclick=\"go(this);\" href=\"https:\/\/www.maxifoot.fr\/bayern\/c-est-fait-pour-tah-officiel-foot-434624.htm\" target=\"_blank\" rel=\"noopener\">Bayern : c&rsquo;est fait pour Tah (officiel)<\/a><\/td>\n<\/tr>\n<tr id=\"tr46\" align=\"left\" valign=\"top\">\n<td nowrap=\"nowrap\"> <b>08h41<\/b>&#8211;<a onclick=\"go(this);\" href=\"https:\/\/www.maxifoot.fr\/botafogo\/montoro-deal-a-la-almada-pour-l-ol-foot-434622.htm\" target=\"_blank\" rel=\"noopener\">Botafogo : Montoro, deal \u00e0 la Almada pour l&rsquo;OL ?<\/a><\/td>\n<\/tr>\n<tr id=\"tr47\" align=\"left\" valign=\"top\">\n<td nowrap=\"nowrap\"> <b>08h23<\/b>&#8211;<a onclick=\"go(this);\" href=\"https:\/\/www.maxifoot.fr\/chelsea\/maresca-se-veut-ambitieux-foot-434620.htm\" target=\"_blank\" rel=\"noopener\">Chelsea : Maresca se veut ambitieux<\/a><\/td>\n<\/tr>\n<tr id=\"tr48\" align=\"left\" valign=\"top\">\n<td nowrap=\"nowrap\"> <b>00h31<\/b>&#8211;<a onclick=\"go(this);\" href=\"https:\/\/www.maxifoot.fr\/psg\/quentin-halys-a-3000-derriere-paris-foot-434619.htm\" target=\"_blank\" rel=\"noopener\">LdC : Quentin Halys \u00ab\u00a0\u00e0 3000%\u00a0\u00bb derri\u00e8re Paris<\/a><\/td>\n<\/tr>\n<tr id=\"tr49\" align=\"left\" valign=\"top\">\n<td nowrap=\"nowrap\"> <b>00h26<\/b>&#8211;<a onclick=\"go(this);\" href=\"https:\/\/www.maxifoot.fr\/espagne\/une-invincibilite-de-24-ans-s-envole-foot-434617.htm\" target=\"_blank\" rel=\"noopener\">Esp. : une invincibilit\u00e9 de 24 ans s&rsquo;envole<\/a><\/td>\n<\/tr>\n<tr id=\"tr50\" align=\"left\" valign=\"top\">\n<td nowrap=\"nowrap\"> <b>00h24<\/b>&#8211;<a onclick=\"go(this);\" href=\"https:\/\/www.maxifoot.fr\/chelsea\/maresca-justifie-la-sortie-de-gusto-foot-434618.htm\" target=\"_blank\" rel=\"noopener\">Chelsea : Maresca justifie la sortie de Gusto<\/a><\/td>\n<\/tr>\n<tr id=\"tr51\" align=\"left\" valign=\"top\">\n<td nowrap=\"nowrap\"> <b>00h17<\/b>&#8211;<a onclick=\"go(this);\" href=\"https:\/\/www.maxifoot.fr\/roma\/toulouse-et-lens-lorgnent-abdulhamid-foot-434615.htm\" target=\"_blank\" rel=\"noopener\">Roma : Toulouse et Lens lorgnent Abdulhamid<\/a><\/td>\n<\/tr>\n<tr id=\"tr52\" align=\"left\" valign=\"top\">\n<td nowrap=\"nowrap\"> <b>00h09<\/b>&#8211;<a onclick=\"go(this);\" href=\"https:\/\/www.maxifoot.fr\/c4\/le-classement-des-buteurs-foot-434616.htm\" target=\"_blank\" rel=\"noopener\">C4 : le classement des buteurs<\/a><\/td>\n<\/tr>\n<tr id=\"tr53\" align=\"left\" valign=\"top\">\n<td nowrap=\"nowrap\"> <b>00h01<\/b>&#8211;<a onclick=\"go(this);\" href=\"https:\/\/www.maxifoot.fr\/guingamp\/ripoll-sur-la-short-list-de-lens-foot-434611.htm\" target=\"_blank\" rel=\"noopener\">Guingamp : Ripoll sur la short-list de Lens<\/a><\/td>\n<\/tr>\n<tr id=\"tr54\" align=\"left\" valign=\"top\">\n<td nowrap=\"nowrap\"> <b>28\/05<\/b>&#8211;<a onclick=\"go(this);\" href=\"https:\/\/www.maxifoot.fr\/chelsea\/maresca-s-attendait-a-l-entame-ratee-foot-434614.htm\" target=\"_blank\" rel=\"noopener\">Chelsea : Maresca s&rsquo;attendait \u00e0 l&rsquo;entame rat\u00e9e<\/a><\/td>\n<\/tr>\n<tr id=\"tr55\" align=\"left\" valign=\"top\">\n<td nowrap=\"nowrap\"> <b>28\/05<\/b>&#8211;<a onclick=\"go(this);\" href=\"https:\/\/www.maxifoot.fr\/chelsea\/colwill-vise-la-ligue-des-champions-foot-434613.htm\" target=\"_blank\" rel=\"noopener\">Chelsea : Colwill vise la Ligue des Champions<\/a><\/td>\n<\/tr>\n<tr id=\"tr56\" align=\"left\" valign=\"top\">\n<td nowrap=\"nowrap\"> <b>28\/05<\/b>&#8211;<a onclick=\"go(this);\" href=\"https:\/\/www.maxifoot.fr\/milan\/allegri-proche-de-faire-son-retour-foot-434609.htm\" target=\"_blank\" rel=\"noopener\">Milan : Allegri proche de faire son retour<\/a><\/td>\n<\/tr>\n<tr id=\"tr57\" align=\"left\" valign=\"top\">\n<td nowrap=\"nowrap\"> <b>28\/05<\/b>&#8211;<a onclick=\"go(this);\" href=\"https:\/\/www.maxifoot.fr\/angleterre\/6-clubs-titres-cette-annee-foot-434612.htm\" target=\"_blank\" rel=\"noopener\">Ang. : 6 clubs titr\u00e9s cette saison !<\/a><\/td>\n<\/tr>\n<tr id=\"tr58\" align=\"left\" valign=\"top\">\n<td nowrap=\"nowrap\"> <b>28\/05<\/b>&#8211;<a onclick=\"go(this);\" href=\"https:\/\/www.maxifoot.fr\/nantes\/luis-castro-favori-pour-le-banc-foot-434606.htm\" target=\"_blank\" rel=\"noopener\">Nantes : Luis Castro favori pour le banc<\/a><\/td>\n<\/tr>\n<tr id=\"tr59\" align=\"left\" valign=\"top\">\n<td nowrap=\"nowrap\"> <b>28\/05<\/b>&#8211;<a onclick=\"go(this);\" href=\"https:\/\/www.maxifoot.fr\/chelsea\/james-salue-la-reaction-foot-434610.htm\" target=\"_blank\" rel=\"noopener\">Chelsea : James salue la r\u00e9action<\/a><\/td>\n<\/tr>\n<tr id=\"tr60\" align=\"left\" valign=\"top\">\n<td nowrap=\"nowrap\"> <b>28\/05<\/b>&#8211;<a onclick=\"go(this);\" href=\"https:\/\/www.maxifoot.fr\/chelsea\/c1-c2-c3-c4-une-premiere-foot-434608.htm\" target=\"_blank\" rel=\"noopener\">Chelsea : C1, C2, C3, C4, une premi\u00e8re !<\/a><\/td>\n<\/tr>\n<tr id=\"tr61\" align=\"left\" valign=\"top\">\n<td nowrap=\"nowrap\"> <b>28\/05<\/b>&#8211;<a onclick=\"go(this);\" href=\"https:\/\/www.maxifoot.fr\/c4\/le-palmares-complet-foot-434607.htm\" target=\"_blank\" rel=\"noopener\">C4 : le palmar\u00e8s complet<\/a><\/td>\n<\/tr>\n<tr id=\"tr62\" align=\"left\" valign=\"top\">\n<td nowrap=\"nowrap\"> <b>28\/05<\/b>&#8211;<a onclick=\"go(this);\" href=\"https:\/\/www.maxifoot.fr\/c4\/betis-1-4-chelsea-fini-foot-434600.htm\" target=\"_blank\" rel=\"noopener\">C4 : Betis 1-4 Chelsea (fini)<\/a><\/td>\n<\/tr>\n<tr id=\"tr63\" align=\"left\" valign=\"top\">\n<td nowrap=\"nowrap\"> <b>28\/05<\/b>&#8211;<a onclick=\"go(this);\" href=\"https:\/\/www.maxifoot.fr\/chelsea\/rendez-vous-prevu-avec-ekitike-foot-434605.htm\" target=\"_blank\" rel=\"noopener\">Chelsea : rendez-vous pr\u00e9vu avec Ekitike<\/a><\/td>\n<\/tr>\n<tr id=\"tr64\" align=\"left\" valign=\"top\">\n<td nowrap=\"nowrap\"> <b>28\/05<\/b>&#8211;<a onclick=\"go(this);\" href=\"https:\/\/www.maxifoot.fr\/lens\/luis-castro-aussi-cible-pour-le-banc-foot-434604.htm\" target=\"_blank\" rel=\"noopener\">Lens : Luis Castro aussi cibl\u00e9 pour le banc<\/a><\/td>\n<\/tr>\n<tr id=\"tr65\" align=\"left\" valign=\"top\">\n<td nowrap=\"nowrap\"> <b>28\/05<\/b>&#8211;<a onclick=\"go(this);\" href=\"https:\/\/www.maxifoot.fr\/le-havre\/diawara-retourne-a-lyon-officiel-foot-434602.htm\" target=\"_blank\" rel=\"noopener\">Le Havre : Diawara retourne \u00e0 Lyon (officiel)<\/a><\/td>\n<\/tr>\n<tr id=\"tr66\" align=\"left\" valign=\"top\">\n<td nowrap=\"nowrap\"> <b>28\/05<\/b>&#8211;<a onclick=\"go(this);\" href=\"https:\/\/www.maxifoot.fr\/auxerre\/pelissier-rempile-jusqu-en-2027-off-foot-434603.htm\" target=\"_blank\" rel=\"noopener\">Auxerre : P\u00e9lissier rempile jusqu&rsquo;en 2027 (off.)<\/a><\/td>\n<\/tr>\n<tr id=\"tr67\" align=\"left\" valign=\"top\">\n<td nowrap=\"nowrap\"> <b>28\/05<\/b>&#8211;<a onclick=\"go(this);\" href=\"https:\/\/www.maxifoot.fr\/c4\/betis-chelsea-les-compos-foot-434598.htm\" target=\"_blank\" rel=\"noopener\">C4 : Betis-Chelsea, les compos<\/a><\/td>\n<\/tr>\n<tr id=\"tr68\" align=\"left\" valign=\"top\">\n<td nowrap=\"nowrap\"> <b>28\/05<\/b>&#8211;<a onclick=\"go(this);\" href=\"https:\/\/www.maxifoot.fr\/tfc\/le-club-confime-le-depart-de-comolli-foot-434601.htm\" target=\"_blank\" rel=\"noopener\">TFC : le club confime le d\u00e9part de Comolli !<\/a><\/td>\n<\/tr>\n<tr id=\"tr69\" align=\"left\" valign=\"top\">\n<td nowrap=\"nowrap\"> <b>28\/05<\/b>&#8211;<a onclick=\"go(this);\" href=\"https:\/\/www.maxifoot.fr\/lyon\/la-licence-uefa-accordee-par-la-fff-foot-434597.htm\" target=\"_blank\" rel=\"noopener\">Lyon : la licence UEFA accord\u00e9e par la FFF<\/a><\/td>\n<\/tr>\n<tr id=\"tr70\" align=\"left\" valign=\"top\">\n<td nowrap=\"nowrap\"> <b>28\/05<\/b>&#8211;<a onclick=\"go(this);\" href=\"https:\/\/www.maxifoot.fr\/monaco\/stawiecki-a-prolonge-officiel-foot-434596.htm\" target=\"_blank\" rel=\"noopener\">Monaco : Stawiecki a prolong\u00e9 (officiel)<\/a><\/td>\n<\/tr>\n<tr id=\"tr71\" align=\"left\" valign=\"top\">\n<td nowrap=\"nowrap\"> <b>28\/05<\/b>&#8211;<a onclick=\"go(this);\" href=\"https:\/\/www.maxifoot.fr\/sondage-mf\/vous-soutenez-le-psg-pour-la-finale-foot-434594.htm\" target=\"_blank\" rel=\"noopener\">Sondage MF : vous soutenez le PSG pour la finale<\/a><\/td>\n<\/tr>\n<tr id=\"tr72\" align=\"left\" valign=\"top\">\n<td nowrap=\"nowrap\"> <b>28\/05<\/b>&#8211;<a onclick=\"go(this);\" href=\"https:\/\/www.maxifoot.fr\/tfc\/comolli-quitte-son-poste-de-president-foot-434595.htm\" target=\"_blank\" rel=\"noopener\">TFC : Comolli quitte son poste de pr\u00e9sident !<\/a><\/td>\n<\/tr>\n<tr id=\"tr73\" align=\"left\" valign=\"top\">\n<td nowrap=\"nowrap\"> <b>28\/05<\/b>&#8211;<a onclick=\"go(this);\" href=\"https:\/\/www.maxifoot.fr\/ligue-1\/les-trophees-top-scoreur-et-top-passeur-foot-434593.htm\" target=\"_blank\" rel=\"noopener\">L1 : les troph\u00e9es Top Scoreur et Top Passeur<\/a><\/td>\n<\/tr>\n<tr id=\"tr74\" align=\"left\" valign=\"top\">\n<td nowrap=\"nowrap\"> <b>28\/05<\/b>&#8211;<a onclick=\"go(this);\" href=\"https:\/\/www.maxifoot.fr\/inter\/l-atletico-pense-a-lautaro-martinez-foot-434586.htm\" target=\"_blank\" rel=\"noopener\">Inter : l&rsquo;Atletico pense \u00e0 Lautaro Martinez<\/a><\/td>\n<\/tr>\n<tr id=\"tr75\" align=\"left\" valign=\"top\">\n<td nowrap=\"nowrap\"> <b>28\/05<\/b>&#8211;<a onclick=\"go(this);\" href=\"https:\/\/www.maxifoot.fr\/real\/mbappe-elu-joueur-de-la-saison-foot-434592.htm\" target=\"_blank\" rel=\"noopener\">Real : Mbapp\u00e9 \u00e9lu joueur de la saison<\/a><\/td>\n<\/tr>\n<tr id=\"tr76\" align=\"left\" valign=\"top\">\n<td nowrap=\"nowrap\">\n <b>28\/05<\/b>&#8211;<a onclick=\"go(this);\" href=\"https:\/\/www.maxifoot.fr\/bayern\/boateng-raconte-son-retour-avorte-foot-434588.htm\" target=\"_blank\" rel=\"noopener\">Bayern : Boateng raconte son retour avort\u00e9<\/a><\/td>\n<\/tr>\n<tr id=\"tr77\" align=\"left\" valign=\"top\">\n<td nowrap=\"nowrap\">\n <b>28\/05<\/b>&#8211;<a onclick=\"go(this);\" href=\"https:\/\/www.maxifoot.fr\/real\/lunin-propose-a-galatasaray-foot-434583.htm\" target=\"_blank\" rel=\"noopener\">Real : Lunin propos\u00e9 \u00e0 Galatasaray<\/a><\/td>\n<\/tr>\n<tr id=\"tr78\" align=\"left\" valign=\"top\">\n<td nowrap=\"nowrap\">\n <b>28\/05<\/b>&#8211;<a onclick=\"go(this);\" href=\"https:\/\/www.maxifoot.fr\/france\/gusto-tres-surpris-de-retrouver-les-bleus-foot-434576.htm\" target=\"_blank\" rel=\"noopener\">EdF : Gusto tr\u00e8s surpris de retrouver les Bleus<\/a><\/td>\n<\/tr>\n<tr id=\"tr79\" align=\"left\" valign=\"top\">\n<td nowrap=\"nowrap\">\n <b>28\/05<\/b>&#8211;<a onclick=\"go(this);\" href=\"https:\/\/www.maxifoot.fr\/bologne\/italiano-va-bien-prolonger-foot-434587.htm\" target=\"_blank\" rel=\"noopener\">Bologne : Italiano va bien prolonger<\/a><\/td>\n<\/tr>\n<tr id=\"tr80\" align=\"left\" valign=\"top\">\n<td nowrap=\"nowrap\">\n <b>28\/05<\/b>&#8211;<a onclick=\"go(this);\" href=\"https:\/\/www.maxifoot.fr\/lille\/david-a-naples-ca-se-confirme-foot-434579.htm\" target=\"_blank\" rel=\"noopener\">Lille : David \u00e0 Naples, \u00e7a se confirme<\/a><\/td>\n<\/tr>\n<tr id=\"tr81\" align=\"left\" valign=\"top\">\n<td nowrap=\"nowrap\">\n <b>28\/05<\/b>&#8211;<a onclick=\"go(this);\" href=\"https:\/\/www.maxifoot.fr\/om\/l-ajax-veut-recruter-de-lange-foot-434581.htm\" target=\"_blank\" rel=\"noopener\">OM : l&rsquo;Ajax veut recruter De Lange<\/a><\/td>\n<\/tr>\n<tr id=\"tr82\" align=\"left\" valign=\"top\">\n<td nowrap=\"nowrap\">\n <b>28\/05<\/b>&#8211;<a onclick=\"go(this);\" href=\"https:\/\/www.maxifoot.fr\/man-utd\/al-hilal-pose-un-ultimatum-a-fernandes-foot-434584.htm\" target=\"_blank\" rel=\"noopener\">Man Utd : Al Hilal pose un ultimatum \u00e0 Fernandes<\/a><\/td>\n<\/tr>\n<tr id=\"tr83\" align=\"left\" valign=\"top\">\n<td nowrap=\"nowrap\">\n <b>28\/05<\/b>&#8211;<a onclick=\"go(this);\" href=\"https:\/\/www.maxifoot.fr\/auxerre\/la-glissade-de-guy-roux-foot-434580.htm\" target=\"_blank\" rel=\"noopener\">Auxerre : la glissade de Guy Roux<\/a><\/td>\n<\/tr>\n<tr id=\"tr84\" align=\"left\" valign=\"top\">\n<td nowrap=\"nowrap\">\n <b>28\/05<\/b>&#8211;<a onclick=\"go(this);\" href=\"https:\/\/www.maxifoot.fr\/aston-villa\/un-grand-espoir-neerlandais-arrive-foot-434572.htm\" target=\"_blank\" rel=\"noopener\">Aston Villa : un grand espoir n\u00e9erlandais arrive<\/a><\/td>\n<\/tr>\n<tr id=\"tr85\" align=\"left\" valign=\"top\">\n<td nowrap=\"nowrap\">\n <b>28\/05<\/b>&#8211;<a onclick=\"go(this);\" href=\"https:\/\/www.maxifoot.fr\/barca\/aucun-depart-pour-araujo-foot-434570.htm\" target=\"_blank\" rel=\"noopener\">Bar\u00e7a : aucun d\u00e9part pour Araujo<\/a><\/td>\n<\/tr>\n<tr id=\"tr86\" align=\"left\" valign=\"top\">\n<td nowrap=\"nowrap\">\n <b>28\/05<\/b>&#8211;<a onclick=\"go(this);\" href=\"https:\/\/www.maxifoot.fr\/real\/arbeloa-remplace-raul-officiel-foot-434591.htm\" target=\"_blank\" rel=\"noopener\">Real : Arbeloa remplace Ra\u00fal (officiel)<\/a><\/td>\n<\/tr>\n<tr id=\"tr87\" align=\"left\" valign=\"top\">\n<td nowrap=\"nowrap\">\n <b>28\/05<\/b>&#8211;<a onclick=\"go(this);\" href=\"https:\/\/www.maxifoot.fr\/psg\/une-parade-en-cas-de-sacre-foot-434590.htm\" target=\"_blank\" rel=\"noopener\">PSG : une parade en cas de sacre<\/a><\/td>\n<\/tr>\n<tr id=\"tr88\" align=\"left\" valign=\"top\">\n<td nowrap=\"nowrap\">\n <b>28\/05<\/b>&#8211;<a onclick=\"go(this);\" href=\"https:\/\/www.maxifoot.fr\/om\/accord-avec-l-inter-pour-luis-henrique-foot-434589.htm\" target=\"_blank\" rel=\"noopener\">OM : accord avec l&rsquo;Inter pour Luis Henrique<\/a><\/td>\n<\/tr>\n<tr id=\"tr89\" align=\"left\" valign=\"top\">\n<td nowrap=\"nowrap\">\n <b>28\/05<\/b>&#8211;<a onclick=\"go(this);\" href=\"https:\/\/www.maxifoot.fr\/chelsea\/pas-de-decision-prise-pour-sancho-foot-434571.htm\" target=\"_blank\" rel=\"noopener\">Chelsea : pas de d\u00e9cision prise pour Sancho<\/a><\/td>\n<\/tr>\n<tr id=\"tr90\" align=\"left\" valign=\"top\">\n<td nowrap=\"nowrap\">\n <b>28\/05<\/b>&#8211;<a onclick=\"go(this);\" href=\"https:\/\/www.maxifoot.fr\/come\/vers-un-retour-de-nico-paz-au-real-foot-434582.htm\" target=\"_blank\" rel=\"noopener\">C\u00f4me : vers un retour de Nico Paz au Real<\/a><\/td>\n<\/tr>\n<tr id=\"tr91\" align=\"left\" valign=\"top\">\n<td nowrap=\"nowrap\">\n <b>28\/05<\/b>&#8211;<a onclick=\"go(this);\" href=\"https:\/\/www.maxifoot.fr\/inter\/pavard-elogieux-envers-le-psg-foot-434573.htm\" target=\"_blank\" rel=\"noopener\">Inter : Pavard \u00e9logieux envers le PSG<\/a><\/td>\n<\/tr>\n<tr id=\"tr92\" align=\"left\" valign=\"top\">\n<td nowrap=\"nowrap\">\n <b>28\/05<\/b>&#8211;<a onclick=\"go(this);\" href=\"https:\/\/www.maxifoot.fr\/auxerre\/jubal-file-a-krasnodar-officiel-foot-434585.htm\" target=\"_blank\" rel=\"noopener\">Auxerre : Jubal file \u00e0 Krasnodar (officiel)<\/a><\/td>\n<\/tr>\n<tr id=\"tr93\" align=\"left\" valign=\"top\">\n<td nowrap=\"nowrap\">\n <b>28\/05<\/b>&#8211;<a onclick=\"go(this);\" href=\"https:\/\/www.maxifoot.fr\/lyon\/sarr-ne-reviendra-pas-foot-434569.htm\" target=\"_blank\" rel=\"noopener\">Lyon : Sarr ne reviendra pas<\/a><\/td>\n<\/tr>\n<tr id=\"tr94\" align=\"left\" valign=\"top\">\n<td nowrap=\"nowrap\">\n <b>28\/05<\/b>&#8211;<a onclick=\"go(this);\" href=\"https:\/\/www.maxifoot.fr\/om\/badiashile-et-aguerd-egalement-pistes-foot-434578.htm\" target=\"_blank\" rel=\"noopener\">OM : Badiashile et Aguerd \u00e9galement pist\u00e9s<\/a><\/td>\n<\/tr>\n<tr id=\"tr95\" align=\"left\" valign=\"top\">\n<td nowrap=\"nowrap\">\n <b>28\/05<\/b>&#8211;<a onclick=\"go(this);\" href=\"https:\/\/www.maxifoot.fr\/roma\/le-communique-a-charge-contre-zaniolo-foot-434568.htm\" target=\"_blank\" rel=\"noopener\">Roma : le communiqu\u00e9 \u00e0 charge contre Zaniolo<\/a><\/td>\n<\/tr>\n<tr id=\"tr96\" align=\"left\" valign=\"top\">\n<td nowrap=\"nowrap\">\n <b>28\/05<\/b>&#8211;<a onclick=\"go(this);\" href=\"https:\/\/www.maxifoot.fr\/om\/truffert-pour-remplacer-merlin-foot-434577.htm\" target=\"_blank\" rel=\"noopener\">OM : Truffert pour remplacer Merlin ?<\/a><\/td>\n<\/tr>\n<tr id=\"tr97\" align=\"left\" valign=\"top\">\n<td nowrap=\"nowrap\">\n <b>28\/05<\/b>&#8211;<a onclick=\"go(this);\" href=\"https:\/\/www.maxifoot.fr\/nantes\/un-an-de-plus-pour-coquelin-foot-434564.htm\" target=\"_blank\" rel=\"noopener\">Nantes : un an de plus pour Coquelin<\/a><\/td>\n<\/tr>\n<tr id=\"tr98\" align=\"left\" valign=\"top\">\n<td nowrap=\"nowrap\">\n <b>28\/05<\/b>&#8211;<a onclick=\"go(this);\" href=\"https:\/\/www.maxifoot.fr\/al-duhail\/galtier-s-en-va-officiel-foot-434575.htm\" target=\"_blank\" rel=\"noopener\">Al Duhail : Galtier s&rsquo;en va (officiel)<\/a><\/td>\n<\/tr>\n<tr id=\"tr99\" align=\"left\" valign=\"top\">\n<td nowrap=\"nowrap\">\n <b>28\/05<\/b>&#8211;<a onclick=\"go(this);\" href=\"https:\/\/www.maxifoot.fr\/ajax\/heitinga-sur-le-banc-foot-434567.htm\" target=\"_blank\" rel=\"noopener\">Ajax : Heitinga sur le banc<\/a><\/td>\n<\/tr>\n<tr id=\"tr100\" align=\"left\" valign=\"top\">\n<td nowrap=\"nowrap\">\n <b>28\/05<\/b>&#8211;<a onclick=\"go(this);\" href=\"https:\/\/www.maxifoot.fr\/divers\/fin-de-carriere-pour-vela-officiel-foot-434566.htm\" target=\"_blank\" rel=\"noopener\">Divers : fin de carri\u00e8re pour Vela (officiel)<\/a><\/td>\n<\/tr>\n<tr id=\"tr101\" align=\"left\" valign=\"top\">\n<td nowrap=\"nowrap\">\n <b>28\/05<\/b>&#8211;<a onclick=\"go(this);\" href=\"https:\/\/www.maxifoot.fr\/arsenal\/jorginho-c-est-fini-officiel-foot-434565.htm\" target=\"_blank\" rel=\"noopener\">Arsenal : Jorginho, c&rsquo;est fini (officiel)<\/a><\/td>\n<\/tr>\n<tr id=\"tr102\" align=\"left\" valign=\"top\">\n<td nowrap=\"nowrap\">\n <b>28\/05<\/b>&#8211;<a onclick=\"go(this);\" href=\"https:\/\/www.maxifoot.fr\/psg\/le-soutien-de-carlos-alcaraz-avant-l-inter-foot-434563.htm\" target=\"_blank\" rel=\"noopener\">PSG : le soutien de Carlos Alcaraz avant l&rsquo;Inter<\/a><\/td>\n<\/tr>\n<tr id=\"tr103\" align=\"left\" valign=\"top\">\n<td nowrap=\"nowrap\">\n <b>27\/05<\/b>&#8211;<a onclick=\"go(this);\" href=\"https:\/\/www.maxifoot.fr\/psg\/fernandez-clame-son-amour-a-cette-equipe-foot-434562.htm\" target=\"_blank\" rel=\"noopener\">PSG : Fernandez clame son amour \u00e0 l&rsquo;\u00e9quipe<\/a><\/td>\n<\/tr>\n<tr id=\"tr104\" align=\"left\" valign=\"top\">\n<td nowrap=\"nowrap\">\n <b>27\/05<\/b>&#8211;<a onclick=\"go(this);\" href=\"https:\/\/www.maxifoot.fr\/espanyol\/garcia-repond-a-la-rumeur-barca-foot-434554.htm\" target=\"_blank\" rel=\"noopener\">Espanyol : Garcia r\u00e9pond \u00e0 la rumeur Bar\u00e7a<\/a><\/td>\n<\/tr>\n<tr id=\"tr105\" align=\"left\" valign=\"top\">\n<td nowrap=\"nowrap\">\n <b>27\/05<\/b>&#8211;<a onclick=\"go(this);\" href=\"https:\/\/www.maxifoot.fr\/rennes\/le-flop-furuhashi-vers-la-sortie-foot-434551.htm\" target=\"_blank\" rel=\"noopener\">Rennes : le flop Furuhashi vers la sortie ?<\/a><\/td>\n<\/tr>\n<tr id=\"tr106\" align=\"left\" valign=\"top\">\n<td nowrap=\"nowrap\">\n <b>27\/05<\/b>&#8211;<a onclick=\"go(this);\" href=\"https:\/\/www.maxifoot.fr\/barca\/szczesny-devrait-bien-rester-foot-434547.htm\" target=\"_blank\" rel=\"noopener\">Bar\u00e7a : Szczesny devrait bien rester<\/a><\/td>\n<\/tr>\n<tr id=\"tr107\" align=\"left\" valign=\"top\">\n<td nowrap=\"nowrap\">\n <b>27\/05<\/b>&#8211;<a onclick=\"go(this);\" href=\"https:\/\/www.maxifoot.fr\/man-utd\/amorim-annonce-un-grand-menage-foot-434553.htm\" target=\"_blank\" rel=\"noopener\">Man Utd : Amorim annonce un grand m\u00e9nage<\/a><\/td>\n<\/tr>\n<tr id=\"tr108\" align=\"left\" valign=\"top\">\n<td nowrap=\"nowrap\">\n <b>27\/05<\/b>&#8211;<a onclick=\"go(this);\" href=\"https:\/\/www.maxifoot.fr\/psg\/l-inter-le-soutien-de-platini-foot-434549.htm\" target=\"_blank\" rel=\"noopener\">PSG : l&rsquo;Inter, le soutien de Platini<\/a><\/td>\n<\/tr>\n<tr id=\"tr109\" align=\"left\" valign=\"top\">\n<td nowrap=\"nowrap\">\n <b>27\/05<\/b>&#8211;<a onclick=\"go(this);\" href=\"https:\/\/www.maxifoot.fr\/shakhtar\/arda-turan-nomme-coach-officiel-foot-434561.htm\" target=\"_blank\" rel=\"noopener\">Shakhtar : Arda Turan nomm\u00e9 coach (officiel)<\/a><\/td>\n<\/tr>\n<tr id=\"tr110\" align=\"left\" valign=\"top\">\n<td nowrap=\"nowrap\">\n <b>27\/05<\/b>&#8211;<a onclick=\"go(this);\" href=\"https:\/\/www.maxifoot.fr\/atalanta\/gasperini-vers-la-roma-foot-434558.htm\" target=\"_blank\" rel=\"noopener\">Atalanta : Gasperini vers la Roma ?<\/a><\/td>\n<\/tr>\n<tr id=\"tr111\" align=\"left\" valign=\"top\">\n<td nowrap=\"nowrap\">\n <b>27\/05<\/b>&#8211;<a onclick=\"go(this);\" href=\"https:\/\/www.maxifoot.fr\/om\/larque-doute-de-de-zerbi-foot-434555.htm\" target=\"_blank\" rel=\"noopener\">OM : Larqu\u00e9 doute de De Zerbi<\/a><\/td>\n<\/tr>\n<tr id=\"tr112\" align=\"left\" valign=\"top\">\n<td nowrap=\"nowrap\">\n <b>27\/05<\/b>&#8211;<a onclick=\"go(this);\" href=\"https:\/\/www.maxifoot.fr\/barca\/yamal-verrouille-officiel-foot-434560.htm\" target=\"_blank\" rel=\"noopener\">Bar\u00e7a : Yamal verrouill\u00e9 ! (officiel)<\/a><\/td>\n<\/tr>\n<tr id=\"tr113\" align=\"left\" valign=\"top\">\n<td nowrap=\"nowrap\">\n <b>27\/05<\/b>&#8211;<a onclick=\"go(this);\" href=\"https:\/\/www.maxifoot.fr\/psg\/feu-vert-de-la-dncg-foot-434559.htm\" target=\"_blank\" rel=\"noopener\">PSG : feu vert de la DNCG<\/a><\/td>\n<\/tr>\n<tr id=\"tr114\" align=\"left\" valign=\"top\">\n<td nowrap=\"nowrap\">\n <b>27\/05<\/b>&#8211;<a onclick=\"go(this);\" href=\"https:\/\/www.maxifoot.fr\/bordeaux\/le-dossier-de-kahn-juge-recevable-foot-434557.htm\" target=\"_blank\" rel=\"noopener\">Bordeaux : le dossier de Kahn jug\u00e9 recevable<\/a><\/td>\n<\/tr>\n<tr id=\"tr115\" align=\"left\" valign=\"top\">\n<td nowrap=\"nowrap\">\n <b>27\/05<\/b>&#8211;<a onclick=\"go(this);\" href=\"https:\/\/www.maxifoot.fr\/man-utd\/amorim-sa-phrase-cash-a-garnacho-foot-434556.htm\" target=\"_blank\" rel=\"noopener\">Man Utd : Amorim, sa phrase cash \u00e0 Garnacho !<\/a><\/td>\n<\/tr>\n<tr id=\"tr116\" align=\"left\" valign=\"top\">\n<td nowrap=\"nowrap\">\n <b>27\/05<\/b>&#8211;<a onclick=\"go(this);\" href=\"https:\/\/www.maxifoot.fr\/naples\/conte-avenir-toujours-en-reflexion-foot-434550.htm\" target=\"_blank\" rel=\"noopener\">Naples : Conte, avenir toujours en r\u00e9flexion<\/a><\/td>\n<\/tr>\n<tr id=\"tr117\" align=\"left\" valign=\"top\">\n<td nowrap=\"nowrap\">\n <b>27\/05<\/b>&#8211;<a onclick=\"go(this);\" href=\"https:\/\/www.maxifoot.fr\/liverpool\/frimpong-debarque-pour-signer-foot-434552.htm\" target=\"_blank\" rel=\"noopener\">Liverpool : Frimpong d\u00e9barque pour signer<\/a><\/td>\n<\/tr>\n<tr id=\"tr118\" align=\"left\" valign=\"top\">\n<td nowrap=\"nowrap\">\n <b>27\/05<\/b>&#8211;<a onclick=\"go(this);\" href=\"https:\/\/www.maxifoot.fr\/edf-espoirs\/l-agacement-de-baticle-foot-434548.htm\" target=\"_blank\" rel=\"noopener\">EdF (Espoirs) : l&rsquo;agacement de Baticle<\/a><\/td>\n<\/tr>\n<tr id=\"tr119\" align=\"left\" valign=\"top\">\n<td nowrap=\"nowrap\">\n <b>27\/05<\/b>&#8211;<a onclick=\"go(this);\" href=\"https:\/\/www.maxifoot.fr\/man-city\/le-talent-jashari-sur-les-tablettes-foot-434519.htm\" target=\"_blank\" rel=\"noopener\">Man City : le talent Jashari sur les tablettes<\/a><\/td>\n<\/tr>\n<tr id=\"tr120\" align=\"left\" valign=\"top\">\n<td nowrap=\"nowrap\">\n <b>27\/05<\/b>&#8211;<a onclick=\"go(this);\" href=\"https:\/\/www.maxifoot.fr\/betis\/le-mal-etre-d-antony-a-man-utd-foot-434532.htm\" target=\"_blank\" rel=\"noopener\">Betis : le mal-\u00eatre d&rsquo;Antony \u00e0 Man Utd<\/a><\/td>\n<\/tr>\n","protected":false},"excerpt":{"rendered":"22h14&#8211;Milan : c&rsquo;est fini pour S\u00e9rgio Concei\u00e7\u00e3o (off.) 21h58&#8211;Benfica : Di Maria retourne \u00e0 Rosario (officiel) 21h43&#8211;Lyon :&hellip;\n","protected":false},"author":2,"featured_media":137627,"comment_status":"","ping_status":"","sticky":false,"template":"","format":"standard","meta":{"footnotes":""},"categories":[2821],"tags":[1111,11,2266,829,2262,2261,1981,83,2260,451,2263,1777,674,462,2269,2257,63,1011,27,2265,1441,453,66,447,2267,955,12,2268,241,149,70,1817,93,2264,584,25,2258,2259,969,455],"class_list":{"0":"post-137626","1":"post","2":"type-post","3":"status-publish","4":"format-standard","5":"has-post-thumbnail","7":"category-rennes","8":"tag-actu","9":"tag-actualites","10":"tag-as-monaco","11":"tag-bretagne","12":"tag-bundesligua","13":"tag-calcio","14":"tag-classement","15":"tag-coupe-de-france","16":"tag-coupe-de-la-ligue","17":"tag-coupe-du-monde","18":"tag-equipe","19":"tag-eu","20":"tag-europe","21":"tag-fc-nantes","22":"tag-fifa","23":"tag-foot","24":"tag-football","25":"tag-fr","26":"tag-france","27":"tag-girondins-bordeaux","28":"tag-joueur","29":"tag-liga","30":"tag-ligue-1","31":"tag-ligue-des-champions","32":"tag-losc","33":"tag-match","34":"tag-news","35":"tag-ogc-nice","36":"tag-ol","37":"tag-om","38":"tag-premier-league","39":"tag-pronostic","40":"tag-psg","41":"tag-rc-lens","42":"tag-rennes","43":"tag-republique-francaise","44":"tag-resultat","45":"tag-score","46":"tag-transfert","47":"tag-uefa"},"share_on_mastodon":{"url":"https:\/\/pubeurope.com\/@fr\/114592996604071645","error":""},"_links":{"self":[{"href":"https:\/\/www.europesays.com\/fr\/wp-json\/wp\/v2\/posts\/137626","targetHints":{"allow":["GET"]}}],"collection":[{"href":"https:\/\/www.europesays.com\/fr\/wp-json\/wp\/v2\/posts"}],"about":[{"href":"https:\/\/www.europesays.com\/fr\/wp-json\/wp\/v2\/types\/post"}],"author":[{"embeddable":true,"href":"https:\/\/www.europesays.com\/fr\/wp-json\/wp\/v2\/users\/2"}],"replies":[{"embeddable":true,"href":"https:\/\/www.europesays.com\/fr\/wp-json\/wp\/v2\/comments?post=137626"}],"version-history":[{"count":0,"href":"https:\/\/www.europesays.com\/fr\/wp-json\/wp\/v2\/posts\/137626\/revisions"}],"wp:featuredmedia":[{"embeddable":true,"href":"https:\/\/www.europesays.com\/fr\/wp-json\/wp\/v2\/media\/137627"}],"wp:attachment":[{"href":"https:\/\/www.europesays.com\/fr\/wp-json\/wp\/v2\/media?parent=137626"}],"wp:term":[{"taxonomy":"category","embeddable":true,"href":"https:\/\/www.europesays.com\/fr\/wp-json\/wp\/v2\/categories?post=137626"},{"taxonomy":"post_tag","embeddable":true,"href":"https:\/\/www.europesays.com\/fr\/wp-json\/wp\/v2\/tags?post=137626"}],"curies":[{"name":"wp","href":"https:\/\/api.w.org\/{rel}","templated":true}]}}