{"id":137628,"date":"2025-05-29T20:25:10","date_gmt":"2025-05-29T20:25:10","guid":{"rendered":"https:\/\/www.europesays.com\/fr\/137628\/"},"modified":"2025-05-29T20:25:10","modified_gmt":"2025-05-29T20:25:10","slug":"kehl-cest-parti-pour-quatre-jours-de-fete-au-messdi-qui-a-bien-demarre","status":"publish","type":"post","link":"https:\/\/www.europesays.com\/fr\/137628\/","title":{"rendered":"Kehl. C\u2019est parti pour quatre jours de f\u00eate au Messdi qui a bien d\u00e9marr\u00e9"},"content":{"rendered":"<p>Soleil, jour f\u00e9ri\u00e9\u00a0: tous les ingr\u00e9dients \u00e9taient r\u00e9unis pour assurer <a href=\"https:\/\/www.dna.fr\/culture-loisirs\/2025\/05\/27\/messdi-l-ascension-comme-une-fete-geante\" target=\"_blank\" rel=\"noopener\">au Messdi de Kehl<\/a> un bon d\u00e9marrage, ce jeudi 29\u00a0mai. Jusqu\u2019 au dimanche 1er \u00a0 juin, les badauds peuvent profiter de cette f\u00eate populaire, \u00e9v\u00e9nement tr\u00e8s fr\u00e9quent\u00e9 de l\u2019Ortenau voisin, et de sa f\u00eate foraine. Si vous avez loup\u00e9 le march\u00e9 aux puces du jeudi de l\u2019Ascension, pas de panique\u00a0: il sera de retour ce dimanche, de 11\u00a0h \u00e0 18\u00a0h, au Centrum am Markt. <\/p>\n<p>Pour l\u2019occasion, les commerces seront \u00e9galement ouverts. \u00c0 noter aussi le concert des Busters, groupe de ska-punk allemand, ce samedi 31\u00a0mai \u00e0 18\u00a0h\u00a015. Le tout, accessible en tram via la ligne D. Gare toutefois aux contr\u00f4les aux fronti\u00e8res r\u00e9cemment r\u00e9tablis par le gouvernement allemand.<\/p>\n","protected":false},"excerpt":{"rendered":"Soleil, jour f\u00e9ri\u00e9\u00a0: tous les ingr\u00e9dients \u00e9taient r\u00e9unis pour assurer au Messdi de Kehl un bon d\u00e9marrage, ce&hellip;\n","protected":false},"author":2,"featured_media":137629,"comment_status":"","ping_status":"","sticky":false,"template":"","format":"standard","meta":{"footnotes":""},"categories":[2820],"tags":[1111,11,5738,11679,1687,2880,1777,674,3326,107,1011,27,775,12,25,640,2879,3365],"class_list":{"0":"post-137628","1":"post","2":"type-post","3":"status-publish","4":"format-standard","5":"has-post-thumbnail","7":"category-strasbourg","8":"tag-actu","9":"tag-actualites","10":"tag-bourses","11":"tag-brocantes","12":"tag-culture-loisirs","13":"tag-edition-strasbourg","14":"tag-eu","15":"tag-europe","16":"tag-fete-locale","17":"tag-fil-info","18":"tag-fr","19":"tag-france","20":"tag-grand-est","21":"tag-news","22":"tag-republique-francaise","23":"tag-strasbourg","24":"tag-strasbourg-ville","25":"tag-vide-greniers"},"share_on_mastodon":{"url":"","error":""},"_links":{"self":[{"href":"https:\/\/www.europesays.com\/fr\/wp-json\/wp\/v2\/posts\/137628","targetHints":{"allow":["GET"]}}],"collection":[{"href":"https:\/\/www.europesays.com\/fr\/wp-json\/wp\/v2\/posts"}],"about":[{"href":"https:\/\/www.europesays.com\/fr\/wp-json\/wp\/v2\/types\/post"}],"author":[{"embeddable":true,"href":"https:\/\/www.europesays.com\/fr\/wp-json\/wp\/v2\/users\/2"}],"replies":[{"embeddable":true,"href":"https:\/\/www.europesays.com\/fr\/wp-json\/wp\/v2\/comments?post=137628"}],"version-history":[{"count":0,"href":"https:\/\/www.europesays.com\/fr\/wp-json\/wp\/v2\/posts\/137628\/revisions"}],"wp:featuredmedia":[{"embeddable":true,"href":"https:\/\/www.europesays.com\/fr\/wp-json\/wp\/v2\/media\/137629"}],"wp:attachment":[{"href":"https:\/\/www.europesays.com\/fr\/wp-json\/wp\/v2\/media?parent=137628"}],"wp:term":[{"taxonomy":"category","embeddable":true,"href":"https:\/\/www.europesays.com\/fr\/wp-json\/wp\/v2\/categories?post=137628"},{"taxonomy":"post_tag","embeddable":true,"href":"https:\/\/www.europesays.com\/fr\/wp-json\/wp\/v2\/tags?post=137628"}],"curies":[{"name":"wp","href":"https:\/\/api.w.org\/{rel}","templated":true}]}}