{"id":137632,"date":"2025-05-29T20:27:18","date_gmt":"2025-05-29T20:27:18","guid":{"rendered":"https:\/\/www.europesays.com\/fr\/137632\/"},"modified":"2025-05-29T20:27:18","modified_gmt":"2025-05-29T20:27:18","slug":"nous-denoncons-la-complicite-du-maire-90-manifestants-reunis-devant-la-mairie-de-nice-pour-demander-le-retrait-des-drapeaux-israeliens-du-batiment","status":"publish","type":"post","link":"https:\/\/www.europesays.com\/fr\/137632\/","title":{"rendered":"\u00ab\u00a0Nous d\u00e9non\u00e7ons la complicit\u00e9 du maire\u00a0\u00bb : 90 manifestants r\u00e9unis devant la mairie de Nice pour demander le retrait des drapeaux isra\u00e9liens du b\u00e2timent"},"content":{"rendered":"<p>\u00ab\u00a0Estrosi prend parti, alors qu\u2019un maire devrait rester neutre\u00a0\u00bb. Amis de la Palestine 06 organisait ce jeudi apr\u00e8s-midi une nouvelle mobilisation de soutien \u00e0 la Palestine. Elle demandait notamment le retrait des drapeaux isra\u00e9liens, install\u00e9s sur le fronton de la mairie de Nice. \u00ab\u00a0Nous d\u00e9non\u00e7ons la complicit\u00e9 du maire et sa prise de position concernant le g\u00e9nocide \u00e0 Gaza \u00ab\u00a0, mart\u00e8le Hager Barkous, pr\u00e9sidente de l\u2019association.<\/p>\n<p>Sa requ\u00eate n\u2019est pas nouvelle: depuis le 7 octobre 2023, date du d\u00e9but du conflit entre Isra\u00ebl et le Hamas, le maire de Nice revendique son soutien \u00e0 Isra\u00ebl <a href=\"https:\/\/www.nicematin.com\/faits-de-societe\/elles-demandent-a-christian-estrosi-de-retirer-le-drapeau-israelien-sur-le-fronton-de-la-mairie-de-nice-879892\" rel=\"nofollow noopener\" target=\"_blank\">en faisant flotter, sur la fa\u00e7ade de l\u2019h\u00f4tel de ville, des drapeaux isra\u00e9liens<\/a>.<\/p>\n<p>Plusieurs collectifs s\u2019y sont rapidement oppos\u00e9s <a href=\"https:\/\/www.nicematin.com\/faits-de-societe\/un-batiment-public-doit-rester-neutre-un-collectif-saisit-le-prefet-pour-faire-retirer-les-drapeaux-israeliens-de-la-mairie-de-nice-920874\" rel=\"nofollow noopener\" target=\"_blank\">en saisissant le tribunal administratif<\/a>. \u00ab\u00a0<a href=\"https:\/\/www.nicematin.com\/faits-de-societe\/pourquoi-les-drapeaux-israeliens-accroches-sur-le-fronton-de-la-mairie-de-nice-agitent-encore-la-controverse-980309?t=1748525992\" rel=\"nofollow noopener\" target=\"_blank\">Depuis notre requ\u00eate du 22 janvier 2024<\/a>, rien n\u2019a boug\u00e9 et nous n\u2019avons aucune nouvelle. Mais nous n\u2019avons jamais arr\u00eat\u00e9 de nous mobiliser place Garibaldi tous les samedis\u00a0\u00bb, insiste la pr\u00e9sidente de l\u2019association, qui ne se d\u00e9courage pas et affirme avoir confiance en la justice.<\/p>\n<p><strong>\u00ab\u00a0Respecter les principes de neutralit\u00e9\u00a0\u00bb<\/strong><\/p>\n<p>Les manifestants ont r\u00e9clam\u00e9 le respect du principe de neutralit\u00e9. \u00ab\u00a0Dans le cadre de l\u2019Unoc (Conf\u00e9rence des Nations unies sur l\u2019oc\u00e9an, du 9 au 13 juin), il y aura des chefs d\u2019\u00c9tat du monde entier. On doit \u00eatre exemplaires en mati\u00e8re de neutralit\u00e9 et de la\u00efcit\u00e9\u00a0\u00bb, justifie Hager Barkous. Derri\u00e8re elle, un drapeau rappelant l\u2019article 6 de la loi Confortant le respect des principes de la R\u00e9publique, imposant aux maires \u00ab\u00a0neutralit\u00e9 et (&#8230;) la\u00efcit\u00e9 lorsqu\u2019ils agissent au nom de l\u2019\u00c9tat\u00a0\u00bb.<\/p>\n<p>L\u2019association avait choisi ce jeudi f\u00e9ri\u00e9 pour mobiliser davantage. Pr\u00e8s de 90 manifestants ainsi que de nombreux curieux se sont rassembl\u00e9s devant l\u2019h\u00f4tel de ville. \u00ab\u00a0Nous, ce qu\u2019on veut, c\u2019est que ces deux peuples vivent en paix et c\u00f4te \u00e0 c\u00f4te\u00a0\u00bb, r\u00e9clame dans la foule Corinne, Ni\u00e7oise prise par l\u2019\u00e9motion.<\/p>\n<p>Par terre, une centaine de portraits de victimes palestiniennes. Dont quelques images violentes.<\/p>\n<p>              <img ci-src=\"https:\/\/www.nicematin.com\/vie-locale\/protec\/DATA_ART_15620158-YjwHzU23.jpg?vh=d2b801&amp;ci_seal=f59d63d191\" alt=\"\"\/><\/p>\n<p>              <img ci-src=\"https:\/\/www.nicematin.com\/vie-locale\/protec\/DATA_ART_15620157-lRMKEVCo.jpg?vh=9e643c&amp;ci_seal=2cdaad91eb\" alt=\"\"\/><\/p>\n","protected":false},"excerpt":{"rendered":"\u00ab\u00a0Estrosi prend parti, alors qu\u2019un maire devrait rester neutre\u00a0\u00bb. Amis de la Palestine 06 organisait ce jeudi apr\u00e8s-midi&hellip;\n","protected":false},"author":2,"featured_media":137633,"comment_status":"","ping_status":"","sticky":false,"template":"","format":"standard","meta":{"footnotes":""},"categories":[2819],"tags":[1111,11,1777,674,1011,27,12,2401,882,25,3366],"class_list":{"0":"post-137632","1":"post","2":"type-post","3":"status-publish","4":"format-standard","5":"has-post-thumbnail","7":"category-nice","8":"tag-actu","9":"tag-actualites","10":"tag-eu","11":"tag-europe","12":"tag-fr","13":"tag-france","14":"tag-news","15":"tag-nice","16":"tag-provence-alpes-cote-dazur","17":"tag-republique-francaise","18":"tag-vie-locale"},"share_on_mastodon":{"url":"https:\/\/pubeurope.com\/@fr\/114593008631468505","error":""},"_links":{"self":[{"href":"https:\/\/www.europesays.com\/fr\/wp-json\/wp\/v2\/posts\/137632","targetHints":{"allow":["GET"]}}],"collection":[{"href":"https:\/\/www.europesays.com\/fr\/wp-json\/wp\/v2\/posts"}],"about":[{"href":"https:\/\/www.europesays.com\/fr\/wp-json\/wp\/v2\/types\/post"}],"author":[{"embeddable":true,"href":"https:\/\/www.europesays.com\/fr\/wp-json\/wp\/v2\/users\/2"}],"replies":[{"embeddable":true,"href":"https:\/\/www.europesays.com\/fr\/wp-json\/wp\/v2\/comments?post=137632"}],"version-history":[{"count":0,"href":"https:\/\/www.europesays.com\/fr\/wp-json\/wp\/v2\/posts\/137632\/revisions"}],"wp:featuredmedia":[{"embeddable":true,"href":"https:\/\/www.europesays.com\/fr\/wp-json\/wp\/v2\/media\/137633"}],"wp:attachment":[{"href":"https:\/\/www.europesays.com\/fr\/wp-json\/wp\/v2\/media?parent=137632"}],"wp:term":[{"taxonomy":"category","embeddable":true,"href":"https:\/\/www.europesays.com\/fr\/wp-json\/wp\/v2\/categories?post=137632"},{"taxonomy":"post_tag","embeddable":true,"href":"https:\/\/www.europesays.com\/fr\/wp-json\/wp\/v2\/tags?post=137632"}],"curies":[{"name":"wp","href":"https:\/\/api.w.org\/{rel}","templated":true}]}}