{"id":137663,"date":"2025-05-29T20:46:10","date_gmt":"2025-05-29T20:46:10","guid":{"rendered":"https:\/\/www.europesays.com\/fr\/137663\/"},"modified":"2025-05-29T20:46:10","modified_gmt":"2025-05-29T20:46:10","slug":"roland-garros-ce-joueur-du-top-10-sorti-a-paris-tire-la-sonnette-dalarme-les-carrieres-seront-raccourcies-a-cause-de-cela","status":"publish","type":"post","link":"https:\/\/www.europesays.com\/fr\/137663\/","title":{"rendered":"Roland-Garros: ce joueur du top 10, sorti \u00e0 Paris, tire la sonnette d&rsquo;alarme\u00a0: \u00ab\u00a0Les carri\u00e8res seront raccourcies \u00e0 cause de cela\u00a0\u00bb"},"content":{"rendered":"<p class=\"ap-StoryElement ap-StoryElement--mb ap-StoryText\">Si parmi les favoris Jannik Sinner face \u00e0 Richard Gasquet, Alexander Zverev contre Jesper de Jong et Novak Djokovic en battant Corentin Moutet ont poursuivi leur parcours vers le troisi\u00e8me tour, la surprise du jour est venue du court 14 o\u00f9 en d\u00e9but de journ\u00e9e, Alex de Minaur (n\u00b09) a \u00e9t\u00e9 surpris par le fantasque Alexander Bublik alors qu&rsquo;il menait pourtant deux sets \u00e0 z\u00e9ro : 6-2, 6-2, 4-6, 3-6, 2-6. En conf\u00e9rence de presse, l&rsquo;Australien est apparu compl\u00e8tement d\u00e9pit\u00e9 : \u00ab\u00a0J&rsquo;ai jou\u00e9, beaucoup cette saison. L\u00e0, je perds un match que je ne devais pas perdre. Si je suis capable de rentrer sur le court au niveau auquel je suis habitu\u00e9, il n&rsquo;y a pas de sc\u00e9nario dans lequel je perds. C&rsquo;est un match que je gagne 99,9 % du temps. Et l\u00e0, il m&rsquo;a \u00e9chapp\u00e9.\u00a0\u00bb<\/p>\n<p class=\"ap-StoryElement ap-StoryElement--mb ap-StoryText\">Comme d&rsquo;autres joueurs (Alcaraz et Zverev par exemple) plus t\u00f4t cette ann\u00e9e et d\u00e9j\u00e0 la saison derni\u00e8re, le joueur de Down Under s&rsquo;est plaint d&rsquo;un calendrier trop charg\u00e9 qui est en train de faire des d\u00e9g\u00e2ts : \u00ab\u00a0Il faut que le planning \u00e9volue, raccourcir la saison. Ce qui n&rsquo;est pas normal, c&rsquo;est qu&rsquo;au cours des trois ou quatre derni\u00e8res ann\u00e9es, j&rsquo;ai eu deux, trois jours de pause, apr\u00e8s la Coupe Davis, et qu&rsquo;apr\u00e8s, il faut commencer la pr\u00e9saison. En fait, cela ne s&rsquo;arr\u00eate jamais. Cela va faire que les carri\u00e8res vont devenir de plus en plus courtes, parce que ce ne sera plus faisable mentalement. C&rsquo;est trop de tennis !\u00a0\u00bb<\/p>\n<p><a href=\"https:\/\/www.dhnet.be\/sports\/tennis\/2025\/05\/29\/roland-garros-jannik-sinner-met-fin-a-la-carriere-de-richard-gasquet-et-file-au-3e-tour-WZ5MHP27TNHV3AKNKO3AANVVVU\/\" target=\"_blank\" rel=\"noopener noreferrer nofollow\" class=\"ap-StoryInterstitialLink ap-StoryElement ap-StoryElement--mb\">Roland-Garros: Jannik Sinner met fin \u00e0 la carri\u00e8re de Richard Gasquet et file au 3e tour<\/a><\/p>\n<p class=\"ap-StoryElement ap-StoryElement--mb ap-StoryText\">Face \u00e0 ces r\u00e9clamations r\u00e9p\u00e9t\u00e9es par certains joueurs, Jannik Sinner se montrait lui plus cart\u00e9sien : \u00ab\u00a0Alcaraz a dit que le calendrier \u00e9tait trop charg\u00e9 ? C&rsquo;est vrai, ces derni\u00e8res ann\u00e9es, il a \u00e9t\u00e9 tr\u00e8s long, mais il faut faire des choix. Il y a des tournois obligatoires, \u00e9videmment, mais chaque joueur peut toujours choisir o\u00f9 et quand jouer. On n&rsquo;est pas oblig\u00e9 de jouer. Par exemple, ces deux derni\u00e8res ann\u00e9es, j&rsquo;ai rat\u00e9 certains rendez-vous parce que je voulais m&rsquo;entra\u00eener.\u00a0\u00bb<\/p>\n<p><a href=\"https:\/\/www.dhnet.be\/sports\/omnisports\/2025\/05\/28\/roland-garros-la-declaration-etonnante-dun-ancien-finaliste-elimine-au-deuxieme-tour-on-nous-force-un-peu-a-jouer-meme-si-on-est-blesse-O2NJBB5LMNEE3HOTO3CY4JZNWA\/\" target=\"_blank\" rel=\"noopener noreferrer nofollow\" class=\"ap-StoryInterstitialLink ap-StoryElement ap-StoryElement--mb\">Roland-Garros \u2013 La d\u00e9claration \u00e9tonnante d&rsquo;un ancien finaliste, \u00e9limin\u00e9 au deuxi\u00e8me tour : \u00ab\u00a0On nous force, un peu, \u00e0 jouer m\u00eame si on est bless\u00e9\u00a0\u00bb<\/a><\/p>\n","protected":false},"excerpt":{"rendered":"Si parmi les favoris Jannik Sinner face \u00e0 Richard Gasquet, Alexander Zverev contre Jesper de Jong et Novak&hellip;\n","protected":false},"author":2,"featured_media":137664,"comment_status":"","ping_status":"","sticky":false,"template":"","format":"standard","meta":{"footnotes":""},"categories":[1888],"tags":[11,1777,674,1011,27,12,626,25,4171],"class_list":{"0":"post-137663","1":"post","2":"type-post","3":"status-publish","4":"format-standard","5":"has-post-thumbnail","7":"category-paris","8":"tag-actualites","9":"tag-eu","10":"tag-europe","11":"tag-fr","12":"tag-france","13":"tag-news","14":"tag-paris","15":"tag-republique-francaise","16":"tag-roland-garros"},"share_on_mastodon":{"url":"https:\/\/pubeurope.com\/@fr\/114593083139211038","error":""},"_links":{"self":[{"href":"https:\/\/www.europesays.com\/fr\/wp-json\/wp\/v2\/posts\/137663","targetHints":{"allow":["GET"]}}],"collection":[{"href":"https:\/\/www.europesays.com\/fr\/wp-json\/wp\/v2\/posts"}],"about":[{"href":"https:\/\/www.europesays.com\/fr\/wp-json\/wp\/v2\/types\/post"}],"author":[{"embeddable":true,"href":"https:\/\/www.europesays.com\/fr\/wp-json\/wp\/v2\/users\/2"}],"replies":[{"embeddable":true,"href":"https:\/\/www.europesays.com\/fr\/wp-json\/wp\/v2\/comments?post=137663"}],"version-history":[{"count":0,"href":"https:\/\/www.europesays.com\/fr\/wp-json\/wp\/v2\/posts\/137663\/revisions"}],"wp:featuredmedia":[{"embeddable":true,"href":"https:\/\/www.europesays.com\/fr\/wp-json\/wp\/v2\/media\/137664"}],"wp:attachment":[{"href":"https:\/\/www.europesays.com\/fr\/wp-json\/wp\/v2\/media?parent=137663"}],"wp:term":[{"taxonomy":"category","embeddable":true,"href":"https:\/\/www.europesays.com\/fr\/wp-json\/wp\/v2\/categories?post=137663"},{"taxonomy":"post_tag","embeddable":true,"href":"https:\/\/www.europesays.com\/fr\/wp-json\/wp\/v2\/tags?post=137663"}],"curies":[{"name":"wp","href":"https:\/\/api.w.org\/{rel}","templated":true}]}}