{"id":137675,"date":"2025-05-29T20:52:10","date_gmt":"2025-05-29T20:52:10","guid":{"rendered":"https:\/\/www.europesays.com\/fr\/137675\/"},"modified":"2025-05-29T20:52:10","modified_gmt":"2025-05-29T20:52:10","slug":"charleroi-retrouve-leurope-apres-sa-victoire-contre-lantwerp-cinq-ans-apres","status":"publish","type":"post","link":"https:\/\/www.europesays.com\/fr\/137675\/","title":{"rendered":"Charleroi retrouve l&rsquo;Europe apr\u00e8s sa victoire contre l&rsquo;Antwerp cinq ans apr\u00e8s"},"content":{"rendered":"<p class=\"ap-StoryElement ap-StoryElement--mb ap-StoryText\">L&rsquo;Antwerp semblait dominer les \u00e9changes et se cr\u00e9er plusieurs occasions. Delavall\u00e9e intervenait \u00e0 merveille devant Doumbia et se montrait solide sur des tentatives de Janssen quelques instants plus tard. Dans l&rsquo;autre sens, les Z\u00e8bres se montraient dangereux en contre-attaque. Une frappe de Heymans \u00e9tait facilement capt\u00e9e par Lammens, alors que Stulic ne cadrait pas avant de voir sa deuxi\u00e8me tentative contr\u00e9e par Van den Bosch.<\/p>\n<p><a href=\"https:\/\/www.lalibre.be\/sports\/football\/2025\/05\/28\/chelsea-renverse-le-betis-et-sadjuge-la-conference-league-1-4-OAM74KHO3BDXRIFWZMD6QXZJLE\/\" target=\"_blank\" rel=\"noopener noreferrer\" class=\"ap-StoryInterstitialLink ap-StoryElement ap-StoryElement--mb\">Chelsea renverse le Betis et s&rsquo;adjuge la Conference League (1-4)<\/a>Keita et Guiagon en h\u00e9ros<\/p>\n<p class=\"ap-StoryElement ap-StoryElement--mb ap-StoryText\">Au retour des vestiaires, la premi\u00e8re occasion \u00e9tait carolo. Seul face \u00e0 Lammens, Nzita manquait malgr\u00e9 tout sa reprise. Dans la foul\u00e9e, c&rsquo;est Janssen qui ne parvenait pas \u00e0 cadrer sa reprise alors qu&rsquo;il \u00e9tait pass\u00e9 devant Keita.<\/p>\n<p class=\"ap-StoryElement ap-StoryElement--mb ap-StoryText\">Si Ulderink d\u00e9cidait d&rsquo;agir en faisant monter Alderweireld et Kerk, ce sont les Carolos qui se cr\u00e9aient le plus de danger. Mais ni Heymans, ni Stulic \u2013 pourtant en bonnes positions \u2013 ne parvenaient \u00e0 cadrer leur envoi. La domination des Z\u00e8bres \u00e9tait finalement r\u00e9compens\u00e9e \u00e0 l&rsquo;heure de jeu. Sur un centre de Guiagon, Keita jaillissait au second poteau et fusillait Lammens de la t\u00eate (0-1, 61e) pour placer les Carolos aux commandes.<\/p>\n<p class=\"ap-StoryElement ap-StoryElement--mb ap-StoryText\">Men\u00e9s au score, les Anversois devaient r\u00e9agir. Bayo montait au jeu \u00e0 la place de Janssen, alors qu&rsquo;Alderweireld montait dans la ligne offensive. Si les Z\u00e8bres semblaient solides face aux assauts anversois, Bayo profitait d&rsquo;un cafouillage dans le rectangle carolo pour \u00e9galiser et ainsi inscrire son premier but sous le maillot anversois (1-1, 86e).<\/p>\n<p class=\"ap-StoryElement ap-StoryElement--mb ap-StoryText\">Alors qu&rsquo;on se dirigeait vers les prolongations, le quatri\u00e8me arbitre indiquait 8 minutes d&rsquo;arr\u00eats de jeu. Kerk aurait pu faire basculer la rencontre pour les Anversois mais Delavall\u00e9e sortait \u00e0 bon escient. Quelques instants plus tard, Guiagon faisait un v\u00e9ritable num\u00e9ro avant de s&rsquo;ouvrir une fen\u00eatre de tir et tromper Lammens (1-2, 90+ 5e).<\/p>\n","protected":false},"excerpt":{"rendered":"L&rsquo;Antwerp semblait dominer les \u00e9changes et se cr\u00e9er plusieurs occasions. Delavall\u00e9e intervenait \u00e0 merveille devant Doumbia et se&hellip;\n","protected":false},"author":2,"featured_media":137676,"comment_status":"","ping_status":"","sticky":false,"template":"","format":"standard","meta":{"footnotes":""},"categories":[1586],"tags":[11,24403,1777,674,1011,27,12,25],"class_list":{"0":"post-137675","1":"post","2":"type-post","3":"status-publish","4":"format-standard","5":"has-post-thumbnail","7":"category-europe","8":"tag-actualites","9":"tag-charleroi","10":"tag-eu","11":"tag-europe","12":"tag-fr","13":"tag-france","14":"tag-news","15":"tag-republique-francaise"},"share_on_mastodon":{"url":"https:\/\/pubeurope.com\/@fr\/114593106731971796","error":""},"_links":{"self":[{"href":"https:\/\/www.europesays.com\/fr\/wp-json\/wp\/v2\/posts\/137675","targetHints":{"allow":["GET"]}}],"collection":[{"href":"https:\/\/www.europesays.com\/fr\/wp-json\/wp\/v2\/posts"}],"about":[{"href":"https:\/\/www.europesays.com\/fr\/wp-json\/wp\/v2\/types\/post"}],"author":[{"embeddable":true,"href":"https:\/\/www.europesays.com\/fr\/wp-json\/wp\/v2\/users\/2"}],"replies":[{"embeddable":true,"href":"https:\/\/www.europesays.com\/fr\/wp-json\/wp\/v2\/comments?post=137675"}],"version-history":[{"count":0,"href":"https:\/\/www.europesays.com\/fr\/wp-json\/wp\/v2\/posts\/137675\/revisions"}],"wp:featuredmedia":[{"embeddable":true,"href":"https:\/\/www.europesays.com\/fr\/wp-json\/wp\/v2\/media\/137676"}],"wp:attachment":[{"href":"https:\/\/www.europesays.com\/fr\/wp-json\/wp\/v2\/media?parent=137675"}],"wp:term":[{"taxonomy":"category","embeddable":true,"href":"https:\/\/www.europesays.com\/fr\/wp-json\/wp\/v2\/categories?post=137675"},{"taxonomy":"post_tag","embeddable":true,"href":"https:\/\/www.europesays.com\/fr\/wp-json\/wp\/v2\/tags?post=137675"}],"curies":[{"name":"wp","href":"https:\/\/api.w.org\/{rel}","templated":true}]}}