{"id":137691,"date":"2025-05-29T21:03:16","date_gmt":"2025-05-29T21:03:16","guid":{"rendered":"https:\/\/www.europesays.com\/fr\/137691\/"},"modified":"2025-05-29T21:03:16","modified_gmt":"2025-05-29T21:03:16","slug":"formule-1-academy-qui-sera-la-prochaine-femme-a-piloter-en-f1","status":"publish","type":"post","link":"https:\/\/www.europesays.com\/fr\/137691\/","title":{"rendered":"Formule 1 academy\u00a0: qui sera la prochaine femme \u00e0 piloter en F1\u00a0?"},"content":{"rendered":"<p class=\"ap-StoryElement ap-StoryElement--mb js-paywall-target ap-StoryText\">Un constat qui a pouss\u00e9 cette derni\u00e8re \u00e0 lancer cette nouvelle comp\u00e9tition en 2023. \u00ab\u00a0L&rsquo;objectif de la F1 academy est de fournir \u00e0 ces jeunes pilotes un environnement propice \u00e0 leur d\u00e9veloppement et de donner envie aux jeunes filles du monde entier de se lancer dans les sports m\u00e9caniques qui restent encore un milieu trop masculin\u00a0\u00bb, explique \u00ab\u00a0la boss\u00a0\u00bb dans la s\u00e9rie aux airs de <a href=\"https:\/\/www.dhnet.be\/sports\/moteurs\/formule-1\/2025\/03\/07\/drive-to-survive-un-septieme-opus-decevant-qui-parvient-a-rendre-ennuyeuse-la-saison-f1-2024-quil-retrace-H6ZZ3C327VGMXENX6BNPIY4DE4\/\" target=\"_blank\" rel=\"noopener\">Drive to survive.<\/a><\/p>\n<p>6 \u00e9quipes, 18 pilotes et 7 GP<\/p>\n<p class=\"ap-StoryElement ap-StoryElement--mb ap-StoryText\">C\u00f4t\u00e9 format,<a href=\"https:\/\/www.dhnet.be\/sports\/moteurs\/formule-1\/2023\/07\/27\/toutes-les-ecuries-de-formule-1-seront-presentes-en-f1-academy-championnat-100-feminin-des-2024-2ZTFF36OBZFALAGINUQW5LBDNA\/\" target=\"_blank\" rel=\"noopener\"> les 1<\/a><a href=\"https:\/\/www.dhnet.be\/sports\/moteurs\/formule-1\/2023\/07\/27\/toutes-les-ecuries-de-formule-1-seront-presentes-en-f1-academy-championnat-100-feminin-des-2024-2ZTFF36OBZFALAGINUQW5LBDNA\/\" target=\"_blank\" rel=\"noopener\">0 \u00e9curies de Formule 1 soutiennent une pilote en F1 academy<\/a>. Les pilotes ne peuvent rester que deux ans dans ce championnat qui se d\u00e9roule sur sept week-ends avant les courses de Formule 1. Le programme ressemble \u00e0 celui de la F2 avec deux ou trois courses au programme des week-ends. La championne d\u00e9croche un si\u00e8ge et les financements pour \u00e9voluer au niveau sup\u00e9rieur, \u00ab\u00a0mais le but ultime est de revoir une femme piloter en formule 1\u00a0\u00bb, esp\u00e8re Susie Wolff.<\/p>\n<p><a href=\"https:\/\/www.dhnet.be\/conso\/auto-moto\/2023\/06\/29\/les-femmes-en-sport-automobile-il-reste-du-boulot-EH7ZXIERDRERLCUPKXG7C2EQMY\/\" target=\"_blank\" rel=\"noopener noreferrer\" class=\"ap-StoryInterstitialLink ap-StoryElement ap-StoryElement--mb\">Les femmes en sport automobile : il reste du boulot !<\/a>Qui sera la prochaine femme au volant d&rsquo;une F1 ?<\/p>\n<p class=\"ap-StoryElement ap-StoryElement--mb ap-StoryText\">Mais alors qui sera la prochaine femme au volant d&rsquo;une F1 pour des essais ou mieux au d\u00e9part d&rsquo;un GP ? La premi\u00e8re championne, Marta Garcia Lopez, a bascul\u00e9 en GT o\u00f9 elle pilote au c\u00f4t\u00e9 de <a href=\"https:\/\/www.dhnet.be\/sports\/moteurs\/2025\/04\/04\/vanina-ickx-est-de-retour-a-la-competition-avec-les-iron-dames-ma-tete-a-dit-non-mon-coeur-a-dit-oui-HXP6WT3QCNBAXES5VLPV4ZOQJM\/\" target=\"_blank\" rel=\"noopener\">la Belge Vanina Ickx dans l&rsquo;\u00e9curie Iron Dames.<\/a> Elle ne devrait pas revenir en monoplace.<\/p>\n<p class=\"ap-StoryElement ap-StoryElement--mb ap-StoryText\">Pour le moment, Abbi Puling, la championne 2024, ne pilote pas dans le championnat mondial mais dans le championnat britannique de F3. Elle occupe la 12e place loin devant Bianca Bustamante qui pilotait pour McLaren l&rsquo;ann\u00e9e derni\u00e8re en F1 academy.<\/p>\n<p class=\"ap-StoryElement ap-StoryElement--mb ap-StoryText\">Cette ann\u00e9e, la Fran\u00e7aise Doriane Pin fait tr\u00e8s forte impression au volant de sa Prema, l&rsquo;une des meilleures \u00e9curies dans les formules de promotion. La prot\u00e9g\u00e9e de Mercedes et de Toto Wolff est actuellement deuxi\u00e8me au classement de la F1 academy. Elle dispute \u00e9galement la FRECA face \u00e0 34 gar\u00e7ons.<\/p>\n<p class=\"ap-StoryElement ap-StoryElement--mb ap-StoryText\">Juste devant la Fran\u00e7aise, la Belgo-N\u00e9erlandaise, Maya Weug a \u00e9t\u00e9 la premi\u00e8re femme \u00e0 int\u00e9grer la Ferrari Driver Academy. Elle dispute sa derni\u00e8re saison en F1 academy et devrait rejoindre la F3 pour tenter de montrer son talent \u00e0 l&rsquo;\u00e9chelon sup\u00e9rieur.<\/p>\n<p><a href=\"https:\/\/www.dhnet.be\/sports\/moteurs\/formule-1\/2025\/05\/03\/le-phenomene-feminin-doriane-pin-je-dois-mon-surnom-de-pocket-rocket-a-sarah-bovy-74KXOVSIPZEEJEV4ENPPC4OWVE\/\" target=\"_blank\" rel=\"noopener noreferrer\" class=\"ap-StoryInterstitialLink ap-StoryElement ap-StoryElement--mb\">Le ph\u00e9nom\u00e8ne f\u00e9minin Doriane Pin : \u00ab\u00a0Je dois mon surnom de Pocket Rocket \u00e0 Sarah Bovy\u00a0\u00bb<\/a>Objectif 2030<\/p>\n<p class=\"ap-StoryElement ap-StoryElement--mb ap-StoryText\">Voir une femme au volant d&rsquo;une F1, ce n&rsquo;est toujours pas pour demain. Mais les mentalit\u00e9s \u00e9voluent. L&rsquo;ann\u00e9e derni\u00e8re, la F2 a d\u00e9velopp\u00e9 une monoplace plus adapt\u00e9e. Les volants sont notamment plus fins, car les jeunes pilotes f\u00e9minins avaient auparavant du mal \u00e0 bien les tenir. Cette saison, Laura M\u00fcller est devenue la premi\u00e8re femme ing\u00e9nieure de piste pour Esteban Ocon chez Haas. Susie Wolf s&rsquo;est fix\u00e9 l&rsquo;objectif de revoir une femme dans une F1 d&rsquo;ici \u00e0 2030. Un objectif largement atteignable pour Pierre Gasly qui avait d\u00e9clar\u00e9 qu&rsquo;il ne serait pas \u00e9tonn\u00e9 d&rsquo;avoir une femme comme co\u00e9quipi\u00e8re avant la fin de sa carri\u00e8re.<\/p>\n<p><a href=\"https:\/\/www.dhnet.be\/sports\/moteurs\/2023\/06\/07\/les-femmes-au-mans-toute-une-histoire-BXRN4YQGQBEHLKMHAETM3TDVAQ\/\" target=\"_blank\" rel=\"noopener noreferrer\" class=\"ap-StoryInterstitialLink ap-StoryElement ap-StoryElement--mb\">Les femmes au Mans, toute une histoire<\/a><\/p>\n","protected":false},"excerpt":{"rendered":"Un constat qui a pouss\u00e9 cette derni\u00e8re \u00e0 lancer cette nouvelle comp\u00e9tition en 2023. \u00ab\u00a0L&rsquo;objectif de la F1&hellip;\n","protected":false},"author":2,"featured_media":137692,"comment_status":"","ping_status":"","sticky":false,"template":"","format":"standard","meta":{"footnotes":""},"categories":[1412],"tags":[9499,26386,26387,26388,10463,26389,26390,26391,19816,1451,26392,2257,63,1452,1453,1454,1455,1011,27,26393,26394,9519,26395,8798,1238,2186,9026,26396,26397,26398,26399,8359,60,26400,26401,26402,26403,8363,26404,26405],"class_list":{"0":"post-137691","1":"post","2":"type-post","3":"status-publish","4":"format-standard","5":"has-post-thumbnail","7":"category-f1","8":"tag-adult","9":"tag-antwerpen","10":"tag-anvers","11":"tag-clothing","12":"tag-cooperation","13":"tag-d1","14":"tag-division-un","15":"tag-eerste-klasse","16":"tag-emotion","17":"tag-f1","18":"tag-first-division","19":"tag-foot","20":"tag-football","21":"tag-formula-1","22":"tag-formula1","23":"tag-formule-1","24":"tag-formule1","25":"tag-fr","26":"tag-france","27":"tag-front-view","28":"tag-group-of-people","29":"tag-happiness","30":"tag-looking-at-camera","31":"tag-men","32":"tag-person","33":"tag-play-offs","34":"tag-portrait","35":"tag-premiere-division","36":"tag-rafc","37":"tag-small-group-of-people","38":"tag-smiling","39":"tag-soccer","40":"tag-sports","41":"tag-standing","42":"tag-team","43":"tag-teamwork","44":"tag-togetherness","45":"tag-voetbal","46":"tag-waist-up","47":"tag-young-adult"},"share_on_mastodon":{"url":"https:\/\/pubeurope.com\/@fr\/114593150005288528","error":""},"_links":{"self":[{"href":"https:\/\/www.europesays.com\/fr\/wp-json\/wp\/v2\/posts\/137691","targetHints":{"allow":["GET"]}}],"collection":[{"href":"https:\/\/www.europesays.com\/fr\/wp-json\/wp\/v2\/posts"}],"about":[{"href":"https:\/\/www.europesays.com\/fr\/wp-json\/wp\/v2\/types\/post"}],"author":[{"embeddable":true,"href":"https:\/\/www.europesays.com\/fr\/wp-json\/wp\/v2\/users\/2"}],"replies":[{"embeddable":true,"href":"https:\/\/www.europesays.com\/fr\/wp-json\/wp\/v2\/comments?post=137691"}],"version-history":[{"count":0,"href":"https:\/\/www.europesays.com\/fr\/wp-json\/wp\/v2\/posts\/137691\/revisions"}],"wp:featuredmedia":[{"embeddable":true,"href":"https:\/\/www.europesays.com\/fr\/wp-json\/wp\/v2\/media\/137692"}],"wp:attachment":[{"href":"https:\/\/www.europesays.com\/fr\/wp-json\/wp\/v2\/media?parent=137691"}],"wp:term":[{"taxonomy":"category","embeddable":true,"href":"https:\/\/www.europesays.com\/fr\/wp-json\/wp\/v2\/categories?post=137691"},{"taxonomy":"post_tag","embeddable":true,"href":"https:\/\/www.europesays.com\/fr\/wp-json\/wp\/v2\/tags?post=137691"}],"curies":[{"name":"wp","href":"https:\/\/api.w.org\/{rel}","templated":true}]}}