{"id":137718,"date":"2025-05-29T21:18:08","date_gmt":"2025-05-29T21:18:08","guid":{"rendered":"https:\/\/www.europesays.com\/fr\/137718\/"},"modified":"2025-05-29T21:18:08","modified_gmt":"2025-05-29T21:18:08","slug":"cest-quoi-ces-couteaux-zombies-qui-arrivent-en-france","status":"publish","type":"post","link":"https:\/\/www.europesays.com\/fr\/137718\/","title":{"rendered":"c&rsquo;est quoi ces couteaux zombies qui \u00ab\u00a0arrivent en France\u00a0\u00bb\u00a0?"},"content":{"rendered":"<p>            Par<br \/>\n        <strong><br \/>\n            <a href=\"https:\/\/actu.fr\/auteur\/maxime-tsjoen\" title=\"Consulter tous les articles de Maxime T&#039;sjoen\" target=\"_blank\" rel=\"noopener\">Maxime T&rsquo;sjoen<\/a><br \/>\n        <\/strong><\/p>\n<p>        Publi\u00e9 le<\/p>\n<p>            29 mai 2025 \u00e0 19h56        <\/p>\n<p>Apr\u00e8s la mort fin avril d\u2019une lyc\u00e9enne de 15 ans dans une <a href=\"https:\/\/actu.fr\/pays-de-la-loire\/nantes_44109\/attaque-au-couteau-dans-un-lycee-de-nantes-un-eleve-tue-et-plusieurs-autres-blesses_62552746.html\" target=\"_blank\" rel=\"noopener\">attaque au couteau dans un lyc\u00e9e de Nantes<\/a>, la d\u00e9put\u00e9e Horizons <a href=\"https:\/\/actu.fr\/ile-de-france\/ermont_95219\/legislatives-naima-moutchou-horizons-reelue-dans-la-4e-seule-rescapee-de-l-ex-majorite-dans-le-val-d-oise_61322104.html\" target=\"_blank\" rel=\"noopener\">Na\u00efma Moutchou<\/a> a \u00e9t\u00e9 missionn\u00e9e par le Premier ministre <a href=\"https:\/\/actu.fr\/tag\/francois-bayrou\" target=\"_blank\" rel=\"noopener\">Fran\u00e7ois Bayrou<\/a> d\u2019\u00e9crire un rapport sur les armes blanches.\u00a0<\/p>\n<p class=\" wall-content\">Celui-ci, remis ce mercredi 28 mai 2025, explique que la d\u00e9tention d\u2019armes blanches par des mineurs <strong>est devenue \u00ab\u00a0un ph\u00e9nom\u00e8ne\u00a0\u00bb en France<\/strong> qui concerne \u00ab\u00a0n\u2019importe quel territoire\u00a0\u00bb et des profils vari\u00e9s.<\/p>\n<blockquote class=\"ac-article-quote wall-content\">\n<p>Il y a bien une tendance de la jeunesse \u00e0 la violence arm\u00e9e.<\/p>\n<p>    <strong>Na\u00efma Moutchou<\/strong><br \/>\n        D\u00e9put\u00e9e Horizons, vice-pr\u00e9sidente de l&rsquo;Assembl\u00e9e    <\/p><\/blockquote>\n<p class=\" wall-content\">Et \u00ab\u00a0on ne peut pas accepter que des coll\u00e9giens aient \u00e7a (des couteaux, NDLR) dans leurs cartables ou dans leurs poches\u00a0\u00bb.<\/p>\n<p class=\" wall-content\">\n<p>3 000 jeunes interpell\u00e9s chaque ann\u00e9e<\/p>\n<p class=\" wall-content\">Depuis 2016, \u00ab\u00a020% des mis en cause porteurs d\u2019une arme sont des mineurs. Cela repr\u00e9sente 3 000 jeunes par an qu\u2019on interpelle avec une arme blanche\u00a0\u00bb, a-t-elle encore d\u00e9taill\u00e9 sur le plateau de RMC-BMFTV. \u00ab\u00a0N\u2019importe quel territoire aujourd\u2019hui est concern\u00e9\u00a0\u00bb. \u00a0<\/p>\n<p>Vid\u00e9os : en ce moment sur Actu<\/p>\n<p class=\" wall-content\">Surtout, il n\u2019y a \u00ab\u00a0pas un profil\u00a0\u00bb particulier. L\u2019\u00e9lue Horizons \u00e9voque notamment des mineurs qui en portent pour \u00ab\u00a0se d\u00e9fendre\u00a0\u00bb, lorsqu\u2019ils sont harcel\u00e9s par exemple, mais aussi ceux qui sont \u00ab\u00a0dans une logique de rixes, de bandes\u00a0\u00bb ou ceux qui ont \u00ab\u00a0des terrains psychologiques fragiles\u00a0\u00bb.<\/p>\n<p>Les couteaux zombies \u00ab\u00a0arrivent en France\u00a0\u00bb<\/p>\n<p class=\" wall-content\">\u00ab\u00a0Couteau de cuisine, opinel, machette\u00a0\u00bb mais aussi\u2026 des couteaux zombies. La vice-pr\u00e9sidente de l\u2019Assembl\u00e9e, photo \u00e0 l\u2019appui, est revenue particuli\u00e8rement sur ce type de couteau.<\/p>\n<p class=\" wall-content\">Il y a \u00ab\u00a0des lames de chaque c\u00f4t\u00e9\u00a0\u00bb, \u00ab\u00a0cela ne sert pas \u00e0 tartiner du beurre\u00a0\u00bb.\u00a0<\/p>\n<blockquote class=\"ac-article-quote wall-content\">\n<p>Vous en trouvez sur internet pour une vingtaine d&rsquo;euros.<\/p>\n<p>    <strong>Na\u00efma Moutchou<\/strong>\n            <\/p><\/blockquote>\n<p class=\" wall-content\">\u00ab\u00a0C\u2019est une arme pour tuer, pour blesser, pour intimider, on ne fait rien d\u2019autre avec.\u00a0\u00bb<\/p>\n<p class=\" wall-content\">\u00ab\u00a0Il y a eu un ph\u00e9nom\u00e8ne d\u2019armes zombies au Royaume-Uni, un fl\u00e9au dramatique\u00a0\u00bb, estime l\u2019\u00e9lue. \u00ab\u00a0\u00c7a commence \u00e0 arriver chez nous et on ne veut surtout pas que \u00e7a s\u2019installe.\u00a0\u00bb\u00a0<\/p>\n<p>Bient\u00f4t interdite ?<\/p>\n<p class=\" wall-content\">Et la d\u00e9put\u00e9e, dans son rapport, pr\u00e9conise de placer ce couteau en cat\u00e9gorie A, arme dangereuse. Interdite donc \u00e0 la vente, interdit au port, aux mineurs comme aux majeurs.\u00a0<\/p>\n<p class=\" wall-content\">Na\u00efma Moutchou rappelle que c\u2019est possible de se procurer ce type d\u2019armes tr\u00e8s facilement, \u00ab\u00a0en 24, 48 h vous \u00eates livr\u00e9s \u00e0 domicile\u00a0\u00bb.<\/p>\n<p>Les autres recommandations pour lutter contre les armes blanches<\/p>\n<p class=\" wall-content\">Pour lutter contre le ph\u00e9nom\u00e8ne global, Na\u00efma Moutchou recommande \u00e9galement le d\u00e9ploiement obligatoire de la vid\u00e9osurveillance \u00e0 l\u2019entr\u00e9e et dans l\u2019enceinte des \u00e9tablissements scolaires.<\/p>\n<p class=\" wall-content\">\u00ab\u00a0C\u2019est un des dispositifs que nous pr\u00e9conisons. Je crois \u00e0 l\u2019int\u00e9r\u00eat de la vid\u00e9osurveillance, c\u2019est un outil suppl\u00e9mentaire. Les \u00e9tablissements pourraient et devraient s\u2019en doter, mais \u00e7a ne nous prot\u00e8ge pas de tout\u00a0\u00bb, explique-t-elle.<\/p>\n<blockquote class=\"ac-article-quote wall-content\">\n<p>Il ne faut se priver d&rsquo;aucun moyen. La situation est trop grave. Si \u00e7a peut aider \u00e0 d\u00e9tecter et intervenir rapidement, alors il faut y aller.<\/p>\n<p>    <strong>Na\u00efma Moutchou<\/strong><br \/>\n        D\u00e9put\u00e9e Horizons, vice-pr\u00e9sidente de l&rsquo;Assembl\u00e9e    <\/p><\/blockquote>\n<p class=\" wall-content\">Elle d\u00e9fend aussi l\u2019organisation de r\u00e9unions et de campagnes de pr\u00e9vention avec parents et \u00e9l\u00e8ves.<\/p>\n<p class=\" wall-content\">Par ailleurs, la vice-pr\u00e9sidente propose que des contr\u00f4les soient faits pour contr\u00f4ler la vente des couteaux normaux et l\u2019interdire aux mineurs : \u00ab\u00a0On peut imaginer de demander l\u2019identit\u00e9 au moment de l\u2019achat pour prouver la majorit\u00e9. On peut imaginer de la demander \u00e0 la remise du colis.\u00a0\u00bb En bref, \u00ab\u00a0on interdit les couteaux extr\u00eamement dangereux et pour les autres, on les contr\u00f4le\u00a0\u00bb.<\/p>\n<p class=\" wall-content\">Suivez toute l\u2019actualit\u00e9 de vos villes et m\u00e9dias favoris en vous inscrivant \u00e0 <a href=\"https:\/\/moncompte.actu.fr\" title=\"D\u00e9couvez Mon Actu\" rel=\"nofollow noopener\" data-trk=\"{&quot;cta&quot;:{&quot;action&quot;:&quot;https:\\\/\\\/moncompte.actu.fr&quot;,&quot;category&quot;:&quot;mon compte&quot;,&quot;from&quot;:&quot;article footer&quot;,&quot;name&quot;:&quot;Mon actu&quot;,&quot;type&quot;:&quot;cta&quot;}}\" target=\"_blank\">Mon Actu<\/a>.<\/p>\n","protected":false},"excerpt":{"rendered":"Par Maxime T&rsquo;sjoen Publi\u00e9 le 29 mai 2025 \u00e0 19h56 Apr\u00e8s la mort fin avril d\u2019une lyc\u00e9enne de&hellip;\n","protected":false},"author":2,"featured_media":137719,"comment_status":"","ping_status":"","sticky":false,"template":"","format":"standard","meta":{"footnotes":""},"categories":[4],"tags":[11,4019,1011,27,12,25,104],"class_list":{"0":"post-137718","1":"post","2":"type-post","3":"status-publish","4":"format-standard","5":"has-post-thumbnail","7":"category-france","8":"tag-actualites","9":"tag-ecoles","10":"tag-fr","11":"tag-france","12":"tag-news","13":"tag-republique-francaise","14":"tag-societe"},"share_on_mastodon":{"url":"https:\/\/pubeurope.com\/@fr\/114593209099382237","error":""},"_links":{"self":[{"href":"https:\/\/www.europesays.com\/fr\/wp-json\/wp\/v2\/posts\/137718","targetHints":{"allow":["GET"]}}],"collection":[{"href":"https:\/\/www.europesays.com\/fr\/wp-json\/wp\/v2\/posts"}],"about":[{"href":"https:\/\/www.europesays.com\/fr\/wp-json\/wp\/v2\/types\/post"}],"author":[{"embeddable":true,"href":"https:\/\/www.europesays.com\/fr\/wp-json\/wp\/v2\/users\/2"}],"replies":[{"embeddable":true,"href":"https:\/\/www.europesays.com\/fr\/wp-json\/wp\/v2\/comments?post=137718"}],"version-history":[{"count":0,"href":"https:\/\/www.europesays.com\/fr\/wp-json\/wp\/v2\/posts\/137718\/revisions"}],"wp:featuredmedia":[{"embeddable":true,"href":"https:\/\/www.europesays.com\/fr\/wp-json\/wp\/v2\/media\/137719"}],"wp:attachment":[{"href":"https:\/\/www.europesays.com\/fr\/wp-json\/wp\/v2\/media?parent=137718"}],"wp:term":[{"taxonomy":"category","embeddable":true,"href":"https:\/\/www.europesays.com\/fr\/wp-json\/wp\/v2\/categories?post=137718"},{"taxonomy":"post_tag","embeddable":true,"href":"https:\/\/www.europesays.com\/fr\/wp-json\/wp\/v2\/tags?post=137718"}],"curies":[{"name":"wp","href":"https:\/\/api.w.org\/{rel}","templated":true}]}}