{"id":137720,"date":"2025-05-29T21:19:10","date_gmt":"2025-05-29T21:19:10","guid":{"rendered":"https:\/\/www.europesays.com\/fr\/137720\/"},"modified":"2025-05-29T21:19:10","modified_gmt":"2025-05-29T21:19:10","slug":"israel-a-accepte-le-projet-americain-de-cessez-le-feu-a-gaza-le-hamas-le-juge-insuffisant-liberation","status":"publish","type":"post","link":"https:\/\/www.europesays.com\/fr\/137720\/","title":{"rendered":"Isra\u00ebl a accept\u00e9 le projet am\u00e9ricain de cessez-le-feu \u00e0 Gaza, le Hamas le juge insuffisant \u2013 Lib\u00e9ration"},"content":{"rendered":"<p class=\"sc-ksZaOG ehjQrN text-element\">Le maigre espoir de tr\u00eave a-t-il d\u00e9j\u00e0 fait long feu ? Le Hamas a annonc\u00e9 jeudi 29 mai que la proposition am\u00e9ricaine de cessez-le-feu, accept\u00e9e un peu plus t\u00f4t dans la soir\u00e9e par Isra\u00ebl, ne r\u00e9pond pas \u00e0 ses demandes. Plus t\u00f4t dans la journ\u00e9e, la Maison Blanche avait indiqu\u00e9 que le gouvernement isra\u00e9lien avait accept\u00e9 jeudi 29 mai la derni\u00e8re proposition d\u2019un cessez-le-feu formul\u00e9e par les Etats-Unis. \u00abJe peux confirmer que l\u2019envoy\u00e9 sp\u00e9cial Witkoff et le Pr\u00e9sident ont soumis au Hamas une proposition de cessez-le-feu qu\u2019Isra\u00ebl a approuv\u00e9e et soutenue, a d\u00e9clar\u00e9 la porte-parole de la Maison Blanche Karoline Leavitt. Isra\u00ebl a sign\u00e9 cette proposition avant qu\u2019elle ne soit envoy\u00e9e au Hamas.\u00bb<\/p>\n<p class=\"sc-ksZaOG ehjQrN text-element\">Un peu plus t\u00f4t dans la journ\u00e9e, un responsable politique du mouvement islamiste avait indiqu\u00e9 avoir re\u00e7u la proposition am\u00e9ricaine. Il avait ajout\u00e9 qu\u2019il allait <a href=\"https:\/\/www.liberation.fr\/international\/moyen-orient\/nouvelles-colonies-juives-en-cisjordanie-un-entrepot-alimentaire-pille-a-gaza-mobilisation-pour-les-otages-en-israel-lactu-du-conflit-au-proche-orient-ce-jeudi-20250529_CO52UPCBDVHF7NL36YHY5FCU74\/\" target=\"_blank\" rel=\"noopener\" title=\"https:\/\/www.liberation.fr\/international\/moyen-orient\/nouvelles-colonies-juives-en-cisjordanie-un-entrepot-alimentaire-pille-a-gaza-mobilisation-pour-les-otages-en-israel-lactu-du-conflit-au-proche-orient-ce-jeudi-20250529_CO52UPCBDVHF7NL36YHY5FCU74\/\">\u00e9tudier les termes de l\u2019accord<\/a>, notamment pour savoir s\u2019il conduirait \u00e0 un cessez-le-feu permanent \u00e0 Gaza, avant d\u2019apporter une r\u00e9ponse. <\/p>\n<p class=\"sc-ksZaOG ehjQrN text-element\">\u00abJ\u2019ai un bon pressentiment \u00e0 l\u2019id\u00e9e qu\u2019on parvienne \u00e0 une solution de long terme, \u00e0 savoir un cessez-le-feu et une r\u00e9solution pacifique de ce conflit\u00bb, avait affirm\u00e9, mercredi, <a href=\"https:\/\/www.liberation.fr\/international\/amerique\/de-gaza-a-lukraine-qui-est-steve-witkoff-lemissaire-americain-passe-des-affaires-a-la-guerre-20250313_VP7NUQNQSJFNNEBSP3DPSREJNQ\/\" target=\"_blank\" rel=\"noreferrer noopener\" title=\"https:\/\/www.liberation.fr\/international\/amerique\/de-gaza-a-lukraine-qui-est-steve-witkoff-lemissaire-americain-passe-des-affaires-a-la-guerre-20250313_VP7NUQNQSJFNNEBSP3DPSREJNQ\/\">Steve Witkoff<\/a> depuis Washington. Selon le quotidien Haaretz, le plan de l\u2019\u00e9missaire de Trump pr\u00e9voit la lib\u00e9ration en deux phases de 10 otages et le retour des corps de 18 personnes mortes, en \u00e9change d\u2019un cessez-le-feu de 60 jours dans la bande de Gaza.<\/p>\n<p class=\"sc-ksZaOG ehjQrN text-element\">D\u2019apr\u00e8s un n\u00e9gociateur du Hamas et un m\u00e9diateur \u00e9gyptien contact\u00e9s par <a href=\"https:\/\/apnews.com\/article\/israel-hamas-war-palestinians-gaza-ceasefire-news-36552d00b533d2bb98ff1f321e0875d4\" target=\"_blank\" rel=\"noreferrer noopener\" title=\"https:\/\/apnews.com\/article\/israel-hamas-war-palestinians-gaza-ceasefire-news-36552d00b533d2bb98ff1f321e0875d4\">Associated Press,<\/a> la proposition de cessez-le-feu comporterait, outre la suspension des frappes durant 60 jours, l\u2019assurance de n\u00e9gociations s\u00e9rieuses pour une tr\u00eave prolong\u00e9e, et la garantie qu\u2019Isra\u00ebl ne reprendra pas les op\u00e9rations une fois tous les otages isra\u00e9liens lib\u00e9r\u00e9s des ge\u00f4les du Hamas. En \u00e9change, plus de 1 100 Palestiniens emprisonn\u00e9s par Isra\u00ebl, dont 100 purgent de longues peines apr\u00e8s avoir \u00e9t\u00e9 reconnus coupables d\u2019attentats meurtriers, seraient rel\u00e2ch\u00e9s.<\/p>\n<p class=\"sc-ksZaOG ehjQrN text-element\"><a href=\"https:\/\/www.liberation.fr\/international\/moyen-orient\/guerre-dans-la-bande-de-gaza-aujourdhui-le-seul-reve-des-enfants-est-de-pouvoir-manger-du-pain-20250526_HNUHK4N2NNE4FMY24CD7HZ4HIA\/\" target=\"_blank\" rel=\"noreferrer noopener\" title=\"https:\/\/www.liberation.fr\/international\/moyen-orient\/guerre-dans-la-bande-de-gaza-aujourdhui-le-seul-reve-des-enfants-est-de-pouvoir-manger-du-pain-20250526_HNUHK4N2NNE4FMY24CD7HZ4HIA\/\">Face \u00e0 la crise humanitaire que traverse Gaza,<\/a> l\u2019accord pr\u00e9voirait un \u00e9largissement de l\u2019acc\u00e8s du territoire \u00e0 l\u2019aide humanitaire. Des centaines de camions remplis de nourriture et d\u2019aide m\u00e9dicale seraient d\u00e8s lors autoris\u00e9s \u00e0 entrer dans l\u2019enclave, apr\u00e8s trois mois de blocus.<\/p>\n<p class=\"sc-ksZaOG ehjQrN text-element\"><b>Mise \u00e0 jour \u00e0 21h29 <\/b>avec la r\u00e9ponse n\u00e9gative du Hamas.<\/p>\n","protected":false},"excerpt":{"rendered":"Le maigre espoir de tr\u00eave a-t-il d\u00e9j\u00e0 fait long feu ? Le Hamas a annonc\u00e9 jeudi 29 mai&hellip;\n","protected":false},"author":2,"featured_media":137721,"comment_status":"","ping_status":"","sticky":false,"template":"","format":"standard","meta":{"footnotes":""},"categories":[2],"tags":[11,1011,27,3522,3519,12],"class_list":{"0":"post-137720","1":"post","2":"type-post","3":"status-publish","4":"format-standard","5":"has-post-thumbnail","7":"category-actualites","8":"tag-actualites","9":"tag-fr","10":"tag-france","11":"tag-guerre-hamas-israel","12":"tag-hamas","13":"tag-news"},"share_on_mastodon":{"url":"https:\/\/pubeurope.com\/@fr\/114593212894913552","error":""},"_links":{"self":[{"href":"https:\/\/www.europesays.com\/fr\/wp-json\/wp\/v2\/posts\/137720","targetHints":{"allow":["GET"]}}],"collection":[{"href":"https:\/\/www.europesays.com\/fr\/wp-json\/wp\/v2\/posts"}],"about":[{"href":"https:\/\/www.europesays.com\/fr\/wp-json\/wp\/v2\/types\/post"}],"author":[{"embeddable":true,"href":"https:\/\/www.europesays.com\/fr\/wp-json\/wp\/v2\/users\/2"}],"replies":[{"embeddable":true,"href":"https:\/\/www.europesays.com\/fr\/wp-json\/wp\/v2\/comments?post=137720"}],"version-history":[{"count":0,"href":"https:\/\/www.europesays.com\/fr\/wp-json\/wp\/v2\/posts\/137720\/revisions"}],"wp:featuredmedia":[{"embeddable":true,"href":"https:\/\/www.europesays.com\/fr\/wp-json\/wp\/v2\/media\/137721"}],"wp:attachment":[{"href":"https:\/\/www.europesays.com\/fr\/wp-json\/wp\/v2\/media?parent=137720"}],"wp:term":[{"taxonomy":"category","embeddable":true,"href":"https:\/\/www.europesays.com\/fr\/wp-json\/wp\/v2\/categories?post=137720"},{"taxonomy":"post_tag","embeddable":true,"href":"https:\/\/www.europesays.com\/fr\/wp-json\/wp\/v2\/tags?post=137720"}],"curies":[{"name":"wp","href":"https:\/\/api.w.org\/{rel}","templated":true}]}}