{"id":137722,"date":"2025-05-29T21:20:20","date_gmt":"2025-05-29T21:20:20","guid":{"rendered":"https:\/\/www.europesays.com\/fr\/137722\/"},"modified":"2025-05-29T21:20:20","modified_gmt":"2025-05-29T21:20:20","slug":"les-automobilistes-sont-ils-victimes-dune-verbalisation-excessive-a-roche-la-moliere","status":"publish","type":"post","link":"https:\/\/www.europesays.com\/fr\/137722\/","title":{"rendered":"les automobilistes sont-ils victimes d\u2019une verbalisation excessive \u00e0 Roche-la-Moli\u00e8re\u202f?"},"content":{"rendered":"<p>Lors du dernier conseil municipal, une fois l\u2019ordre du jour \u00e9puis\u00e9, le groupe d\u2019opposition \u00ab\u00a0Ensemble s\u2019unir pour Roche\u00a0\u00bb a interpell\u00e9 le maire sur les dol\u00e9ances de nombreux Rouchons, qui se plaignent de \u00ab\u00a0la verbalisation excessive qui a lieu dans le centre-ville\u00a0\u00bb.<\/p>\n<p>\u00ab\u00a0L\u2019augmentation pr\u00e9vue des effectifs de police municipale pour renforcer la s\u00e9curit\u00e9 dans les quartiers excentr\u00e9s, pourquoi pas. Mais, au vu de ce qui se passe&#8230;<\/p>\n","protected":false},"excerpt":{"rendered":"Lors du dernier conseil municipal, une fois l\u2019ordre du jour \u00e9puis\u00e9, le groupe d\u2019opposition \u00ab\u00a0Ensemble s\u2019unir pour Roche\u00a0\u00bb&hellip;\n","protected":false},"author":2,"featured_media":137723,"comment_status":"","ping_status":"","sticky":false,"template":"","format":"standard","meta":{"footnotes":""},"categories":[9653],"tags":[1111,11,2430,1984,7539,1777,674,107,1011,27,3367,12,316,25,12490,12491,4001],"class_list":{"0":"post-137722","1":"post","2":"type-post","3":"status-publish","4":"format-standard","5":"has-post-thumbnail","7":"category-saint-etienne","8":"tag-actu","9":"tag-actualites","10":"tag-auvergne-rhone-alpes","11":"tag-conseil-municipal","12":"tag-edition-loire-sud","13":"tag-eu","14":"tag-europe","15":"tag-fil-info","16":"tag-fr","17":"tag-france","18":"tag-loire","19":"tag-news","20":"tag-politique","21":"tag-republique-francaise","22":"tag-roche-la-moliere","23":"tag-roche-la-moliere-bassin","24":"tag-saint-etienne"},"share_on_mastodon":{"url":"https:\/\/pubeurope.com\/@fr\/114593216812146599","error":""},"_links":{"self":[{"href":"https:\/\/www.europesays.com\/fr\/wp-json\/wp\/v2\/posts\/137722","targetHints":{"allow":["GET"]}}],"collection":[{"href":"https:\/\/www.europesays.com\/fr\/wp-json\/wp\/v2\/posts"}],"about":[{"href":"https:\/\/www.europesays.com\/fr\/wp-json\/wp\/v2\/types\/post"}],"author":[{"embeddable":true,"href":"https:\/\/www.europesays.com\/fr\/wp-json\/wp\/v2\/users\/2"}],"replies":[{"embeddable":true,"href":"https:\/\/www.europesays.com\/fr\/wp-json\/wp\/v2\/comments?post=137722"}],"version-history":[{"count":0,"href":"https:\/\/www.europesays.com\/fr\/wp-json\/wp\/v2\/posts\/137722\/revisions"}],"wp:featuredmedia":[{"embeddable":true,"href":"https:\/\/www.europesays.com\/fr\/wp-json\/wp\/v2\/media\/137723"}],"wp:attachment":[{"href":"https:\/\/www.europesays.com\/fr\/wp-json\/wp\/v2\/media?parent=137722"}],"wp:term":[{"taxonomy":"category","embeddable":true,"href":"https:\/\/www.europesays.com\/fr\/wp-json\/wp\/v2\/categories?post=137722"},{"taxonomy":"post_tag","embeddable":true,"href":"https:\/\/www.europesays.com\/fr\/wp-json\/wp\/v2\/tags?post=137722"}],"curies":[{"name":"wp","href":"https:\/\/api.w.org\/{rel}","templated":true}]}}