{"id":137728,"date":"2025-05-29T21:23:31","date_gmt":"2025-05-29T21:23:31","guid":{"rendered":"https:\/\/www.europesays.com\/fr\/137728\/"},"modified":"2025-05-29T21:23:31","modified_gmt":"2025-05-29T21:23:31","slug":"noah-kouadio-le-dernier-renfort","status":"publish","type":"post","link":"https:\/\/www.europesays.com\/fr\/137728\/","title":{"rendered":"Noah Kouadio, le dernier renfort"},"content":{"rendered":"<p>Ce jeudi, le Nancy Handball a officialis\u00e9 l\u2019arriv\u00e9e du jeune arri\u00e8re gauche, Noah Kouadio (19 ans ; 1,93m). Un \u00ab beau b\u00e9b\u00e9 \u00bb tout droit sorti de la couveuse de Saint-Rapha\u00ebl, o\u00f9 il a perform\u00e9 au sein du centre de formation, mais o\u00f9 il a \u00e9galement cumul\u00e9 une cinquantaine d\u2019apparitions en Straligue, ces trois derni\u00e8res saisons (pour 35 buts inscrits).<\/p>\n<p>Num\u00e9riquement, Noah Kouadio remplacera Louis Messager, <a href=\"https:\/\/www.estrepublicain.fr\/sport\/2025\/05\/13\/nancy-handball-louis-messager-ne-sera-pas-prolonge\" target=\"_blank\" rel=\"noopener\">non reconduit au sein de l\u2019effectif nanc\u00e9ien<\/a>. L\u2019arriv\u00e9e de l\u2019international U21 va, de fait, injecter une bonne dose de concurrence sur le poste d\u2019arri\u00e8re gauche (avec Antoine Blanc et Ilian Goedert).<\/p>\n<p>Ce contenu est bloqu\u00e9 car vous n&rsquo;avez pas accept\u00e9 les cookies et autres traceurs.<\/p>\n<p>En cliquant sur \u00ab J\u2019accepte \u00bb, les cookies et autres traceurs seront d\u00e9pos\u00e9s et vous pourrez visualiser les contenus  (<a href=\"\" class=\"consentModule_policy\" target=\"_blank\" title=\"Consulter la politique de protection des donn\u00e9es du fournisseur\">plus d&rsquo;informations<\/a>).<\/p>\n<p>En cliquant sur \u00ab J\u2019accepte tous les cookies \u00bb, vous autorisez des d\u00e9p\u00f4ts de cookies et autres traceurs pour le stockage de vos donn\u00e9es sur nos sites et applications \u00e0 des fins de personnalisation et de ciblage publicitaire.<\/p>\n<p class=\"consentModule_secondaryText\">Vous gardez la possibilit\u00e9 de retirer votre consentement \u00e0 tout moment en consultant notre <a href=\"https:\/\/www.estrepublicain.fr\/protection-des-donnees\" target=\"_blank\" title=\"Consulter notre politique de protection des donn\u00e9es\" rel=\"noopener\">politique de protection des donn\u00e9es<\/a>. <br \/>&#13;<br \/>\n            <a href=\"https:\/\/www.estrepublicain.fr\/sport\/2025\/05\/29\/javascript:Didomi.notice.show()\" class=\"consentModule_cmp\" target=\"_blank\" rel=\"noopener\">G\u00e9rer mes choix<\/a>&#13;\n        <\/p>\n<p>&#13;<br \/>\n                        J&rsquo;accepte&#13;<br \/>\n            J&rsquo;accepte tous les cookies&#13;\n        <\/p>\n<p>   \u00ab Le potentiel pour franchir un cap \u00bb<\/p>\n<p>\u00ab Noah est un jeune joueur prometteur, mais d\u00e9j\u00e0 dot\u00e9 d\u2019une grande maturit\u00e9, acquise notamment en \u00e9voluant en Liqui Moly Starligue d\u00e8s l\u2019\u00e2ge de 18 ans \u00bb, d\u00e9crit le directeur sportif Yann Ducreux, \u00ab son ambition, claire et assum\u00e9e, est de gagner en temps de jeu et en responsabilit\u00e9s. Nous sommes persuad\u00e9s qu\u2019il affiche le potentiel pour franchir un cap chez nous \u00bb. Noah Kouadio sera donc le quatorzi\u00e8me joueur professionnel d\u2019un effectif nanc\u00e9ien 2025-2026 qui affiche d\u00e9sormais complet.<\/p>\n","protected":false},"excerpt":{"rendered":"Ce jeudi, le Nancy Handball a officialis\u00e9 l\u2019arriv\u00e9e du jeune arri\u00e8re gauche, Noah Kouadio (19 ans ; 1,93m).&hellip;\n","protected":false},"author":2,"featured_media":137729,"comment_status":"","ping_status":"","sticky":false,"template":"","format":"standard","meta":{"footnotes":""},"categories":[9635],"tags":[1111,11,1704,1777,674,107,1701,1795,1011,27,775,1792,1702,13622,1703,12,25,517,1700],"class_list":{"0":"post-137728","1":"post","2":"type-post","3":"status-publish","4":"format-standard","5":"has-post-thumbnail","7":"category-nancy","8":"tag-actu","9":"tag-actualites","10":"tag-edition-nancy-et-agglomeration","11":"tag-eu","12":"tag-europe","13":"tag-fil-info","14":"tag-fil-info-sport","15":"tag-fil-web","16":"tag-fr","17":"tag-france","18":"tag-grand-est","19":"tag-handball","20":"tag-nancy","21":"tag-nancy-handball","22":"tag-nancy-ville-54b","23":"tag-news","24":"tag-republique-francaise","25":"tag-sport","26":"tag-sport-lorrain"},"share_on_mastodon":{"url":"https:\/\/pubeurope.com\/@fr\/114593228751112031","error":""},"_links":{"self":[{"href":"https:\/\/www.europesays.com\/fr\/wp-json\/wp\/v2\/posts\/137728","targetHints":{"allow":["GET"]}}],"collection":[{"href":"https:\/\/www.europesays.com\/fr\/wp-json\/wp\/v2\/posts"}],"about":[{"href":"https:\/\/www.europesays.com\/fr\/wp-json\/wp\/v2\/types\/post"}],"author":[{"embeddable":true,"href":"https:\/\/www.europesays.com\/fr\/wp-json\/wp\/v2\/users\/2"}],"replies":[{"embeddable":true,"href":"https:\/\/www.europesays.com\/fr\/wp-json\/wp\/v2\/comments?post=137728"}],"version-history":[{"count":0,"href":"https:\/\/www.europesays.com\/fr\/wp-json\/wp\/v2\/posts\/137728\/revisions"}],"wp:featuredmedia":[{"embeddable":true,"href":"https:\/\/www.europesays.com\/fr\/wp-json\/wp\/v2\/media\/137729"}],"wp:attachment":[{"href":"https:\/\/www.europesays.com\/fr\/wp-json\/wp\/v2\/media?parent=137728"}],"wp:term":[{"taxonomy":"category","embeddable":true,"href":"https:\/\/www.europesays.com\/fr\/wp-json\/wp\/v2\/categories?post=137728"},{"taxonomy":"post_tag","embeddable":true,"href":"https:\/\/www.europesays.com\/fr\/wp-json\/wp\/v2\/tags?post=137728"}],"curies":[{"name":"wp","href":"https:\/\/api.w.org\/{rel}","templated":true}]}}