{"id":137731,"date":"2025-05-29T21:25:09","date_gmt":"2025-05-29T21:25:09","guid":{"rendered":"https:\/\/www.europesays.com\/fr\/137731\/"},"modified":"2025-05-29T21:25:09","modified_gmt":"2025-05-29T21:25:09","slug":"des-narcotrafiquants-du-var-ont-collabore-avec-des-chimistes-envoyes-a-toulon-par-le-cartel-de-sinaloa","status":"publish","type":"post","link":"https:\/\/www.europesays.com\/fr\/137731\/","title":{"rendered":"Des narcotrafiquants du Var ont collabor\u00e9 avec des \u00ab\u00a0chimistes\u00a0\u00bb envoy\u00e9s \u00e0 Toulon par le cartel de Sinaloa"},"content":{"rendered":"<p class=\"paragraph text_align_left\">\u00ab Breaking bad \u00bb dans l\u2019arri\u00e8re-pays varois. En juin 2024, une op\u00e9ration men\u00e9e par les douanes fran\u00e7aises permettait de <a href=\"https:\/\/www.leparisien.fr\/faits-divers\/saisie-record-de-methamphetamine-dans-le-var-la-preuve-de-la-fabrication-francaise-de-cette-drogue-21-06-2024-KRYEWWDPMREODHCNRPUIKVOOTE.php\" target=\"_self\" rel=\"nofollow noopener\">saisir 216 kg de m\u00e9thamph\u00e9tamine<\/a> transport\u00e9s par deux Fran\u00e7ais. Ce r\u00e9seau, li\u00e9 au redoutable cartel mexicain de Sinaloa, avait \u00e9tabli un laboratoire clandestin dans une villa cossue du <a href=\"https:\/\/www.leparisien.fr\/var-83\/\" target=\"_self\" rel=\"nofollow noopener\">Var<\/a>, a indiqu\u00e9 la gendarmerie \u00e0 <a href=\"https:\/\/www.radiofrance.fr\/franceinter\/podcasts\/l-info-de-france-inter\/l-info-de-france-inter-2498242\" target=\"_self\" rel=\"nofollow noopener\">France Inter<\/a> ce jeudi.<\/p>\n<p class=\"paragraph text_align_left\">Les investigations minutieusement men\u00e9es pendant pr\u00e8s d\u2019un an ont abouti samedi dernier, lorsque le parquet de Marseille a annonc\u00e9 le <a href=\"https:\/\/www.leparisien.fr\/faits-divers\/un-laboratoire-de-methamphetamine-decouvert-dans-une-villa-de-luxe-du-var-un-trafic-lie-a-un-cartel-mexicain-demantele-24-05-2025-TON2UVRNXJCHZDJSUURB2SBL4M.php\" target=\"_self\" rel=\"nofollow noopener\">d\u00e9mant\u00e8lement de ce r\u00e9seau international<\/a>. Seize personnes ont \u00e9t\u00e9 interpell\u00e9es, tr\u00e8s majoritairement des Fran\u00e7ais. Huit d\u2019entre elles ont \u00e9t\u00e9 d\u00e9f\u00e9r\u00e9s et mis en examen.<\/p>\n<p class=\"paragraph text_align_left\">Selon le parquet de Marseille, les trafiquants esp\u00e9raient r\u00e9aliser un chiffre d\u2019affaires de plus de 11 millions d\u2019euros, pour un investissement initial de 150 000 euros. Le r\u00e9seau est \u00ab \u00e9troitement li\u00e9 au cartel mexicain de Sinaloa \u00bb, <a href=\"https:\/\/www.leparisien.fr\/faits-divers\/larmee-mexicaine-frappe-le-cartel-de-sinaloa-quelques-jours-apres-de-nouvelles-pressions-de-trump-19-02-2025-OQX4HM3D2ZBV7JL2OKXCG5B3KA.php\" target=\"_self\" rel=\"nofollow noopener\">l\u2019un des plus puissants et redout\u00e9 du Mexique<\/a>, a indiqu\u00e9 l\u2019agence Europol dans un communiqu\u00e9 mercredi.<\/p>\n<p>Chimistes mexicains<\/p>\n<p class=\"paragraph text_align_left\">Fait in\u00e9dit, l\u2019organisation criminelle avait d\u00e9p\u00each\u00e9 des pseudo-chimistes au printemps 2024, pr\u00e8s de Toulon, pour superviser la production de m\u00e9thamph\u00e9tamine. Cette pr\u00e9sence de sp\u00e9cialistes mexicains en France a \u00e9t\u00e9 confirm\u00e9e par un enqu\u00eateur de la section de recherche de Marseille aupr\u00e8s de France Inter.<\/p>\n<p class=\"paragraph text_align_left\">L\u2019organisation criminelle reposait sur une structure pyramidale, avec \u00e0 sa t\u00eate un chef mexicain bas\u00e9 en Belgique, assist\u00e9 par deux logisticiens fran\u00e7ais dans le Var. La m\u00e9thamph\u00e9tamine produite \u00e9tait ensuite export\u00e9e jusqu\u2019en Nouvelle-Z\u00e9lande. L\u2019agence Europol a \u00e9galement soulign\u00e9 que ces trafiquants utilisaient des cryptomonnaies pour mener \u00e0 bien leurs transactions financi\u00e8res ill\u00e9gales.<\/p>\n<p class=\"paragraph text_align_left\">Les suspects fran\u00e7ais, d\u00e9j\u00e0 impliqu\u00e9s dans des affaires de stup\u00e9fiants \u00e0 Toulon, sont soup\u00e7onn\u00e9s d\u2019avoir utilis\u00e9 de petites entreprises l\u00e9gales pour se procurer les ingr\u00e9dients n\u00e9cessaires \u00e0 la fabrication de la drogue. Plusieurs dirigeants d\u2019entreprise ont \u00e9t\u00e9 arr\u00eat\u00e9s dans le cadre de cette affaire.<\/p>\n<p class=\"lp-card-podcast-highlighting__title  lp-f-subtitle-05\">Les disparus du camp militaire de Mourmelon (2\/2)<\/p>\n<p class=\"lp-card-podcast-highlighting__description lp-f-ui-05\">Crime story raconte chaque semaine les grandes affaires criminelles.<\/p>\n<p><a class=\"lp-card-podcast-highlighting__call-to-action\" data-page-type=\"HP\" data-block-name=\"podcast-highlight\">\u00c9couter<\/a><\/p>\n","protected":false},"excerpt":{"rendered":"\u00ab Breaking bad \u00bb dans l\u2019arri\u00e8re-pays varois. En juin 2024, une op\u00e9ration men\u00e9e par les douanes fran\u00e7aises permettait&hellip;\n","protected":false},"author":2,"featured_media":137732,"comment_status":"","ping_status":"","sticky":false,"template":"","format":"standard","meta":{"footnotes":""},"categories":[9619],"tags":[1111,11,459,1777,674,118,1011,27,12,882,25,2310],"class_list":{"0":"post-137731","1":"post","2":"type-post","3":"status-publish","4":"format-standard","5":"has-post-thumbnail","7":"category-toulon","8":"tag-actu","9":"tag-actualites","10":"tag-departements-horsidfo","11":"tag-eu","12":"tag-europe","13":"tag-faits-divers","14":"tag-fr","15":"tag-france","16":"tag-news","17":"tag-provence-alpes-cote-dazur","18":"tag-republique-francaise","19":"tag-toulon"},"share_on_mastodon":{"url":"https:\/\/pubeurope.com\/@fr\/114593236857922216","error":""},"_links":{"self":[{"href":"https:\/\/www.europesays.com\/fr\/wp-json\/wp\/v2\/posts\/137731","targetHints":{"allow":["GET"]}}],"collection":[{"href":"https:\/\/www.europesays.com\/fr\/wp-json\/wp\/v2\/posts"}],"about":[{"href":"https:\/\/www.europesays.com\/fr\/wp-json\/wp\/v2\/types\/post"}],"author":[{"embeddable":true,"href":"https:\/\/www.europesays.com\/fr\/wp-json\/wp\/v2\/users\/2"}],"replies":[{"embeddable":true,"href":"https:\/\/www.europesays.com\/fr\/wp-json\/wp\/v2\/comments?post=137731"}],"version-history":[{"count":0,"href":"https:\/\/www.europesays.com\/fr\/wp-json\/wp\/v2\/posts\/137731\/revisions"}],"wp:featuredmedia":[{"embeddable":true,"href":"https:\/\/www.europesays.com\/fr\/wp-json\/wp\/v2\/media\/137732"}],"wp:attachment":[{"href":"https:\/\/www.europesays.com\/fr\/wp-json\/wp\/v2\/media?parent=137731"}],"wp:term":[{"taxonomy":"category","embeddable":true,"href":"https:\/\/www.europesays.com\/fr\/wp-json\/wp\/v2\/categories?post=137731"},{"taxonomy":"post_tag","embeddable":true,"href":"https:\/\/www.europesays.com\/fr\/wp-json\/wp\/v2\/tags?post=137731"}],"curies":[{"name":"wp","href":"https:\/\/api.w.org\/{rel}","templated":true}]}}