{"id":137739,"date":"2025-05-29T21:32:13","date_gmt":"2025-05-29T21:32:13","guid":{"rendered":"https:\/\/www.europesays.com\/fr\/137739\/"},"modified":"2025-05-29T21:32:13","modified_gmt":"2025-05-29T21:32:13","slug":"pro-d2-la-marche-etait-trop-haute-pour-provence-rugby-elimine-a-grenoble","status":"publish","type":"post","link":"https:\/\/www.europesays.com\/fr\/137739\/","title":{"rendered":"Pro D2 : la marche \u00e9tait trop haute pour Provence Rugby, \u00e9limin\u00e9 \u00e0 Grenoble"},"content":{"rendered":"<p>La saison s&rsquo;est arr\u00eat\u00e9e de fa\u00e7on brutale\u00a0pour Provence Rugby. Fa\u00e7on puzzle m\u00eame.<\/p>\n<p>Si l&rsquo;an pass\u00e9, Aix avait longtemps nourri des regrets en <a href=\"https:\/\/www.laprovence.com\/article\/sports\/39747432636440\/pro-d2-un-an-apres-sa-defaite-cruelle-en-demie-provence-rugby-retrouvera-a-nouveau-grenoble-sur-sa-route\" target=\"_blank\" rel=\"noopener\">s&rsquo;inclinant d&rsquo;un petit point en demi-finale face \u00e0 ces m\u00eames Grenoblois (22-23)<\/a>, ce jeudi les hommes du quatuor Reggiardo-Delmas-Dupuy-Ladauge ont vol\u00e9 en \u00e9clats face \u00e0 la furia is\u00e9roise avec une lourde d\u00e9faite (38-17).<\/p>\n","protected":false},"excerpt":{"rendered":"La saison s&rsquo;est arr\u00eat\u00e9e de fa\u00e7on brutale\u00a0pour Provence Rugby. Fa\u00e7on puzzle m\u00eame. Si l&rsquo;an pass\u00e9, Aix avait longtemps&hellip;\n","protected":false},"author":2,"featured_media":137740,"comment_status":"","ping_status":"","sticky":false,"template":"","format":"standard","meta":{"footnotes":""},"categories":[9566],"tags":[17,1111,11,2430,8485,1777,674,1011,27,2731,8280,2089,12,471,3788,25,479,60,8029],"class_list":{"0":"post-137739","1":"post","2":"type-post","3":"status-publish","4":"format-standard","5":"has-post-thumbnail","7":"category-grenoble","8":"tag-17","9":"tag-actu","10":"tag-actualites","11":"tag-auvergne-rhone-alpes","12":"tag-etait","13":"tag-eu","14":"tag-europe","15":"tag-fr","16":"tag-france","17":"tag-grenoble","18":"tag-haute","19":"tag-marche","20":"tag-news","21":"tag-pour","22":"tag-pro","23":"tag-republique-francaise","24":"tag-rugby","25":"tag-sports","26":"tag-trop"},"share_on_mastodon":{"url":"https:\/\/pubeurope.com\/@fr\/114593263993728812","error":""},"_links":{"self":[{"href":"https:\/\/www.europesays.com\/fr\/wp-json\/wp\/v2\/posts\/137739","targetHints":{"allow":["GET"]}}],"collection":[{"href":"https:\/\/www.europesays.com\/fr\/wp-json\/wp\/v2\/posts"}],"about":[{"href":"https:\/\/www.europesays.com\/fr\/wp-json\/wp\/v2\/types\/post"}],"author":[{"embeddable":true,"href":"https:\/\/www.europesays.com\/fr\/wp-json\/wp\/v2\/users\/2"}],"replies":[{"embeddable":true,"href":"https:\/\/www.europesays.com\/fr\/wp-json\/wp\/v2\/comments?post=137739"}],"version-history":[{"count":0,"href":"https:\/\/www.europesays.com\/fr\/wp-json\/wp\/v2\/posts\/137739\/revisions"}],"wp:featuredmedia":[{"embeddable":true,"href":"https:\/\/www.europesays.com\/fr\/wp-json\/wp\/v2\/media\/137740"}],"wp:attachment":[{"href":"https:\/\/www.europesays.com\/fr\/wp-json\/wp\/v2\/media?parent=137739"}],"wp:term":[{"taxonomy":"category","embeddable":true,"href":"https:\/\/www.europesays.com\/fr\/wp-json\/wp\/v2\/categories?post=137739"},{"taxonomy":"post_tag","embeddable":true,"href":"https:\/\/www.europesays.com\/fr\/wp-json\/wp\/v2\/tags?post=137739"}],"curies":[{"name":"wp","href":"https:\/\/api.w.org\/{rel}","templated":true}]}}