{"id":137749,"date":"2025-05-29T21:37:13","date_gmt":"2025-05-29T21:37:13","guid":{"rendered":"https:\/\/www.europesays.com\/fr\/137749\/"},"modified":"2025-05-29T21:37:13","modified_gmt":"2025-05-29T21:37:13","slug":"pres-dune-heure-de-trajet-pour-faire-antibes-nice-la-circulation-a-nouveau-perturbee-ce-midi-en-raison-dun-accident-sur-la8","status":"publish","type":"post","link":"https:\/\/www.europesays.com\/fr\/137749\/","title":{"rendered":"Pr\u00e8s d&rsquo;une heure de trajet pour faire Antibes-Nice: la circulation \u00e0 nouveau perturb\u00e9e ce midi en raison d&rsquo;un accident sur l&rsquo;A8"},"content":{"rendered":"<p>La matin\u00e9e est d\u00e9cid\u00e9ment chahut\u00e9e sur l&rsquo;autoroute. <a href=\"https:\/\/www.nicematin.com\/info-trafic\/gros-ralentissement-sur-l-a8-en-direction-de-l-italie-en-raison-d-un-accident-987740\" target=\"_blank\" rel=\"noopener\">Apr\u00e8s deux accidents en d\u00e9but de matin\u00e9e<\/a>, un autre s&rsquo;est produit peu avant midi apr\u00e8s l&rsquo;entr\u00e9e n\u00b047 Villeneuve-Loubet.\u00a0<\/p>\n<p>Cela s&rsquo;est produit en direction de l&rsquo;Italie.\u00a0<\/p>\n<blockquote class=\"twitter-tweet\">\n<p lang=\"fr\" dir=\"ltr\">11h58 : sur <a href=\"https:\/\/twitter.com\/hashtag\/A8?src=hash&amp;ref_src=twsrc%5Etfw\" target=\"_blank\" rel=\"noopener\">#A8<\/a> en direction de l\u2019Italie apr\u00e8s l&rsquo;entr\u00e9e n\u00b047 Villeneuve Loubet, la circulation est perturb\u00e9e. Nos \u00e9quipes interviennent sur un <a href=\"https:\/\/twitter.com\/hashtag\/Accident?src=hash&amp;ref_src=twsrc%5Etfw\" target=\"_blank\" rel=\"noopener\">#Accident<\/a>. <a href=\"https:\/\/twitter.com\/hashtag\/InfoTrafic?src=hash&amp;ref_src=twsrc%5Etfw\" target=\"_blank\" rel=\"noopener\">#InfoTrafic<\/a><\/p>\n<p>\u2014 Autoroute A8 (@A8Trafic) <a href=\"https:\/\/twitter.com\/A8Trafic\/status\/1927666650205077795?ref_src=twsrc%5Etfw\" target=\"_blank\" rel=\"noopener\">May 28, 2025<\/a><\/p><\/blockquote>\n<p>Les \u00e9quipes de l&rsquo;autoroute interviennent actuellement.\u00a0<\/p>\n<p>La circulation est perturb\u00e9e. Il y a actuellement 55 minutes de bouchon depuis le p\u00e9age d&rsquo;Antibes jusqu&rsquo;\u00e0 Nice-Ouest.\u00a0<\/p>\n<p>                                                                                                                                        <script async src=\"https:\/\/platform.twitter.com\/widgets.js\" charset=\"utf-8\"><\/script><\/p>\n","protected":false},"excerpt":{"rendered":"La matin\u00e9e est d\u00e9cid\u00e9ment chahut\u00e9e sur l&rsquo;autoroute. Apr\u00e8s deux accidents en d\u00e9but de matin\u00e9e, un autre s&rsquo;est produit&hellip;\n","protected":false},"author":2,"featured_media":137750,"comment_status":"","ping_status":"","sticky":false,"template":"","format":"standard","meta":{"footnotes":""},"categories":[2819],"tags":[1111,11,1777,674,1011,27,803,12,2401,882,25,800],"class_list":{"0":"post-137749","1":"post","2":"type-post","3":"status-publish","4":"format-standard","5":"has-post-thumbnail","7":"category-nice","8":"tag-actu","9":"tag-actualites","10":"tag-eu","11":"tag-europe","12":"tag-fr","13":"tag-france","14":"tag-info-trafic","15":"tag-news","16":"tag-nice","17":"tag-provence-alpes-cote-dazur","18":"tag-republique-francaise","19":"tag-transports"},"share_on_mastodon":{"url":"https:\/\/pubeurope.com\/@fr\/114593283881535616","error":""},"_links":{"self":[{"href":"https:\/\/www.europesays.com\/fr\/wp-json\/wp\/v2\/posts\/137749","targetHints":{"allow":["GET"]}}],"collection":[{"href":"https:\/\/www.europesays.com\/fr\/wp-json\/wp\/v2\/posts"}],"about":[{"href":"https:\/\/www.europesays.com\/fr\/wp-json\/wp\/v2\/types\/post"}],"author":[{"embeddable":true,"href":"https:\/\/www.europesays.com\/fr\/wp-json\/wp\/v2\/users\/2"}],"replies":[{"embeddable":true,"href":"https:\/\/www.europesays.com\/fr\/wp-json\/wp\/v2\/comments?post=137749"}],"version-history":[{"count":0,"href":"https:\/\/www.europesays.com\/fr\/wp-json\/wp\/v2\/posts\/137749\/revisions"}],"wp:featuredmedia":[{"embeddable":true,"href":"https:\/\/www.europesays.com\/fr\/wp-json\/wp\/v2\/media\/137750"}],"wp:attachment":[{"href":"https:\/\/www.europesays.com\/fr\/wp-json\/wp\/v2\/media?parent=137749"}],"wp:term":[{"taxonomy":"category","embeddable":true,"href":"https:\/\/www.europesays.com\/fr\/wp-json\/wp\/v2\/categories?post=137749"},{"taxonomy":"post_tag","embeddable":true,"href":"https:\/\/www.europesays.com\/fr\/wp-json\/wp\/v2\/tags?post=137749"}],"curies":[{"name":"wp","href":"https:\/\/api.w.org\/{rel}","templated":true}]}}