{"id":137763,"date":"2025-05-29T21:44:13","date_gmt":"2025-05-29T21:44:13","guid":{"rendered":"https:\/\/www.europesays.com\/fr\/137763\/"},"modified":"2025-05-29T21:44:13","modified_gmt":"2025-05-29T21:44:13","slug":"breakdance-8-mois-apres-les-jo-les-championnats-de-france-arrivent-a-toulouse","status":"publish","type":"post","link":"https:\/\/www.europesays.com\/fr\/137763\/","title":{"rendered":"Breakdance. 8 mois apr\u00e8s les JO, les Championnats de France arrivent \u00e0 Toulouse"},"content":{"rendered":"<p>            Par<br \/>\n        <strong><br \/>\n            <a href=\"https:\/\/actu.fr\/auteur\/ancelin-emeryhenriot\" title=\"Consulter tous les articles de Ancelin Emery-Henriot\" target=\"_blank\" rel=\"noopener\">Ancelin Emery-Henriot<\/a><br \/>\n        <\/strong><\/p>\n<p>        Publi\u00e9 le<\/p>\n<p>            29 mai 2025 \u00e0 18h10        <\/p>\n<p>C\u2019est in\u00e9dit \u00e0 <a href=\"https:\/\/actu.fr\/toulouse\/\" target=\"_blank\" rel=\"noopener\">Toulouse<\/a>. La Ville rose va accueillir les cinqui\u00e8mes <strong>championnats de France<\/strong> de breaking. Alors qu\u2019elle est devenue olympique en 2024, <strong>le gratin<\/strong> des athl\u00e8tes de la discipline s\u2019affrontera ce samedi 31 mai 2025, au petit palais des sports, \u00e0 partir de 19 h 30.<\/p>\n<p>Avant-gardisme<\/p>\n<p class=\" wall-content\">Plus pr\u00e9cis\u00e9ment les <strong>8 meilleurs<\/strong> des cat\u00e9gories adultes et moins de 16 ans, hommes et femmes, pour un total de 32 sportifs. Les joutes s\u2019effectueront en 1 contre 1 sous l\u2019\u0153il de juges f\u00e9d\u00e9raux. <strong>Abdul Djouhri<\/strong>, figure du break dans les ann\u00e9es 80-90, et membre de l\u2019organisation de l\u2019\u00e9v\u00e9nement, pr\u00e9cise que les danseurs seront notamment d\u00e9partag\u00e9s sur <strong>leur style<\/strong>, leur pr\u00e9sence, <strong>le message<\/strong> qu\u2019ils v\u00e9hiculent, ainsi que la musicalit\u00e9 et la difficult\u00e9 technique de leur prestation.\u00a0<\/p>\n<p class=\" wall-content\">Une comp\u00e9tition qui arrive pour la premi\u00e8re fois \u00e0 Toulouse, choix <strong>logique<\/strong> pour <strong>Djillali Lahiani<\/strong>, adjoint au maire en charge de la culture urbaine : \u201cToulouse est une ville jeune, qui a toujours \u00e9t\u00e9 <strong>pr\u00e9curseur<\/strong> dans ce domaine.\u201d\u00a0 Des propos appuy\u00e9s par Abdul Djouhri : \u201cOn a la chance d\u2019\u00eatre une r\u00e9gion pionni\u00e8re du mouvement hip hop et du break. On a, par exemple, le <strong>premier Z\u00e9nith de France<\/strong> \u00e0 avoir organis\u00e9 un \u00e9v\u00e9nement autour de cette culture en son sein.\u201d<\/p>\n<p>    <img   decoding=\"async\" loading=\"lazy\" src=\"https:\/\/www.europesays.com\/fr\/wp-content\/uploads\/2025\/05\/championnats-de-france-de-break-960x640.jpeg\" alt=\"De gauche \u00e0 droite : Charles Ferreira, Djillali Lahiani et Abdul Djouhri, lors de la pr\u00e9senation de l'\u00e9v\u00e9nement\" width=\"960\" height=\"640\"\/><br \/>\n    De gauche \u00e0 droite : Charles Ferreira, Djillali Lahiani et Abdul Djouhri, lors de la pr\u00e9senation de l\u2019\u00e9v\u00e9nement (\u00a9Ancelin Emery \/ Actu Toulouse)Ville de break<\/p>\n<p class=\" wall-content\">Un <strong>avant-gardisme<\/strong> qui permet aujourd\u2019hui \u00e0 la Cit\u00e9 des violettes d\u2019\u00eatre une <strong>place-forte<\/strong> de ce sport. \u201cCela r\u00e9sulte de la politique men\u00e9e par la mairie\u201d, pr\u00e9cise l\u2019adjoint au maire. Il pr\u00e9cise : \u201cOn continue \u00e0 investir pour qu\u2019elle le reste.\u201d En effet, sur les 1,2 million d\u2019euros investi par la municipalit\u00e9 dans la culture urbaine, plus de <strong>600 000<\/strong> reviennent au d\u00e9veloppement de la discipline. La ville peut \u00e9galement compter sur \u201cdizaines d\u2019associations\u201d qui permettent l\u2019organisation d\u2019\u00e9v\u00e9nements \u201c<strong>chaque semaine<\/strong>\u201d, selon les propos de <strong>Djillali Lahiani<\/strong>.\u00a0<\/p>\n<p>Vid\u00e9os : en ce moment sur Actu<\/p>\n<p class=\" wall-content\">Mais malgr\u00e9 cela, Toulouse reste une zone assez <strong>en marge<\/strong> des institutions qui chapeautent la discipline. \u201cOn avait r\u00e9ussi \u00e0 facilement rallier plusieurs r\u00e9gions, \u00e7a n\u2019a pas \u00e9t\u00e9 le cas \u00e0 ici\u201d, donne <strong>Charles Ferreira<\/strong>, pr\u00e9sident de la f\u00e9d\u00e9ration fran\u00e7aise de danse. Il d\u00e9veloppe : \u201cIl y avait pas mal d\u2019acteurs r\u00e9ticents \u00e0 l\u2019institutionnalisation de cet art. Ils avaient peur que \u00e7a devienne trop sportif, <strong>trop comp\u00e9titif<\/strong>, que la culture hip-hop <strong>se perde<\/strong>.\u201d Une situation qui a selon lui \u00e9t\u00e9 un frein. \u201cJ\u2019ai l\u2019impression que certains profils ne se sont pas r\u00e9v\u00e9l\u00e9s \u00e0 cause de ces r\u00e9serves\u201d, affirme-t-il.<\/p>\n<p>La jeunesse bient\u00f4t au pouvoir<\/p>\n<p class=\" wall-content\">En effet, le pr\u00e9sident confie que l\u2019\u00e9cosyst\u00e8me toulousain reste pour le moment <strong>inf\u00e9rieur \u00e0 d\u2019autres<\/strong> lieux lors des comp\u00e9titions, le Languedoc-Roussillon notamment. Cependant, tout ne semble pas noir. <strong>Djillali Lahiani<\/strong> promet : \u201cOn a pour ambition de faire r\u00e9ussir nos jeunes. On veut les accompagner afin de <strong>les faire rayonner.<\/strong>\u201d Un travail qui paye. \u201cIl y a des athl\u00e8tes en cat\u00e9gories juniors qui sont vraiment bons et qui pourraient arriver\u201d, offre <strong>Charles Ferreira<\/strong> avec espoir.\u00a0<\/p>\n<p><strong>Infos Pratiques<br \/><\/strong>Petit Palais des Sports, 4 Rue Pierre Laplace \u00e0 Toulouse.<br \/>\nBilleterie d\u00e9j\u00e0 disponible <a href=\"https:\/\/my.weezevent.com\/championnat-de-france-de-breaking\" target=\"_blank\" rel=\"noopener\">en ligne<\/a>, tarif allant de 6 \u00e0 10 \u20ac, gratuit pour les moins de 10 ans.<\/p>\n<p class=\" wall-content\">Suivez toute l\u2019actualit\u00e9 de vos villes et m\u00e9dias favoris en vous inscrivant \u00e0 <a href=\"https:\/\/moncompte.actu.fr\" title=\"D\u00e9couvez Mon Actu\" rel=\"nofollow noopener\" data-trk=\"{&quot;cta&quot;:{&quot;action&quot;:&quot;https:\\\/\\\/moncompte.actu.fr&quot;,&quot;category&quot;:&quot;mon compte&quot;,&quot;from&quot;:&quot;article footer&quot;,&quot;name&quot;:&quot;Mon actu&quot;,&quot;type&quot;:&quot;cta&quot;}}\" target=\"_blank\">Mon Actu<\/a>.<\/p>\n<ul class=\"ac-article-tag wall-content\">\n<li><a href=\"https:\/\/actu.fr\/tag\/danse\" data-trk=\"{&quot;cta&quot;:{&quot;action&quot;:&quot;Danse&quot;,&quot;category&quot;:&quot;tag&quot;,&quot;from&quot;:&quot;article footer&quot;,&quot;name&quot;:&quot;Danse&quot;,&quot;type&quot;:&quot;cta&quot;}}\" target=\"_blank\" rel=\"noopener\">#Danse<\/a><\/li>\n<li><a href=\"https:\/\/actu.fr\/tag\/sortir-a-toulouse\" data-trk=\"{&quot;cta&quot;:{&quot;action&quot;:&quot;Sortir \\u00e0 Toulouse&quot;,&quot;category&quot;:&quot;tag&quot;,&quot;from&quot;:&quot;article footer&quot;,&quot;name&quot;:&quot;Sortir \\u00e0 Toulouse&quot;,&quot;type&quot;:&quot;cta&quot;}}\" target=\"_blank\" rel=\"noopener\">#Sortir \u00e0 Toulouse<\/a><\/li>\n<\/ul>\n","protected":false},"excerpt":{"rendered":"Par Ancelin Emery-Henriot Publi\u00e9 le 29 mai 2025 \u00e0 18h10 C\u2019est in\u00e9dit \u00e0 Toulouse. La Ville rose va&hellip;\n","protected":false},"author":2,"featured_media":137764,"comment_status":"","ping_status":"","sticky":false,"template":"","format":"standard","meta":{"footnotes":""},"categories":[2816],"tags":[1111,11,5972,1777,674,1011,27,12,2680,25,1341,60,2312],"class_list":{"0":"post-137763","1":"post","2":"type-post","3":"status-publish","4":"format-standard","5":"has-post-thumbnail","7":"category-toulouse","8":"tag-actu","9":"tag-actualites","10":"tag-danse","11":"tag-eu","12":"tag-europe","13":"tag-fr","14":"tag-france","15":"tag-news","16":"tag-occitanie","17":"tag-republique-francaise","18":"tag-sortir-a-toulouse","19":"tag-sports","20":"tag-toulouse"},"share_on_mastodon":{"url":"https:\/\/pubeurope.com\/@fr\/114593311259906454","error":""},"_links":{"self":[{"href":"https:\/\/www.europesays.com\/fr\/wp-json\/wp\/v2\/posts\/137763","targetHints":{"allow":["GET"]}}],"collection":[{"href":"https:\/\/www.europesays.com\/fr\/wp-json\/wp\/v2\/posts"}],"about":[{"href":"https:\/\/www.europesays.com\/fr\/wp-json\/wp\/v2\/types\/post"}],"author":[{"embeddable":true,"href":"https:\/\/www.europesays.com\/fr\/wp-json\/wp\/v2\/users\/2"}],"replies":[{"embeddable":true,"href":"https:\/\/www.europesays.com\/fr\/wp-json\/wp\/v2\/comments?post=137763"}],"version-history":[{"count":0,"href":"https:\/\/www.europesays.com\/fr\/wp-json\/wp\/v2\/posts\/137763\/revisions"}],"wp:featuredmedia":[{"embeddable":true,"href":"https:\/\/www.europesays.com\/fr\/wp-json\/wp\/v2\/media\/137764"}],"wp:attachment":[{"href":"https:\/\/www.europesays.com\/fr\/wp-json\/wp\/v2\/media?parent=137763"}],"wp:term":[{"taxonomy":"category","embeddable":true,"href":"https:\/\/www.europesays.com\/fr\/wp-json\/wp\/v2\/categories?post=137763"},{"taxonomy":"post_tag","embeddable":true,"href":"https:\/\/www.europesays.com\/fr\/wp-json\/wp\/v2\/tags?post=137763"}],"curies":[{"name":"wp","href":"https:\/\/api.w.org\/{rel}","templated":true}]}}