{"id":137773,"date":"2025-05-29T21:50:24","date_gmt":"2025-05-29T21:50:24","guid":{"rendered":"https:\/\/www.europesays.com\/fr\/137773\/"},"modified":"2025-05-29T21:50:24","modified_gmt":"2025-05-29T21:50:24","slug":"la-suppression-des-zfe-votee-a-lassemblee-nationale-lamendement-visant-a-exclure-lyon-a-ete-rejete","status":"publish","type":"post","link":"https:\/\/www.europesays.com\/fr\/137773\/","title":{"rendered":"La suppression des ZFE vot\u00e9e \u00e0 l&rsquo;Assembl\u00e9e nationale, l&rsquo;amendement visant \u00e0 exclure Lyon a \u00e9t\u00e9 rejet\u00e9"},"content":{"rendered":"<p>La suppression des ZFE vot\u00e9e \u00e0 l&rsquo;Assembl\u00e9e nationale, l&rsquo;amendement visant \u00e0 exclure Lyon a \u00e9t\u00e9 rejet\u00e9 &#8211; LyonMag<\/p>\n<p itemprop=\"description\"><strong>Ce n&rsquo;est pas la mort des Zones \u00e0 faibles \u00e9missions (ZFE) en France. Mais c&rsquo;est un premier clou dans le cercueil qui a \u00e9t\u00e9 enfonc\u00e9 ce mercredi soir par les d\u00e9put\u00e9s.<\/strong><\/p>\n<p>Contre l&rsquo;avis du gouvernement, les d\u00e9put\u00e9s RN, LFI, LR et m\u00eame certains macronistes ont adopt\u00e9 un article (98 voix \u00ab\u00a0pour\u00a0\u00bb, 51 \u00ab\u00a0contre\u00a0\u00bb) visant \u00e0 supprimer les ZFE, ces zones dans lesquelles les voitures trop polluantes n&rsquo;ont pas le droit de circuler ou de stationner.<\/p>\n<p>Cela concerne toutes les ZFE du pays, y compris celles de Lyon et de Paris que le gouvernement a tent\u00e9 d&rsquo;exclure du processus enclench\u00e9 par les parlementaires de l&rsquo;opposition. Son amendement, qui aurait permis aux villes d&rsquo;appliquer ou non la ZFE, sauf \u00e0 Lyon et Paris o\u00f9 elles seraient rest\u00e9es obligatoires, a \u00e9t\u00e9 rejet\u00e9 par les d\u00e9put\u00e9s.<\/p>\n<p>Mais ce n&rsquo;est qu&rsquo;une toute premi\u00e8re \u00e9tape avant de pouvoir imaginer rouvrir Lyon aux v\u00e9hicules Crit&rsquo;Air 3, 4 et 5.<\/p>\n<p>Car ce vote de mercredi s&rsquo;inscrit dans le cadre de l&rsquo;examen du projet de loi de simplification de la vie \u00e9conomique. Or, il reste plus de 600 amendements \u00e0 \u00e9tudier dans l&rsquo;h\u00e9micycle, puis il faudra voter le projet de loi dans son int\u00e9gralit\u00e9.<\/p>\n<p>Si jamais l&rsquo;opposition r\u00e9ussissait son coup au terme de ces longues semaines, il faudrait ensuite trouver un compromis avec le S\u00e9nat. Il reviendrait \u00e0 une commission mixte paritaire de d\u00e9cider s&rsquo;il faut, oui ou non, dire adieu aux ZFE en conservant l&rsquo;article 15 ter gliss\u00e9 dans le projet de loi.<\/p>\n<p>Et l\u00e0 encore, si la commission approuvait, le Conseil constitutionnel pourrait censurer la fin des ZFE, s&rsquo;il venait \u00e0 estimer que l&rsquo;article n&rsquo;a pas beaucoup de lien avec le texte initial.<\/p>\n<p>A Lyon, LR et LFI ont c\u00e9l\u00e9br\u00e9 la m\u00eame \u00ab\u00a0victoire\u00a0\u00bb. Ce qui est assez rare pour \u00eatre soulign\u00e9.<\/p>\n<blockquote class=\"twitter-tweet\"><p>&#13;<\/p>\n<p dir=\"ltr\" lang=\"fr\">\u2705 Victoire : les ZFE recal\u00e9es !<\/p>\n<p>Nous sommes les seul\u00b7es \u00e0 dire NON d\u00e8s 2019.<\/p>\n<p>On se bat aujourd\u2019hui et toujours pour une \u00e9cologie populaire, juste et accessible \u00e0 tous et toutes ! <a href=\"https:\/\/t.co\/RGHxuuLFKt\">pic.twitter.com\/RGHxuuLFKt<\/a><\/p>\n<p>&#13;<br \/>\n\u2014 Ana\u00efs Belouassa Cherifi (@BelouassaAnais) <a href=\"https:\/\/twitter.com\/BelouassaAnais\/status\/1927849524208267505?ref_src=twsrc%5Etfw\" target=\"_blank\" rel=\"noopener\">May 28, 2025<\/a><\/p><\/blockquote>\n<blockquote class=\"twitter-tweet\"><p>&#13;<\/p>\n<p dir=\"ltr\" lang=\"fr\">\ud83d\udea8L\u2019article 15 TER du projet de loi Simplification qui vient supprimer les <a href=\"https:\/\/twitter.com\/hashtag\/ZFE?src=hash&amp;ref_src=twsrc%5Etfw\" target=\"_blank\" rel=\"noopener\">#ZFE<\/a> a \u00e9t\u00e9 adopt\u00e9 \u00e0 la majorit\u00e9 absolue \u00e0 l\u2019<a href=\"https:\/\/twitter.com\/AssembleeNat?ref_src=twsrc%5Etfw\" target=\"_blank\" rel=\"noopener\">@AssembleeNat<\/a> !<\/p>\n<p>Une vraie victoire dans notre combat pour dire STOP \u00e0 ces zones de forte exclusion qui viennent \u00e9carter de nos Villes des milliers de personnes! <a href=\"https:\/\/t.co\/u1qLHKmTfa\">pic.twitter.com\/u1qLHKmTfa<\/a><\/p>\n<p>&#13;<br \/>\n\u2014 Bastien Joint (@BastienJoint) <a href=\"https:\/\/twitter.com\/BastienJoint\/status\/1927832057335439551?ref_src=twsrc%5Etfw\" target=\"_blank\" rel=\"noopener\">May 28, 2025<\/a><\/p><\/blockquote>\n<p>\t\t  <script async src=\"https:\/\/platform.twitter.com\/widgets.js\" charset=\"utf-8\"><\/script><\/p>\n","protected":false},"excerpt":{"rendered":"La suppression des ZFE vot\u00e9e \u00e0 l&rsquo;Assembl\u00e9e nationale, l&rsquo;amendement visant \u00e0 exclure Lyon a \u00e9t\u00e9 rejet\u00e9 &#8211; LyonMag&hellip;\n","protected":false},"author":2,"featured_media":137774,"comment_status":"","ping_status":"","sticky":false,"template":"","format":"standard","meta":{"footnotes":""},"categories":[1889],"tags":[1111,11,2813,2190,2430,1109,251,1112,2811,1777,674,118,1011,27,1922,1110,1114,2428,2810,12,241,316,25,2812,517,800],"class_list":{"0":"post-137773","1":"post","2":"type-post","3":"status-publish","4":"format-standard","5":"has-post-thumbnail","7":"category-lyon","8":"tag-actu","9":"tag-actualites","10":"tag-article","11":"tag-asvel","12":"tag-auvergne-rhone-alpes","13":"tag-breves","14":"tag-culture","15":"tag-depeches","16":"tag-economique","17":"tag-eu","18":"tag-europe","19":"tag-faits-divers","20":"tag-fr","21":"tag-france","22":"tag-info","23":"tag-informations","24":"tag-infos","25":"tag-lyon","26":"tag-lyonmag","27":"tag-news","28":"tag-ol","29":"tag-politique","30":"tag-republique-francaise","31":"tag-sociale","32":"tag-sport","33":"tag-transports"},"share_on_mastodon":{"url":"https:\/\/pubeurope.com\/@fr\/114593334761721169","error":""},"_links":{"self":[{"href":"https:\/\/www.europesays.com\/fr\/wp-json\/wp\/v2\/posts\/137773","targetHints":{"allow":["GET"]}}],"collection":[{"href":"https:\/\/www.europesays.com\/fr\/wp-json\/wp\/v2\/posts"}],"about":[{"href":"https:\/\/www.europesays.com\/fr\/wp-json\/wp\/v2\/types\/post"}],"author":[{"embeddable":true,"href":"https:\/\/www.europesays.com\/fr\/wp-json\/wp\/v2\/users\/2"}],"replies":[{"embeddable":true,"href":"https:\/\/www.europesays.com\/fr\/wp-json\/wp\/v2\/comments?post=137773"}],"version-history":[{"count":0,"href":"https:\/\/www.europesays.com\/fr\/wp-json\/wp\/v2\/posts\/137773\/revisions"}],"wp:featuredmedia":[{"embeddable":true,"href":"https:\/\/www.europesays.com\/fr\/wp-json\/wp\/v2\/media\/137774"}],"wp:attachment":[{"href":"https:\/\/www.europesays.com\/fr\/wp-json\/wp\/v2\/media?parent=137773"}],"wp:term":[{"taxonomy":"category","embeddable":true,"href":"https:\/\/www.europesays.com\/fr\/wp-json\/wp\/v2\/categories?post=137773"},{"taxonomy":"post_tag","embeddable":true,"href":"https:\/\/www.europesays.com\/fr\/wp-json\/wp\/v2\/tags?post=137773"}],"curies":[{"name":"wp","href":"https:\/\/api.w.org\/{rel}","templated":true}]}}