{"id":137785,"date":"2025-05-29T21:58:10","date_gmt":"2025-05-29T21:58:10","guid":{"rendered":"https:\/\/www.europesays.com\/fr\/137785\/"},"modified":"2025-05-29T21:58:10","modified_gmt":"2025-05-29T21:58:10","slug":"zaour-gourtsiev-veteran-dukraine-et-maire-adjoint-de-stavropol-tue-dans-une-explosion","status":"publish","type":"post","link":"https:\/\/www.europesays.com\/fr\/137785\/","title":{"rendered":"Zaour Gourtsiev, v\u00e9t\u00e9ran d\u2019Ukraine et maire adjoint de Stavropol, tu\u00e9 dans une explosion"},"content":{"rendered":"<p>Est-ce un nouvel assassinat cibl\u00e9 de l\u2019Ukraine en Russie ? En tout cas, Kiev est silencieux et les autorit\u00e9s russes se bornent \u00e0 pr\u00e9ciser \u00ab ne pas exclure cette hypoth\u00e8se \u00bb. Elles font simplement \u00e9tat \u00e0 ce stade de la mort d\u2019un ancien combattant de \u00ab l\u2019op\u00e9ration sp\u00e9ciale \u00bb dans une explosion \u00e0 Stavropol. Et pas n&rsquo;importe lequel Zaour Gourtsiev avait \u00e9t\u00e9 d\u00e9cor\u00e9 pour son r\u00f4le dans la bataille de Marioupol.<\/p>\n<p>De notre correspondante \u00e0 Moscou,<\/p>\n<p>C\u2019est le maire de Stavropol, ville situ\u00e9e dans le sud-ouest de la Russie, qui a annonc\u00e9 la mort de Zaour Gourtsiev, tu\u00e9 selon les autorit\u00e9s dans l&rsquo;explosion nocturne d&rsquo;une grenade. Logique sur le papier : cet ancien officier de 34 ans \u00e9tait son premier adjoint depuis septembre dernier.<\/p>\n<p>Reste que Zaour Gourtsiev devait cette promotion en politique \u00e0 un programme qui a toutes les attentions de Vladimir Poutine en personne. Baptis\u00e9e \u00ab le Temps des h\u00e9ros\u00bb, cette \u00e9cole lanc\u00e9e par l&rsquo;administration pr\u00e9sidentielle s\u00e9lectionne par concours des v\u00e9t\u00e9rans de la guerre en Ukraine pour les former \u00e0 devenir l\u2019\u00e9lite politique et administratif de la Russie. Un programme national a vu le jour l\u2019ann\u00e9e derni\u00e8re, compl\u00e9t\u00e9 depuis janvier par des promotions r\u00e9gionales, \u00e0 la demande du chef de l\u2019\u00c9tat russe en d\u00e9cembre dernier.<\/p>\n<p>Sa participation \u00e0 la prise de Marioupol puis \u00e0 celle d&rsquo;<a href=\"https:\/\/www.rfi.fr\/fr\/europe\/20240823-guerre-en-ukraine-russie-ville-prokovsk-donbass-centre-combats-prochaine-avdiivka\" rel=\"nofollow noopener\" target=\"_blank\" data-ylk=\"slk:Avdiivka;elm:context_link;itc:0;sec:content-canvas\" class=\"link \">Avdiivka <\/a>l&rsquo;ann\u00e9e suivante avaient valu \u00e0 Zaour Gourtsiev plusieurs d\u00e9corations officielles, dont celle de \u00ab l\u2019ordre du courage \u00bb.<\/p>\n<p><a href=\"https:\/\/www.rfi.fr\/fr\/europe\/20250529-russie-zaour-gourtsiev-v%C3%A9t%C3%A9ran-d-ukraine-et-maire-adjoint-de-stavropol-tu%C3%A9-dans-une-explosion\" rel=\"nofollow noopener\" target=\"_blank\" data-ylk=\"slk:Lire la suite sur RFI;elm:context_link;itc:0;sec:content-canvas\" class=\"link \">Lire la suite sur RFI<\/a><\/p>\n","protected":false},"excerpt":{"rendered":"Est-ce un nouvel assassinat cibl\u00e9 de l\u2019Ukraine en Russie ? En tout cas, Kiev est silencieux et les&hellip;\n","protected":false},"author":2,"featured_media":137786,"comment_status":"","ping_status":"","sticky":false,"template":"","format":"standard","meta":{"footnotes":""},"categories":[1590],"tags":[11,26417,1777,674,2489,11251,12,220,135,26416],"class_list":{"0":"post-137785","1":"post","2":"type-post","3":"status-publish","4":"format-standard","5":"has-post-thumbnail","7":"category-ukraine","8":"tag-actualites","9":"tag-ancien-combattant","10":"tag-eu","11":"tag-europe","12":"tag-la-russie","13":"tag-marioupol","14":"tag-news","15":"tag-ukraine","16":"tag-vladimir-poutine","17":"tag-zaour-gourtsiev"},"share_on_mastodon":{"url":"https:\/\/pubeurope.com\/@fr\/114593366266261583","error":""},"_links":{"self":[{"href":"https:\/\/www.europesays.com\/fr\/wp-json\/wp\/v2\/posts\/137785","targetHints":{"allow":["GET"]}}],"collection":[{"href":"https:\/\/www.europesays.com\/fr\/wp-json\/wp\/v2\/posts"}],"about":[{"href":"https:\/\/www.europesays.com\/fr\/wp-json\/wp\/v2\/types\/post"}],"author":[{"embeddable":true,"href":"https:\/\/www.europesays.com\/fr\/wp-json\/wp\/v2\/users\/2"}],"replies":[{"embeddable":true,"href":"https:\/\/www.europesays.com\/fr\/wp-json\/wp\/v2\/comments?post=137785"}],"version-history":[{"count":0,"href":"https:\/\/www.europesays.com\/fr\/wp-json\/wp\/v2\/posts\/137785\/revisions"}],"wp:featuredmedia":[{"embeddable":true,"href":"https:\/\/www.europesays.com\/fr\/wp-json\/wp\/v2\/media\/137786"}],"wp:attachment":[{"href":"https:\/\/www.europesays.com\/fr\/wp-json\/wp\/v2\/media?parent=137785"}],"wp:term":[{"taxonomy":"category","embeddable":true,"href":"https:\/\/www.europesays.com\/fr\/wp-json\/wp\/v2\/categories?post=137785"},{"taxonomy":"post_tag","embeddable":true,"href":"https:\/\/www.europesays.com\/fr\/wp-json\/wp\/v2\/tags?post=137785"}],"curies":[{"name":"wp","href":"https:\/\/api.w.org\/{rel}","templated":true}]}}