{"id":137787,"date":"2025-05-29T21:59:10","date_gmt":"2025-05-29T21:59:10","guid":{"rendered":"https:\/\/www.europesays.com\/fr\/137787\/"},"modified":"2025-05-29T21:59:10","modified_gmt":"2025-05-29T21:59:10","slug":"usa-trump-sentretient-avec-powell-deplore-lerreur-de-la-fed-de-ne-pas-reduire-les-taux-29-05-2025-a-2054","status":"publish","type":"post","link":"https:\/\/www.europesays.com\/fr\/137787\/","title":{"rendered":"USA-Trump s&rsquo;entretient avec Powell, d\u00e9plore l&rsquo;erreur de la Fed de ne pas r\u00e9duire les taux &#8211; 29\/05\/2025 \u00e0 20:54"},"content":{"rendered":"<p>\n (Actualis\u00e9 tout du long avec Maison blanche, pr\u00e9cisions; photo<br \/>\n\u00e0 disposition)\n<\/p>\n<p>\n Le pr\u00e9sident am\u00e9ricain<br \/>\nDonald Trump a re\u00e7u en priv\u00e9 jeudi le pr\u00e9sident de la R\u00e9serve<br \/>\nf\u00e9d\u00e9rale (Fed), Jerome Powell, aupr\u00e8s duquel il a soulign\u00e9 que<br \/>\nc&rsquo;\u00e9tait une \u00ab\u00a0erreur\u00a0\u00bb de ne pas r\u00e9duire les taux d&rsquo;int\u00e9r\u00eat, a<br \/>\nrapport\u00e9 la Maison blanche.\n<\/p>\n<p>\n Donald Trump a ainsi exprim\u00e9 en face \u00e0 face une opinion<br \/>\nqu&rsquo;il a fait conna\u00eetre et r\u00e9p\u00e9t\u00e9e publiquement ces derniers<br \/>\nmois. Jerome Powell a pris pour habitude de s&rsquo;abstenir de<br \/>\ncommenter les propos du pr\u00e9sident am\u00e9ricain, sinon pour d\u00e9clarer<br \/>\nque le r\u00f4le de la Fed \u00e9tait de prot\u00e9ger l&rsquo;\u00e9conomie sans tenir<br \/>\ncompte de la politique.\n<\/p>\n<p>\n Au cours de leur r\u00e9union, organis\u00e9e \u00e0 l&rsquo;initiative de<br \/>\nDonald Trump, plusieurs points \u00e9conomiques, dont la croissance,<br \/>\nl&#8217;emploi et l&rsquo;inflation, ont \u00e9t\u00e9 discut\u00e9s, a d\u00e9clar\u00e9 la banque<br \/>\ncentrale am\u00e9ricaine dans un communiqu\u00e9.\n<\/p>\n<p>\n S&rsquo;exprimant par la suite devant des journalistes, la<br \/>\nporte-parole de la Maison blanche a d\u00e9clar\u00e9 que Donald Trump et<br \/>\nelle-m\u00eame avaient pris connaissance du communiqu\u00e9 de la Fed.\n<\/p>\n<p>\n \u00ab\u00a0Ce communiqu\u00e9 est correct\u00a0\u00bb, a dit Karoline Leavitt.<br \/>\n\u00ab\u00a0Toutefois, le pr\u00e9sident a dit penser que le pr\u00e9sident de la Fed<br \/>\ncommettait une erreur en ne r\u00e9duisant pas les taux d&rsquo;int\u00e9r\u00eat, ce<br \/>\nqui nous met en d\u00e9savantage \u00e9conomique par rapport \u00e0 la Chine et<br \/>\nd&rsquo;autres pays\u00a0\u00bb, a-t-elle ajout\u00e9.\n<\/p>\n<p>\n Donald Trump s&rsquo;en est pris \u00e0 plusieurs reprises \u00e0 Jerome<br \/>\nPowell par le pass\u00e9, lui reprochant de ne pas baisser les taux<br \/>\nd&rsquo;int\u00e9r\u00eat, et a exprim\u00e9 son d\u00e9sir que Powell ne soit plus \u00e0 la<br \/>\nt\u00eate de la Fed &#8211; un poste auquel Trump l&rsquo;a nomm\u00e9 au cours de son<br \/>\npremier mandat \u00e0 la Maison blanche, avant que Joe Biden ne<br \/>\nconfirme Powell pour un deuxi\u00e8me mandat comme patron de la Fed.\n<\/p>\n<p>\n Le pr\u00e9sident am\u00e9ricain a r\u00e9cemment att\u00e9nu\u00e9 ses propos,<br \/>\nd\u00e9clarant n&rsquo;avoir aucune attention de limoger Jerome Powell.<br \/>\nCette hypoth\u00e8se a toutefois secou\u00e9 les march\u00e9s financiers, qui<br \/>\ncomptent sur l&rsquo;ind\u00e9pendance de la Fed dans ses d\u00e9cisions.\n<\/p>\n<p>\n Durant leur rencontre jeudi, Jerome Powell n&rsquo;a pas<br \/>\n\u00e9voqu\u00e9 \u00ab\u00a0ses attentes pour la politique mon\u00e9taire, \u00e0 part pour<br \/>\nsouligner que la voie \u00e0 suivre d\u00e9pendra enti\u00e8rement des<br \/>\ninformations \u00e9conomiques \u00e0 venir et de ce que cela signifie pour<br \/>\nles perspectives\u00a0\u00bb, a d\u00e9clar\u00e9 la Fed dans son communiqu\u00e9.\n<\/p>\n<p>\n A l&rsquo;issue de sa derni\u00e8re r\u00e9union de politique mon\u00e9taire,<br \/>\nplus t\u00f4t ce mois-ci, la banque centrale am\u00e9ricaine n&rsquo;a pas<br \/>\nmodifi\u00e9 ses taux directeurs, citant la n\u00e9cessit\u00e9 de d\u00e9terminer<br \/>\npleinement les r\u00e9percussions de la nouvelle politique<br \/>\ncommerciale de l&rsquo;administration Trump.\n<\/p>\n<p>\n Plusieurs responsables de la Fed ont laiss\u00e9 entendre<br \/>\nr\u00e9cemment que la politique mon\u00e9taire actuelle pourrait \u00eatre<br \/>\nprolong\u00e9e encore plusieurs mois.\n<\/p>\n<p>\n (Doina Chiacu, Gram Slatterly et Trevor Hunnicutt; version<br \/>\nfran\u00e7aise Jean Terzian)<\/p>\n","protected":false},"excerpt":{"rendered":"(Actualis\u00e9 tout du long avec Maison blanche, pr\u00e9cisions; photo \u00e0 disposition) Le pr\u00e9sident am\u00e9ricain Donald Trump a re\u00e7u&hellip;\n","protected":false},"author":2,"featured_media":2486,"comment_status":"","ping_status":"","sticky":false,"template":"","format":"standard","meta":{"footnotes":""},"categories":[1589],"tags":[400,11,398,408,405,73,1866,403,402,399,404,12,401,406,1864,1865,1863,308,407],"class_list":{"0":"post-137787","1":"post","2":"type-post","3":"status-publish","4":"format-standard","5":"has-post-thumbnail","7":"category-etats-unis","8":"tag-action-cac-40","9":"tag-actualites","10":"tag-bourse-de-paris","11":"tag-boursorama","12":"tag-cotations","13":"tag-etats-unis","14":"tag-etats-unis-damerique","15":"tag-indices-devises","16":"tag-investir","17":"tag-investissement","18":"tag-marche-boursier","19":"tag-news","20":"tag-sicav","21":"tag-trackers","22":"tag-united-states","23":"tag-united-states-of-america","24":"tag-us","25":"tag-usa","26":"tag-warrants"},"share_on_mastodon":{"url":"https:\/\/pubeurope.com\/@fr\/114593370172966964","error":""},"_links":{"self":[{"href":"https:\/\/www.europesays.com\/fr\/wp-json\/wp\/v2\/posts\/137787","targetHints":{"allow":["GET"]}}],"collection":[{"href":"https:\/\/www.europesays.com\/fr\/wp-json\/wp\/v2\/posts"}],"about":[{"href":"https:\/\/www.europesays.com\/fr\/wp-json\/wp\/v2\/types\/post"}],"author":[{"embeddable":true,"href":"https:\/\/www.europesays.com\/fr\/wp-json\/wp\/v2\/users\/2"}],"replies":[{"embeddable":true,"href":"https:\/\/www.europesays.com\/fr\/wp-json\/wp\/v2\/comments?post=137787"}],"version-history":[{"count":0,"href":"https:\/\/www.europesays.com\/fr\/wp-json\/wp\/v2\/posts\/137787\/revisions"}],"wp:featuredmedia":[{"embeddable":true,"href":"https:\/\/www.europesays.com\/fr\/wp-json\/wp\/v2\/media\/2486"}],"wp:attachment":[{"href":"https:\/\/www.europesays.com\/fr\/wp-json\/wp\/v2\/media?parent=137787"}],"wp:term":[{"taxonomy":"category","embeddable":true,"href":"https:\/\/www.europesays.com\/fr\/wp-json\/wp\/v2\/categories?post=137787"},{"taxonomy":"post_tag","embeddable":true,"href":"https:\/\/www.europesays.com\/fr\/wp-json\/wp\/v2\/tags?post=137787"}],"curies":[{"name":"wp","href":"https:\/\/api.w.org\/{rel}","templated":true}]}}