{"id":137788,"date":"2025-05-29T22:00:14","date_gmt":"2025-05-29T22:00:14","guid":{"rendered":"https:\/\/www.europesays.com\/fr\/137788\/"},"modified":"2025-05-29T22:00:14","modified_gmt":"2025-05-29T22:00:14","slug":"royaume-uni-linfluenceur-andrew-tate-et-son-frere-inculpes-de-viol-et-trafic-detres-humains","status":"publish","type":"post","link":"https:\/\/www.europesays.com\/fr\/137788\/","title":{"rendered":"Royaume-Uni: l\u2019influenceur Andrew Tate et son fr\u00e8re inculp\u00e9s de viol et trafic d\u2019\u00eatres humains"},"content":{"rendered":"<p>L\u2019influenceur masculiniste britannico-am\u00e9ricain Andrew Tate et son fr\u00e8re Tristan ont \u00e9t\u00e9 inculp\u00e9s en janvier 2024 pour viol, trafic d\u2019\u00eatre humains et coups et blessures au Royaume-Uni, a annonc\u00e9 mercredi le bureau du procureur (CPS).<\/p>\n<p>Dix chefs d\u2019inculpation ont \u00e9t\u00e9 retenus \u00e0 l\u2019encontre d\u2019Andrew Tate, y compris celui de \u00abprox\u00e9n\u00e9tisme\u00bb, pour des faits concernant trois victimes pr\u00e9sum\u00e9es. Tristan Tate fait face \u00e0 onze chefs d\u2019inculpation pour des faits concernant une victime pr\u00e9sum\u00e9e.<\/p>\n<p>Les deux hommes sont sous le coup d\u2019un mandat international \u00e9mis par le Royaume-Uni, rappelle le CPS, qui pr\u00e9cise que les faits reproch\u00e9s s\u2019\u00e9tendent entre 2012 et 2015. Il n\u2019a cependant pas donn\u00e9 davantage d\u2019informations. Il n\u2019a pas non plus pr\u00e9cis\u00e9 pourquoi il communiquait plus d\u2019un an apr\u00e8s avoir proc\u00e9d\u00e9 \u00e0 ces inculpations.<\/p>\n<p>Kickboxing et misogynie<\/p>\n<p>Andrew et Tristan Tate sont \u00e9galement poursuivis en Roumanie pour traite d\u2019\u00eatres humains et viol. Ils sont accus\u00e9s d\u2019avoir dup\u00e9 plusieurs femmes \u00e0 des fins d\u2019exploitation sexuelle, y compris des mineures. Fin f\u00e9vrier, ils ont quitt\u00e9 le pays pour les Etats-Unis apr\u00e8s que leur interdiction de quitter le territoire roumain a \u00e9t\u00e9 lev\u00e9e.<\/p>\n<p>Par ailleurs, les autorit\u00e9s p\u00e9nales de Floride ont engag\u00e9 une enqu\u00eate p\u00e9nale \u00e0 leur encontre, disant avoir \u00abune tol\u00e9rance z\u00e9ro pour l\u2019exploitation d\u2019\u00eatres humains et la violence contre les femmes\u00bb.<\/p>\n<p>N\u00e9 aux Etats-Unis d\u2019un p\u00e8re am\u00e9ricain et d\u2019une m\u00e8re britannique, Andrew Tate, qui est un ancien combattant professionnel de kickboxing, a \u00e9t\u00e9 banni d\u2019Instagram et TikTok pour des propos misogynes. Il est aujourd\u2019hui suivi par plus de 10\u00a0millions de personnes sur le r\u00e9seau social X, o\u00f9 il s\u2019exhibe muscles saillants, fumant des cigares et fascinant les adolescents avec ses voitures de luxe.<\/p>\n<p>Il y promeut des th\u00e8ses masculinistes et monnaie ses conseils aux hommes pour les aider \u00e0 devenir riches.<\/p>\n","protected":false},"excerpt":{"rendered":"L\u2019influenceur masculiniste britannico-am\u00e9ricain Andrew Tate et son fr\u00e8re Tristan ont \u00e9t\u00e9 inculp\u00e9s en janvier 2024 pour viol, trafic&hellip;\n","protected":false},"author":2,"featured_media":137789,"comment_status":"","ping_status":"","sticky":false,"template":"","format":"standard","meta":{"footnotes":""},"categories":[1588],"tags":[11,1777,674,4438,303,12,473,1853,1851,1850,1852],"class_list":{"0":"post-137788","1":"post","2":"type-post","3":"status-publish","4":"format-standard","5":"has-post-thumbnail","7":"category-royaume-uni","8":"tag-actualites","9":"tag-eu","10":"tag-europe","11":"tag-free","12":"tag-justice","13":"tag-news","14":"tag-royaume-uni","15":"tag-royaume-uni-de-grande-bretagne-et-dirlande-du-nord","16":"tag-uk","17":"tag-united-kingdom","18":"tag-united-kingdom-of-great-britain-and-northern-ireland"},"share_on_mastodon":{"url":"https:\/\/pubeurope.com\/@fr\/114593374115342489","error":""},"_links":{"self":[{"href":"https:\/\/www.europesays.com\/fr\/wp-json\/wp\/v2\/posts\/137788","targetHints":{"allow":["GET"]}}],"collection":[{"href":"https:\/\/www.europesays.com\/fr\/wp-json\/wp\/v2\/posts"}],"about":[{"href":"https:\/\/www.europesays.com\/fr\/wp-json\/wp\/v2\/types\/post"}],"author":[{"embeddable":true,"href":"https:\/\/www.europesays.com\/fr\/wp-json\/wp\/v2\/users\/2"}],"replies":[{"embeddable":true,"href":"https:\/\/www.europesays.com\/fr\/wp-json\/wp\/v2\/comments?post=137788"}],"version-history":[{"count":0,"href":"https:\/\/www.europesays.com\/fr\/wp-json\/wp\/v2\/posts\/137788\/revisions"}],"wp:featuredmedia":[{"embeddable":true,"href":"https:\/\/www.europesays.com\/fr\/wp-json\/wp\/v2\/media\/137789"}],"wp:attachment":[{"href":"https:\/\/www.europesays.com\/fr\/wp-json\/wp\/v2\/media?parent=137788"}],"wp:term":[{"taxonomy":"category","embeddable":true,"href":"https:\/\/www.europesays.com\/fr\/wp-json\/wp\/v2\/categories?post=137788"},{"taxonomy":"post_tag","embeddable":true,"href":"https:\/\/www.europesays.com\/fr\/wp-json\/wp\/v2\/tags?post=137788"}],"curies":[{"name":"wp","href":"https:\/\/api.w.org\/{rel}","templated":true}]}}