{"id":137797,"date":"2025-05-29T22:05:10","date_gmt":"2025-05-29T22:05:10","guid":{"rendered":"https:\/\/www.europesays.com\/fr\/137797\/"},"modified":"2025-05-29T22:05:10","modified_gmt":"2025-05-29T22:05:10","slug":"leurodeputee-rima-hassan-va-se-rendre-a-gaza-en-bateau-avec-une-celebre-activiste-pour-le-climat","status":"publish","type":"post","link":"https:\/\/www.europesays.com\/fr\/137797\/","title":{"rendered":"L\u2019eurod\u00e9put\u00e9e Rima Hassan va se rendre \u00e0 Gaza en bateau avec une c\u00e9l\u00e8bre activiste pour le climat"},"content":{"rendered":"<p>        <img decoding=\"async\" loading=\"lazy\" src=\"https:\/\/www.europesays.com\/fr\/wp-content\/uploads\/2025\/05\/8f75a5a_1724335911097-000-34w4968.jpg\"  width=\"728\" height=\"409\" alt=\"L\u2019eurod\u00e9put\u00e9e insoumise Rima Hassan photographi\u00e9e \u00e0 La Rotonde Stalingrad, au mois de juin (illustration).\"\/>  <\/p>\n<p>GEOFFROY VAN DER HASSELT \/ AFP<\/p>\n<p>L\u2019eurod\u00e9put\u00e9e insoumise Rima Hassan photographi\u00e9e \u00e0 La Rotonde Stalingrad, au mois de juin (illustration).<\/p>\n<p class=\"asset asset-text\">POLITIQUE &#8211; Un \u00e9quipage plut\u00f4t insolite. L\u2019eurod\u00e9put\u00e9e franco-palestinienne\u00a0<a href=\"https:\/\/www.huffingtonpost.fr\/medias\/article\/rima-hassan-sur-bfmtv-pourquoi-la-chaine-a-coupe-court-a-l-interview-de-l-eurodeputee-lfi_240620.html\" target=\"_blank\" rel=\"noopener\">Rima\u00a0Hassan\u00a0<\/a>a annonc\u00e9, ce jeudi 29\u00a0mai, qu\u2019elle allait embarquer dimanche \u00e0 bord d\u2019un navire humanitaire en direction de\u00a0Gaza\u00a0en compagnie notamment de l\u2019activiste su\u00e9doise Greta Thunberg.<\/p>\n<p class=\"asset asset-text\">\u00ab\u00a0Je serai avec\u00a0Greta Thunberg, l\u2019\u00e9quipage de la Coalition de la flottille pour la libert\u00e9\u00a0\u00bb, un groupement d\u2019ONG qui d\u00e9noncent le blocus de la bande de Gaza, et \u00ab\u00a0d\u2019autres militants\u00a0\u00bb, a expliqu\u00e9 sur X <a href=\"https:\/\/www.huffingtonpost.fr\/politique\/article\/la-france-insoumise-appelle-a-des-manifestations-contre-le-gouvernement-bayrou-et-l-extreme-droite_246133.html\" target=\"_blank\" rel=\"noopener\">l\u2019\u00e9lue LFI<\/a>.<\/p>\n<p class=\"asset asset-text\">En f\u00e9vrier, Rima\u00a0Hassan\u00a0avait \u00e9t\u00e9 refoul\u00e9e \u00e0 <a href=\"https:\/\/www.huffingtonpost.fr\/politique\/article\/israel-interdit-a-rima-hassan-d-entrer-sur-son-territoire-a-cause-de-campagnes-hostiles_246643.html\" target=\"_blank\" rel=\"noopener\">son entr\u00e9e en Isra\u00ebl<\/a>, apr\u00e8s avoir tent\u00e9 d\u2019entrer dans le pays dans le cadre d\u2019une visite d\u2019une d\u00e9l\u00e9gation du Parlement europ\u00e9en.<\/p>\n<p>    \u00ab\u00a0D\u00e9noncer le blocus humanitaire et le g\u00e9nocide\u00a0\u00bb    <\/p>\n<p class=\"asset asset-text\">La mission vise \u00e0 remplir \u00ab\u00a0plusieurs objectifs\u00a0: d\u00e9noncer le blocus humanitaire et le g\u00e9nocide en cours, l\u2019impunit\u00e9 dont b\u00e9n\u00e9ficie l\u2019\u00c9tat d\u2019Isra\u00ebl et de sensibiliser l\u2019opinion mondiale et internationale\u00a0\u00bb, a ajout\u00e9\u00a0Rima\u00a0Hassan, dont les prises de position sur le Proche-Orient ont suscit\u00e9 \u00e0 plusieurs reprises la pol\u00e9mique.<\/p>\n<p class=\"asset asset-text\">D\u00e9but mai, un navire sur lequel la Coalition de la flottille pour la libert\u00e9 esp\u00e9rait r\u00e9cup\u00e9rer des sympathisants, dont Greta Thunberg, \u00e0 Malte, puis se rendre \u00e0 Gaza, avait \u00e9t\u00e9 endommag\u00e9. Les militants avaient dit soup\u00e7onner une attaque de drones isra\u00e9liens.<\/p>\n<p class=\"asset asset-text\">\u00ab\u00a0Pour garantir notre s\u00e9curit\u00e9, mais \u00e9galement le succ\u00e8s de notre mission, nous avons besoin que la mobilisation citoyenne soit maximale \u00e0 l\u2019occasion de cette initiative\u00a0\u00bb, a conclu\u00a0Rima\u00a0Hassan\u00a0sur X.<\/p>\n<p class=\"asset asset-text\">En pleine intensification de sa campagne dans le territoire palestinien assi\u00e9g\u00e9, Isra\u00ebl a partiellement lev\u00e9 la semaine derni\u00e8re le blocus total de l\u2019aide \u00e0 Gaza impos\u00e9 depuis le 2\u00a0mars.<\/p>\n<p class=\"asset asset-text\">Mercredi soir, des milliers de Palestiniens affam\u00e9s ont pill\u00e9 un entrep\u00f4t du Programme alimentaire mondial (PAM).<\/p>\n<p class=\"asset asset-text\">La Maison blanche a annonc\u00e9 jeudi qu\u2019Isra\u00ebl avait accept\u00e9 la proposition de cessez-le-feu \u00e0 Gaza formul\u00e9e par le pr\u00e9sident am\u00e9ricain Donald Trump, tandis que les discussions se poursuivent avec le Hamas.<\/p>\n","protected":false},"excerpt":{"rendered":"GEOFFROY VAN DER HASSELT \/ AFP L\u2019eurod\u00e9put\u00e9e insoumise Rima Hassan photographi\u00e9e \u00e0 La Rotonde Stalingrad, au mois de&hellip;\n","protected":false},"author":2,"featured_media":137798,"comment_status":"","ping_status":"","sticky":false,"template":"","format":"standard","meta":{"footnotes":""},"categories":[2],"tags":[11,3259,1011,27,665,26418,12,316,25,15442],"class_list":{"0":"post-137797","1":"post","2":"type-post","3":"status-publish","4":"format-standard","5":"has-post-thumbnail","7":"category-actualites","8":"tag-actualites","9":"tag-conflit-israelo-palestinien","10":"tag-fr","11":"tag-france","12":"tag-gaza","13":"tag-greta-thunberg","14":"tag-news","15":"tag-politique","16":"tag-republique-francaise","17":"tag-rima-hassan"},"share_on_mastodon":{"url":"https:\/\/pubeurope.com\/@fr\/114593393785153104","error":""},"_links":{"self":[{"href":"https:\/\/www.europesays.com\/fr\/wp-json\/wp\/v2\/posts\/137797","targetHints":{"allow":["GET"]}}],"collection":[{"href":"https:\/\/www.europesays.com\/fr\/wp-json\/wp\/v2\/posts"}],"about":[{"href":"https:\/\/www.europesays.com\/fr\/wp-json\/wp\/v2\/types\/post"}],"author":[{"embeddable":true,"href":"https:\/\/www.europesays.com\/fr\/wp-json\/wp\/v2\/users\/2"}],"replies":[{"embeddable":true,"href":"https:\/\/www.europesays.com\/fr\/wp-json\/wp\/v2\/comments?post=137797"}],"version-history":[{"count":0,"href":"https:\/\/www.europesays.com\/fr\/wp-json\/wp\/v2\/posts\/137797\/revisions"}],"wp:featuredmedia":[{"embeddable":true,"href":"https:\/\/www.europesays.com\/fr\/wp-json\/wp\/v2\/media\/137798"}],"wp:attachment":[{"href":"https:\/\/www.europesays.com\/fr\/wp-json\/wp\/v2\/media?parent=137797"}],"wp:term":[{"taxonomy":"category","embeddable":true,"href":"https:\/\/www.europesays.com\/fr\/wp-json\/wp\/v2\/categories?post=137797"},{"taxonomy":"post_tag","embeddable":true,"href":"https:\/\/www.europesays.com\/fr\/wp-json\/wp\/v2\/tags?post=137797"}],"curies":[{"name":"wp","href":"https:\/\/api.w.org\/{rel}","templated":true}]}}