{"id":137804,"date":"2025-05-29T22:10:09","date_gmt":"2025-05-29T22:10:09","guid":{"rendered":"https:\/\/www.europesays.com\/fr\/137804\/"},"modified":"2025-05-29T22:10:09","modified_gmt":"2025-05-29T22:10:09","slug":"roland-garros-arthur-fils-fait-passer-un-message-avant-son-duel-contre-rublev-peut-etre-quandrey-va-demander-a-jouer-en-night-session-juste-pour-membeter-on-verra-selon-le-programme-mais-jes","status":"publish","type":"post","link":"https:\/\/www.europesays.com\/fr\/137804\/","title":{"rendered":"Roland Garros > Arthur Fils fait passer un message avant son duel contre Rublev : \u00ab\u00a0Peut-\u00eatre qu&rsquo;Andrey va demander \u00e0 jouer en night session juste pour m&#8217;emb\u00eater. On verra selon le programme, mais j&rsquo;esp\u00e8re jouer l&rsquo;apr\u00e8s-midi\u00a0\u00bb"},"content":{"rendered":"<p>Grand supporter du Paris\u2010Saint\u2010Germain et qualifi\u00e9 pour le troi\u00adsi\u00e8me tour de Roland\u2010Garros, Arthur Fils, oppos\u00e9 \u00e0 Andrey Rublev dans un choc du 3e tour, a de fortes chances d\u2019\u00eatre programm\u00e9 en session de nuit ce samedi, en m\u00eame temps que la finale de la Ligue des Champions entre son club de coeur et l\u2019Inter Milan.\u00a0<\/p>\n<p>S\u2019il se dit quand m\u00eame pr\u00eat \u00e0 jouer le soir, le Fran\u00e7ais a quand m\u00eame fait passer un petit messages aux orga\u00adni\u00adsa\u00adteurs en conf\u00e9\u00adrence de presse.<\/p>\n<p><strong>\u00ab\u202fJe pense que \u00e7a serait compliqu\u00e9 de prendre l\u2019avion. Je ne sais pas ce que \u2018Rublo\u2019 va demander, peut\u2010\u00eatre qu\u2019il va demander \u00e0 jouer en night session juste pour m\u2019emb\u00eater. Je plai\u00adsante, je ne sais pas, on verra selon le programme, mais j\u2019es\u00adp\u00e8re jouer l\u2019apr\u00e8s\u2010midi. Franchement, si je dois jouer en soir\u00e9e, je jouerai en soir\u00e9e, il n\u2019y a pas de souci. Je regar\u00adderai en replay. Mais, je taperai le premier qui me donne le\u00a0score.\u202f\u00bb<\/strong><\/p>\n<p class=\"post-published-date\" style=\"color: silver; font-size: 75%; text-align: left;\">Publi\u00e9 le jeudi 29 mai 2025 \u00e0 22:14<\/p>\n","protected":false},"excerpt":{"rendered":"Grand supporter du Paris\u2010Saint\u2010Germain et qualifi\u00e9 pour le troi\u00adsi\u00e8me tour de Roland\u2010Garros, Arthur Fils, oppos\u00e9 \u00e0 Andrey Rublev&hellip;\n","protected":false},"author":2,"featured_media":137805,"comment_status":"","ping_status":"","sticky":false,"template":"","format":"standard","meta":{"footnotes":""},"categories":[1415],"tags":[3768,1011,27,60,1467],"class_list":{"0":"post-137804","1":"post","2":"type-post","3":"status-publish","4":"format-standard","5":"has-post-thumbnail","7":"category-tennis","8":"tag-arthur-fils","9":"tag-fr","10":"tag-france","11":"tag-sports","12":"tag-tennis"},"share_on_mastodon":{"url":"https:\/\/pubeurope.com\/@fr\/114593413431229861","error":""},"_links":{"self":[{"href":"https:\/\/www.europesays.com\/fr\/wp-json\/wp\/v2\/posts\/137804","targetHints":{"allow":["GET"]}}],"collection":[{"href":"https:\/\/www.europesays.com\/fr\/wp-json\/wp\/v2\/posts"}],"about":[{"href":"https:\/\/www.europesays.com\/fr\/wp-json\/wp\/v2\/types\/post"}],"author":[{"embeddable":true,"href":"https:\/\/www.europesays.com\/fr\/wp-json\/wp\/v2\/users\/2"}],"replies":[{"embeddable":true,"href":"https:\/\/www.europesays.com\/fr\/wp-json\/wp\/v2\/comments?post=137804"}],"version-history":[{"count":0,"href":"https:\/\/www.europesays.com\/fr\/wp-json\/wp\/v2\/posts\/137804\/revisions"}],"wp:featuredmedia":[{"embeddable":true,"href":"https:\/\/www.europesays.com\/fr\/wp-json\/wp\/v2\/media\/137805"}],"wp:attachment":[{"href":"https:\/\/www.europesays.com\/fr\/wp-json\/wp\/v2\/media?parent=137804"}],"wp:term":[{"taxonomy":"category","embeddable":true,"href":"https:\/\/www.europesays.com\/fr\/wp-json\/wp\/v2\/categories?post=137804"},{"taxonomy":"post_tag","embeddable":true,"href":"https:\/\/www.europesays.com\/fr\/wp-json\/wp\/v2\/tags?post=137804"}],"curies":[{"name":"wp","href":"https:\/\/api.w.org\/{rel}","templated":true}]}}