{"id":137806,"date":"2025-05-29T22:11:08","date_gmt":"2025-05-29T22:11:08","guid":{"rendered":"https:\/\/www.europesays.com\/fr\/137806\/"},"modified":"2025-05-29T22:11:08","modified_gmt":"2025-05-29T22:11:08","slug":"budget-en-delibere-pour-les-beliers-de-kemper-aupres-de-la-ffbb-cest-la-procedure-normale-selon-le-president","status":"publish","type":"post","link":"https:\/\/www.europesays.com\/fr\/137806\/","title":{"rendered":"Budget en d\u00e9lib\u00e9r\u00e9 pour les B\u00e9liers de Kemper aupr\u00e8s de la FFBB\u00a0: \u00ab\u00a0C\u2019est la proc\u00e9dure normale\u00a0\u00bb selon le pr\u00e9sident"},"content":{"rendered":"<p>Un engagement pour la saison 2025-2026 mis en d\u00e9lib\u00e9r\u00e9. Comme pour neuf des 24 \u00e9quipes de Nationale 1 masculine, c\u2019est la d\u00e9cision qu\u2019a pris la Commission de contr\u00f4le et gestion de la f\u00e9d\u00e9ration fran\u00e7aise de basket (FFBB) \u00e0 l\u2019encontre des B\u00e9liers de Kemper apr\u00e8s audition des budgets.<\/p>\n<p>\u00ab\u00a0C\u2019est la proc\u00e9dure normale, car le fait d\u2019\u00eatre \u00e9limin\u00e9s des play-offs d\u00e8s les quarts de finale impacte le budget initialement pr\u00e9vu. On va donc pr\u00e9senter des \u00e9l\u00e9ments compl\u00e9mentaires \u00e0 notre budget d\u00e9but juin \u00e0 la f\u00e9d\u00e9ration, puis le 12 juin, on pr\u00e9sentera ce m\u00eame budget dans un format diff\u00e9rent \u00e0 la ligue nationale de basket qui g\u00e8re la Pro B\u00a0\u00bb, indique le pr\u00e9sident des B\u00e9liers de Kemper Bernard Kervarec.<\/p>\n","protected":false},"excerpt":{"rendered":"Un engagement pour la saison 2025-2026 mis en d\u00e9lib\u00e9r\u00e9. Comme pour neuf des 24 \u00e9quipes de Nationale 1&hellip;\n","protected":false},"author":2,"featured_media":137807,"comment_status":"","ping_status":"","sticky":false,"template":"","format":"standard","meta":{"footnotes":""},"categories":[1414],"tags":[1465,1464,26419,1011,27,2185,3319,60],"class_list":{"0":"post-137806","1":"post","2":"type-post","3":"status-publish","4":"format-standard","5":"has-post-thumbnail","7":"category-basket","8":"tag-basket","9":"tag-basketball","10":"tag-beliers-de-kemper","11":"tag-fr","12":"tag-france","13":"tag-pro-b","14":"tag-quimper","15":"tag-sports"},"share_on_mastodon":{"url":"https:\/\/pubeurope.com\/@fr\/114593417440671123","error":""},"_links":{"self":[{"href":"https:\/\/www.europesays.com\/fr\/wp-json\/wp\/v2\/posts\/137806","targetHints":{"allow":["GET"]}}],"collection":[{"href":"https:\/\/www.europesays.com\/fr\/wp-json\/wp\/v2\/posts"}],"about":[{"href":"https:\/\/www.europesays.com\/fr\/wp-json\/wp\/v2\/types\/post"}],"author":[{"embeddable":true,"href":"https:\/\/www.europesays.com\/fr\/wp-json\/wp\/v2\/users\/2"}],"replies":[{"embeddable":true,"href":"https:\/\/www.europesays.com\/fr\/wp-json\/wp\/v2\/comments?post=137806"}],"version-history":[{"count":0,"href":"https:\/\/www.europesays.com\/fr\/wp-json\/wp\/v2\/posts\/137806\/revisions"}],"wp:featuredmedia":[{"embeddable":true,"href":"https:\/\/www.europesays.com\/fr\/wp-json\/wp\/v2\/media\/137807"}],"wp:attachment":[{"href":"https:\/\/www.europesays.com\/fr\/wp-json\/wp\/v2\/media?parent=137806"}],"wp:term":[{"taxonomy":"category","embeddable":true,"href":"https:\/\/www.europesays.com\/fr\/wp-json\/wp\/v2\/categories?post=137806"},{"taxonomy":"post_tag","embeddable":true,"href":"https:\/\/www.europesays.com\/fr\/wp-json\/wp\/v2\/tags?post=137806"}],"curies":[{"name":"wp","href":"https:\/\/api.w.org\/{rel}","templated":true}]}}